{"id":78853,"date":"2024-11-05T22:45:50","date_gmt":"2024-11-06T01:45:50","guid":{"rendered":"https:\/\/vocesparalelas.com.ar\/sitio\/?p=78853"},"modified":"2024-11-07T00:08:19","modified_gmt":"2024-11-07T03:08:19","slug":"3o-jornada-de-investigacion-y-extension-de-la-faud-de-la-unsj","status":"publish","type":"post","link":"https:\/\/vocesparalelas.com.ar\/sitio\/3o-jornada-de-investigacion-y-extension-de-la-faud-de-la-unsj\/","title":{"rendered":"3\u00ba Jornada de Investigaci\u00f3n y Extensi\u00f3n de la FAUD de la UNSJ"},"content":{"rendered":"<p>La Facultad de Arquitectura, Urbanismo y Dise\u00f1o de la Universidad Nacional de San Juan invita a la comunidad a participar de las 3\u00ba Jornada de Investigaci\u00f3n y Extensi\u00f3n &#8211; JIE, el Viernes, 8 de Noviembre, en el comedor \u201cJuan Guti\u00e9rrez\u201d del CUIM de la UNSJ, Departamento Rivadavia.<\/p>\n<p>Enmarcadas bajo el lema \u201cSaberes y Pr\u00e1cticas FAUD &#8211; Un encuentro con la comunidad\u201d, en esta tercera edici\u00f3n se propone que las mismas adquieran un car\u00e1cter de \u201cForo &amp; Feria\u201d que contribuya al encuentro entre la comunidad de la FAUD y la ciudadan\u00eda en general.<\/p>\n<p>Organizadas por la Secretar\u00eda de Investigaci\u00f3n y Creaci\u00f3n, y la Secretar\u00eda de Extensi\u00f3n Universitaria de la FAUD, las 3\u00ba JIE tienen como objetivo general socializar, a distintos niveles, las experiencias de investigaci\u00f3n y extensi\u00f3n generadas en la FAUD, en un ambiente informal y amigable. Las actividades previstas contemplan instancias de socializaci\u00f3n a trav\u00e9s de exposiciones con stand, rondas de especialistas y talleres abiertos de intervenci\u00f3n.<\/p>\n<p>Esta actividad est\u00e1 destinada al p\u00fablico en general y su participaci\u00f3n en el evento es libre y gratuita. Se espera la visita de estudiantes de escuelas de San Juan, fomentando un acercamiento temprano al quehacer universitario.<\/p>\n<p><span style=\"color: #ff6600;\"><strong>Talleres<\/strong><\/span><\/p>\n<ul>\n<li><strong><span style=\"color: #ff6600;\">Inteligencia artificial para dise\u00f1ar tu ciudad<\/span><\/strong><br \/>\n\u00b7 Desplazamientos sostenibles: conectando la f\u00edsica con el entorno<br \/>\n\u00b7 Inmersi\u00f3n crom\u00e1tica.<br \/>\n\u00b7 Ciudades sostenibles e inclusivas.<br \/>\n\u00b7 Pinturas de tierra.<br \/>\n\u00b7 Identificando vulnerabilidades edilicias.<br \/>\n\u00b7 Experimentando con b\u00f3vedas.<br \/>\n\u00b7 Explorando juntos la matem\u00e1tica y la geometr\u00eda en la FAUD.<\/li>\n<\/ul>\n<p><span style=\"color: #ff6600;\"><strong>Rondas de especialistas<\/strong><\/span><\/p>\n<ul>\n<li><strong><span style=\"color: #ff6600;\">Sellos diferenciadores-agroindustria &#8211; dise\u00f1o &#8211; identidad cultural<\/span><\/strong><br \/>\n\u00b7 Realidad aumentada e IA en una App para visualizar vulnerabilidades s\u00edsmicas.<br \/>\n\u00b7 La fisiolog\u00eda de las emociones y su relaci\u00f3n con la arquitectura y el dise\u00f1o.<br \/>\n\u00b7 Turismo sin barreras: Accesibilidad e innovaci\u00f3n.<br \/>\n\u00b7 Dificultades vinculadas al desarrollo de relaciones conceptuales entre diferentes fuentes de investigaci\u00f3n, y su aporte a la interpretaci\u00f3n sensible.<\/li>\n<\/ul>\n<p><strong><span style=\"color: #ff6600;\">Stands<\/span><\/strong><\/p>\n<ul>\n<li>Mapeando los territorios periurbanos del AMSJ.<\/li>\n<li>Un s\u00edmbolo en la historia sanjuanina.<\/li>\n<li>Vacuola &#8211; experiencia proyectual sustentable.<\/li>\n<li>Paisaje cultural sostenible.<\/li>\n<li>\u00bfDise\u00f1o para qui\u00e9n? El androcentrismo en el dise\u00f1o.<\/li>\n<li>Vivienda rural andina. Practicas dom\u00e9sticas.<\/li>\n<li>Construyendo con-ciencia: innovaci\u00f3n tecnol\u00f3gica frente al riesgo s\u00edsmico.<\/li>\n<li>Arquitectura ambiental &#8211; Instrumental de medici\u00f3n.<\/li>\n<li>Acci\u00f3n Femiteca.<\/li>\n<li>Museo con-ciencia.<\/li>\n<li>Neuroarquitectura en RVI.<\/li>\n<li>Sustentabilidad y eficiencia energ\u00e9tica en edificios.<\/li>\n<li>Mi ciudad educadora por y para todos.<\/li>\n<li>Innovaci\u00f3n social- pr\u00e1ctica proyectual y territorio.<\/li>\n<li>Vegetaci\u00f3n nativa y riesgo aluvional.<\/li>\n<li>La seguridad en el espacio p\u00fablico.<\/li>\n<li>Arquitectura y Naturaleza: Recorrido anal\u00f3gico por intervenciones proyectuales en contexto \u00e1rido de monta\u00f1a.<\/li>\n<li>Cultura inclusiva.<\/li>\n<li>Patrimonio agroindustrial.<\/li>\n<li>Arquitecturas evidentes.<\/li>\n<li>\u00c1rea de Materialidad.<\/li>\n<li>Pensar la forma desde el territorio.<\/li>\n<li>BIM en la arquitectura.<\/li>\n<li>Dise\u00f1o y tecnolog\u00eda: Creando en la era 4.0<\/li>\n<li>Reflexiones sobre la preservaci\u00f3n de datos primarios: el caso de la lengua tapiete<\/li>\n<li>Debates entre el enfoque pedag\u00f3gico y las pr\u00e1cticas socioeducativas en Introducci\u00f3n al Urbanismo<\/li>\n<\/ul>\n<figure id=\"attachment_59382\" aria-describedby=\"caption-attachment-59382\" style=\"width: 800px\" class=\"wp-caption alignnone\"><img loading=\"lazy\" decoding=\"async\" class=\"size-full wp-image-59382\" src=\"https:\/\/vocesparalelas.com.ar\/sitio\/wp-content\/uploads\/2023\/05\/FAUD-EDIFICIO-01.jpg\" alt=\"\" width=\"800\" height=\"600\" srcset=\"https:\/\/vocesparalelas.com.ar\/sitio\/wp-content\/uploads\/2023\/05\/FAUD-EDIFICIO-01.jpg 800w, https:\/\/vocesparalelas.com.ar\/sitio\/wp-content\/uploads\/2023\/05\/FAUD-EDIFICIO-01-300x225.jpg 300w, https:\/\/vocesparalelas.com.ar\/sitio\/wp-content\/uploads\/2023\/05\/FAUD-EDIFICIO-01-768x576.jpg 768w\" sizes=\"auto, (max-width: 800px) 100vw, 800px\" \/><figcaption id=\"caption-attachment-59382\" class=\"wp-caption-text\">Facultad de Arquitectura, Urbanismo y Dise\u00f1o de la Universidad Nacional de San Juan, Rep\u00fablica Argentina<\/figcaption><\/figure>\n","protected":false},"excerpt":{"rendered":"<p>La Facultad de Arquitectura, Urbanismo y Dise\u00f1o de la Universidad Nacional de San Juan invita a la comunidad a participar<\/p>\n","protected":false},"author":3,"featured_media":43789,"comment_status":"closed","ping_status":"closed","sticky":false,"template":"","format":"standard","meta":{"_acf_changed":false,"_seopress_robots_primary_cat":"none","_seopress_titles_title":"","_seopress_titles_desc":"","_seopress_robots_index":"","colormag_page_container_layout":"default_layout","colormag_page_sidebar_layout":"default_layout","footnotes":""},"categories":[15],"tags":[],"class_list":["post-78853","post","type-post","status-publish","format-standard","has-post-thumbnail","hentry","category-posgrados"],"acf":[],"_links":{"self":[{"href":"https:\/\/vocesparalelas.com.ar\/sitio\/wp-json\/wp\/v2\/posts\/78853","targetHints":{"allow":["GET"]}}],"collection":[{"href":"https:\/\/vocesparalelas.com.ar\/sitio\/wp-json\/wp\/v2\/posts"}],"about":[{"href":"https:\/\/vocesparalelas.com.ar\/sitio\/wp-json\/wp\/v2\/types\/post"}],"author":[{"embeddable":true,"href":"https:\/\/vocesparalelas.com.ar\/sitio\/wp-json\/wp\/v2\/users\/3"}],"replies":[{"embeddable":true,"href":"https:\/\/vocesparalelas.com.ar\/sitio\/wp-json\/wp\/v2\/comments?post=78853"}],"version-history":[{"count":1,"href":"https:\/\/vocesparalelas.com.ar\/sitio\/wp-json\/wp\/v2\/posts\/78853\/revisions"}],"predecessor-version":[{"id":78856,"href":"https:\/\/vocesparalelas.com.ar\/sitio\/wp-json\/wp\/v2\/posts\/78853\/revisions\/78856"}],"wp:featuredmedia":[{"embeddable":true,"href":"https:\/\/vocesparalelas.com.ar\/sitio\/wp-json\/wp\/v2\/media\/43789"}],"wp:attachment":[{"href":"https:\/\/vocesparalelas.com.ar\/sitio\/wp-json\/wp\/v2\/media?parent=78853"}],"wp:term":[{"taxonomy":"category","embeddable":true,"href":"https:\/\/vocesparalelas.com.ar\/sitio\/wp-json\/wp\/v2\/categories?post=78853"},{"taxonomy":"post_tag","embeddable":true,"href":"https:\/\/vocesparalelas.com.ar\/sitio\/wp-json\/wp\/v2\/tags?post=78853"}],"curies":[{"name":"wp","href":"https:\/\/api.w.org\/{rel}","templated":true}]}}