{"id":78848,"date":"2024-11-05T21:10:05","date_gmt":"2024-11-06T00:10:05","guid":{"rendered":"https:\/\/vocesparalelas.com.ar\/sitio\/?p=78848"},"modified":"2024-11-06T22:09:03","modified_gmt":"2024-11-07T01:09:03","slug":"concierto-brass-jazz-y-mas-del-quinteto-de-bronce-cuyobrass-en-el-chalet-cantoni-en-san-juan","status":"publish","type":"post","link":"https:\/\/vocesparalelas.com.ar\/sitio\/concierto-brass-jazz-y-mas-del-quinteto-de-bronce-cuyobrass-en-el-chalet-cantoni-en-san-juan\/","title":{"rendered":"Concierto \u201cBrass, Jazz y m\u00e1s\u201d del Quinteto de Bronce Cuyobrass en el Chalet Cantoni en San Juan"},"content":{"rendered":"<p>\u201cBrass, Jazz y m\u00e1s\u201d es un concierto donde el Quinteto de Bronce Cuyobrass, formado por m\u00fasicos de la Orquesta Sinf\u00f3nica de la Universidad Nacional de San Juan.<\/p>\n<p><span style=\"color: #ff6600;\"><strong>Integrantes<\/strong><\/span><\/p>\n<ul>\n<li>Fernando Naser,<\/li>\n<li>Javier Conturzo,<\/li>\n<li>Paolo Correa,<\/li>\n<li>Melissa S\u00e1nchez y<\/li>\n<li>Franklin Romero,<\/li>\n<\/ul>\n<p>Ellos salen del margen cl\u00e1sico y entran en diversos estilos del Jazz, Dixie, Pop y m\u00fasica Latinoamericana.<\/p>\n<p>El recorrido musical resalta la versatilidad de la familia de los bronces dentro del repertorio de la banda, mostrando la riqueza y diversidad de sonidos que estos instrumentos pueden ofrecer. Las obras y arreglos est\u00e1n especialmente compuestos para un conjunto de dos trompetas, un corno, y un tromb\u00f3n bajo. El corno, un instrumento de viento-metal con un car\u00e1cter sumamente adaptable, tiene la capacidad de emitir tanto sonidos suaves y dulces como tonos m\u00e1s \u00e1speros y potentes, contribuyendo con una amplia gama de colores musicales. A su vez, el tromb\u00f3n bajo aporta profundidad y fuerza al conjunto, creando una experiencia sonora completa y din\u00e1mica para el p\u00fablico.<\/p>\n<p>Cabe destacar que la finalidad de este concierto es invitar a los sanjuaninos a conocer y encontrarse con el bello arte de la m\u00fasica de c\u00e1mara, en la familia de los vientos\/metal y tambi\u00e9n hacer un aporte solidario para la \u201cFundaci\u00f3n Patitas Sin Hogar\u201d, que tiene la gran labor de ayudar a los animales en situaci\u00f3n de calle.<\/p>\n<p>El evento se desarrolla el Domingo, 10 de Noviembre, a las 20 hs.; en el Chalet Cantoni, Casa Cultural.<\/p>\n<p><strong><span style=\"color: #ff6600;\">Entrada solidaria<\/span><\/strong><\/p>\n<ul>\n<li>El valor del bono contribuci\u00f3n es de $3.500.<\/li>\n<li>Para reservar el lugar se puede hacer la al 2645204850<\/li>\n<li>o\u00a0<a href=\"https:\/\/wa.link\/sdgnfu\">https:\/\/wa.link\/sdgnfu<\/a><\/li>\n<\/ul>\n<p>Un dato a tener en cuenta es que el dinero recaudado se destina a la Fundaci\u00f3n Patitas.<\/p>\n<p><span style=\"color: #ff6600;\"><strong>Para conocer m\u00e1s sobre la ONG\u00a0<\/strong><\/span><\/p>\n<p><a href=\"https:\/\/www.instagram.com\/patitas.sin.hogar?igsh=NGhyM2Y3ZjNyY2E3\">https:\/\/www.instagram.com\/patitas.sin.hogar?igsh=NGhyM2Y3ZjNyY2E3<\/a><\/p>\n<p>&nbsp;<\/p>\n<p><img loading=\"lazy\" decoding=\"async\" class=\"alignnone size-full wp-image-77863\" src=\"https:\/\/vocesparalelas.com.ar\/sitio\/wp-content\/uploads\/2024\/10\/CHALET-CANTONI-NUEVO.jpg\" alt=\"\" width=\"800\" height=\"533\" srcset=\"https:\/\/vocesparalelas.com.ar\/sitio\/wp-content\/uploads\/2024\/10\/CHALET-CANTONI-NUEVO.jpg 800w, https:\/\/vocesparalelas.com.ar\/sitio\/wp-content\/uploads\/2024\/10\/CHALET-CANTONI-NUEVO-300x200.jpg 300w, https:\/\/vocesparalelas.com.ar\/sitio\/wp-content\/uploads\/2024\/10\/CHALET-CANTONI-NUEVO-768x512.jpg 768w\" sizes=\"auto, (max-width: 800px) 100vw, 800px\" \/><\/p>\n","protected":false},"excerpt":{"rendered":"<p>\u201cBrass, Jazz y m\u00e1s\u201d es un concierto donde el Quinteto de Bronce Cuyobrass, formado por m\u00fasicos de la Orquesta Sinf\u00f3nica<\/p>\n","protected":false},"author":3,"featured_media":78851,"comment_status":"closed","ping_status":"closed","sticky":false,"template":"","format":"standard","meta":{"_acf_changed":false,"_seopress_robots_primary_cat":"none","_seopress_titles_title":"","_seopress_titles_desc":"","_seopress_robots_index":"","colormag_page_container_layout":"default_layout","colormag_page_sidebar_layout":"default_layout","footnotes":""},"categories":[20],"tags":[],"class_list":["post-78848","post","type-post","status-publish","format-standard","has-post-thumbnail","hentry","category-cartelera"],"acf":[],"_links":{"self":[{"href":"https:\/\/vocesparalelas.com.ar\/sitio\/wp-json\/wp\/v2\/posts\/78848","targetHints":{"allow":["GET"]}}],"collection":[{"href":"https:\/\/vocesparalelas.com.ar\/sitio\/wp-json\/wp\/v2\/posts"}],"about":[{"href":"https:\/\/vocesparalelas.com.ar\/sitio\/wp-json\/wp\/v2\/types\/post"}],"author":[{"embeddable":true,"href":"https:\/\/vocesparalelas.com.ar\/sitio\/wp-json\/wp\/v2\/users\/3"}],"replies":[{"embeddable":true,"href":"https:\/\/vocesparalelas.com.ar\/sitio\/wp-json\/wp\/v2\/comments?post=78848"}],"version-history":[{"count":1,"href":"https:\/\/vocesparalelas.com.ar\/sitio\/wp-json\/wp\/v2\/posts\/78848\/revisions"}],"predecessor-version":[{"id":78852,"href":"https:\/\/vocesparalelas.com.ar\/sitio\/wp-json\/wp\/v2\/posts\/78848\/revisions\/78852"}],"wp:featuredmedia":[{"embeddable":true,"href":"https:\/\/vocesparalelas.com.ar\/sitio\/wp-json\/wp\/v2\/media\/78851"}],"wp:attachment":[{"href":"https:\/\/vocesparalelas.com.ar\/sitio\/wp-json\/wp\/v2\/media?parent=78848"}],"wp:term":[{"taxonomy":"category","embeddable":true,"href":"https:\/\/vocesparalelas.com.ar\/sitio\/wp-json\/wp\/v2\/categories?post=78848"},{"taxonomy":"post_tag","embeddable":true,"href":"https:\/\/vocesparalelas.com.ar\/sitio\/wp-json\/wp\/v2\/tags?post=78848"}],"curies":[{"name":"wp","href":"https:\/\/api.w.org\/{rel}","templated":true}]}}