{"id":78800,"date":"2024-11-04T21:39:21","date_gmt":"2024-11-05T00:39:21","guid":{"rendered":"https:\/\/vocesparalelas.com.ar\/sitio\/?p=78800"},"modified":"2024-11-06T00:52:36","modified_gmt":"2024-11-06T03:52:36","slug":"mas-sedes-para-el-fortalecimiento-escolar-gratuito-en-san-juan","status":"publish","type":"post","link":"https:\/\/vocesparalelas.com.ar\/sitio\/mas-sedes-para-el-fortalecimiento-escolar-gratuito-en-san-juan\/","title":{"rendered":"M\u00e1s sedes para el Fortalecimiento Escolar Gratuito en San Juan"},"content":{"rendered":"<p>El Fortalecimiento Escolar Gratuito, acci\u00f3n enmarcada en el Plan Jurisdiccional de Alfabetizaci\u00f3n \u00abComprendo y Aprendo\u00bb implementado por el Ministerio de Educaci\u00f3n del Gobierno de San Juan, incorpora una nueva sede en el departamento Pocito.<\/p>\n<p>Se trata del Colegio Secundario Froil\u00e1n Ferrero, en el que antes de fin de mes comienza a brindar clases de apoyo escolar y desde el Martes, 5 de Noviembre reciben las inscripciones para estudiantes de nivel secundario, tanto de gesti\u00f3n privada como estatal, 17 a\u00f1os cumplidos hasta diciembre de 2024.<\/p>\n<p>El mes pasado fue lanzada la acci\u00f3n de Fortalecimiento Escolar Gratuito y empez\u00f3 funcionar en siete sedes, ubicadas en Capital, Santa Luc\u00eda, Chimbas y Rawson. El octavo punto ser\u00e1 ahora el Colegio Secundario Froil\u00e1n Ferrero, de Pocito, cumpliendo paulatinamente con los lugares que sean necesarios y siguiendo las directivas de la ministra de Educaci\u00f3n, Silvia Fuentes, para que el apoyo escolar llegue a la mayor cantidad posible de estudiantes que lo requieran.<\/p>\n<p>Esta escuela est\u00e1 ubicada en calle Furque, entre Santa Mar\u00eda de Oro y Pic\u00f3n, Villa Aberastain. Las inscripciones para acceder al apoyo escolar gratuito se recibir\u00e1n los d\u00edas martes 5 y 12 de noviembre y los jueves 7 y 14 de noviembre, de 18,30 a 20.<\/p>\n<p>Los requisitos son: fotocopia de la partida de nacimiento del menor y fotocopia del DNI del progenitor\/tutor y del menor.<\/p>\n<p>Si bien resta confirmaci\u00f3n, el objetivo es que las clases de apoyo comiencen a brindarse desde el 19 de noviembre, los martes y jueves de 19 a 20,30.<\/p>\n<p>En tanto, los interesados tambi\u00e9n pueden inscribirse en la sede central de Conectar Lab, en Las Heras y Alberdi, Capital, de lunes a viernes de 9 a 16,30.<\/p>\n<p>El Fortalecimiento Escolar Gratuito est\u00e1 destinado a estudiantes de primaria y secundaria en \u00e1reas clave como lengua, matem\u00e1tica, ingl\u00e9s, f\u00edsica y qu\u00edmica.<\/p>\n<p><strong><span style=\"color: #ff6600;\">Otras sedes<\/span><\/strong><\/p>\n<p><strong><span style=\"color: #ff6600;\">Sede Central &#8211; Conectar Lab &#8211; Departamento Capital<\/span><\/strong><\/p>\n<ul>\n<li>Nivel Primario y Secundario<\/li>\n<li>Domicilio: Las Heras (N) y Alberdi<\/li>\n<li>Tel\u00e9fono: 2644302269<\/li>\n<li>Horario: 9:00 a 16:30<\/li>\n<li>email:\u00a0<span id=\"cloakb10ac68c5fb288d8289d87adde1fd49c\"><a href=\"mailto:sedecentralapoyoescolar@gmail.com\">sedecentralapoyoescolar@gmail.com<\/a><\/span><\/li>\n<\/ul>\n<p><span style=\"color: #ff6600;\"><strong>Sede 1 &#8211; Departamento Santa Luc\u00eda<\/strong><\/span><\/p>\n<ul>\n<li>Nivel Primario: Escuela Amable Jones<\/li>\n<li>Domicilio: Esquiu 1402 (B\u00ba Kennedy)<\/li>\n<li>Tel\u00e9fono: 2644302269<\/li>\n<li>Horario: 18:00 a 19:30<\/li>\n<li>email:\u00a0<span id=\"cloak2a2e442f79981bb93907429638f45315\"><a href=\"mailto:sede1apoyoescolarslp@gmail.com\">sede1apoyoescolarslp@gmail.com<\/a><\/span><\/li>\n<\/ul>\n<p><strong><span style=\"color: #ff6600;\">Sede 2 &#8211; Departamento Santa Luc\u00eda<\/span><\/strong><\/p>\n<ul>\n<li>Nivel Secundario: Escuela Necochea (Paredes)<\/li>\n<li>Domicilio: Balet S\/N<\/li>\n<li>Tel\u00e9fono: 2644302269<\/li>\n<li>Horario: 18:00 a 19:30<\/li>\n<li>email:\u00a0<span id=\"cloakfd388c8ec675f8486eb59fdae479fa59\"><a href=\"mailto:sede2apoyoescolarsls@gmail.com\">sede2apoyoescolarsls@gmail.com<\/a><\/span><\/li>\n<\/ul>\n<p><span style=\"color: #ff6600;\"><strong>Sede 3 &#8211; Departamento Rawson<\/strong><\/span><\/p>\n<ul>\n<li>Nivel Primario: Escuela San Juan Eudes<\/li>\n<li>Domicilio: Bah\u00eda Blanca S\/N y Derqui<\/li>\n<li>Tel\u00e9fono: 2644302269<\/li>\n<li>Horario: 17:30 a 19:00<\/li>\n<li>email:\u00a0<span id=\"cloak5fbcfed0778bb54722878161762e36db\"><a href=\"mailto:sede3apoyoescolarrap@gmail.com\">sede3apoyoescolarrap@gmail.com<\/a><\/span><\/li>\n<\/ul>\n<p><span style=\"color: #ff6600;\"><strong>Sede 4 &#8211; Departamento Rawson<\/strong><\/span><\/p>\n<ul>\n<li>Nivel Secundario: Escuela Juan XXIII<\/li>\n<li>Domicilio: Almafuerte 815 (O)<\/li>\n<li>Tel\u00e9fono: 2644302269<\/li>\n<li>Horario: 18:30 a 20:00<\/li>\n<li>email:\u00a0<span id=\"cloak0c64ac54b9faddca6fbdb9c5afebc7b6\"><a href=\"mailto:sede4apoyoescolarras@gmail.com\">sede4apoyoescolarras@gmail.com<\/a><\/span><\/li>\n<\/ul>\n<p><span style=\"color: #ff6600;\"><strong>Sede 5 &#8211; Departamento Chimbas<\/strong><\/span><\/p>\n<ul>\n<li>Nivel Primario: Escuela Salvador Mar\u00eda del Carril<\/li>\n<li>Domicilio: Gral. Urquiza 321 (N)<\/li>\n<li>Tel\u00e9fono: 2644302269<\/li>\n<li>Horario: 18:30 a 20:00<\/li>\n<li>email:\u00a0<span id=\"cloak8b75310bd35b532169d1ce27125eb6bd\"><a href=\"mailto:sede5apoyoescolarchp@gmail.com\">sede5apoyoescolarchp@gmail.com<\/a><\/span><\/li>\n<\/ul>\n<p><strong><span style=\"color: #ff6600;\">Sede 6 &#8211; Departamento Chimbas<\/span><\/strong><\/p>\n<ul>\n<li>Nivel Secundario: Escuela Jorge Luis Borges<\/li>\n<li>Domicilio: L\u00f3pez Mansilla S\/N<\/li>\n<li>Tel\u00e9fono: 2644302269<\/li>\n<li>Horario: 18:30 a 20:00<\/li>\n<li>email:\u00a0<span id=\"cloak9ce36d75b63837272ead818e6dac7edb\"><a href=\"mailto:sede6apoyoescolarchs@gmail.com\">sede6apoyoescolarchs@gmail.com<\/a><\/span><\/li>\n<\/ul>\n","protected":false},"excerpt":{"rendered":"<p>El Fortalecimiento Escolar Gratuito, acci\u00f3n enmarcada en el Plan Jurisdiccional de Alfabetizaci\u00f3n \u00abComprendo y Aprendo\u00bb implementado por el Ministerio de<\/p>\n","protected":false},"author":3,"featured_media":68997,"comment_status":"closed","ping_status":"closed","sticky":false,"template":"","format":"standard","meta":{"_acf_changed":false,"_seopress_robots_primary_cat":"none","_seopress_titles_title":"","_seopress_titles_desc":"","_seopress_robots_index":"","colormag_page_container_layout":"default_layout","colormag_page_sidebar_layout":"default_layout","footnotes":""},"categories":[9],"tags":[],"class_list":["post-78800","post","type-post","status-publish","format-standard","has-post-thumbnail","hentry","category-cursos"],"acf":[],"_links":{"self":[{"href":"https:\/\/vocesparalelas.com.ar\/sitio\/wp-json\/wp\/v2\/posts\/78800","targetHints":{"allow":["GET"]}}],"collection":[{"href":"https:\/\/vocesparalelas.com.ar\/sitio\/wp-json\/wp\/v2\/posts"}],"about":[{"href":"https:\/\/vocesparalelas.com.ar\/sitio\/wp-json\/wp\/v2\/types\/post"}],"author":[{"embeddable":true,"href":"https:\/\/vocesparalelas.com.ar\/sitio\/wp-json\/wp\/v2\/users\/3"}],"replies":[{"embeddable":true,"href":"https:\/\/vocesparalelas.com.ar\/sitio\/wp-json\/wp\/v2\/comments?post=78800"}],"version-history":[{"count":1,"href":"https:\/\/vocesparalelas.com.ar\/sitio\/wp-json\/wp\/v2\/posts\/78800\/revisions"}],"predecessor-version":[{"id":78803,"href":"https:\/\/vocesparalelas.com.ar\/sitio\/wp-json\/wp\/v2\/posts\/78800\/revisions\/78803"}],"wp:featuredmedia":[{"embeddable":true,"href":"https:\/\/vocesparalelas.com.ar\/sitio\/wp-json\/wp\/v2\/media\/68997"}],"wp:attachment":[{"href":"https:\/\/vocesparalelas.com.ar\/sitio\/wp-json\/wp\/v2\/media?parent=78800"}],"wp:term":[{"taxonomy":"category","embeddable":true,"href":"https:\/\/vocesparalelas.com.ar\/sitio\/wp-json\/wp\/v2\/categories?post=78800"},{"taxonomy":"post_tag","embeddable":true,"href":"https:\/\/vocesparalelas.com.ar\/sitio\/wp-json\/wp\/v2\/tags?post=78800"}],"curies":[{"name":"wp","href":"https:\/\/api.w.org\/{rel}","templated":true}]}}