{"id":78757,"date":"2024-11-02T18:55:13","date_gmt":"2024-11-02T21:55:13","guid":{"rendered":"https:\/\/vocesparalelas.com.ar\/sitio\/?p=78757"},"modified":"2024-11-04T23:42:34","modified_gmt":"2024-11-05T02:42:34","slug":"ciclo-de-solistas-escuchame-una-cosita-noviembre-de-cumpleanos-en-san-juan","status":"publish","type":"post","link":"https:\/\/vocesparalelas.com.ar\/sitio\/ciclo-de-solistas-escuchame-una-cosita-noviembre-de-cumpleanos-en-san-juan\/","title":{"rendered":"Ciclo de Solistas Escuchame una cosita \u00abNoviembre de cumplea\u00f1os\u00bb en San Juan"},"content":{"rendered":"<p>El Ciclo de Solistas \u00abEscuchame una cosita\u00bb celebra 4 a\u00f1os de vida, con m\u00e1s de 150 m\u00fasicos solistas y casi 200 conciertos en Donata del Desierto, Av. Libertador 3311 &#8211; O &#8211; Departamento Rivadavia, en San Juan.<\/p>\n<p>Sum\u00e9rgete en las tendencias musicales m\u00e1s frescas mientras disfrutas de las exquisitas cervezas artesanales. Cada domingo a las 20 hs.<\/p>\n<p>Con el encanto de las melod\u00edas envolviendo el ambiente, te invita a vivir noches inolvidables llenas de buena m\u00fasica.<\/p>\n<p>Entrada libre y gratuita.<\/p>\n<p><strong><span style=\"color: #ff6600;\">Programa \u00abNoviembre 2024\u00bb<\/span><\/strong><\/p>\n<p>Domingo, 03 de Noviembre, a las 20 hs.; Bhae &amp; Fabricio Montilla<br \/>\nDomingo, 10 de Noviembre, a las 20 hs.; Ceci Tejada &amp; Tom\u00e1s Gim\u00e9nez<br \/>\nDomingo, 17 de Noviembre, a las 20 hs.; Dosis y Mateo Arrieta<br \/>\nDomingo, 24 de Noviembre, a las 20 hs.; Carla Rash &amp; Lucas Atencio<\/p>\n<p>Curadur\u00eda y producci\u00f3n del ciclo: Fabricio Montilla<\/p>\n<p>#CicloDeSolistas #M\u00fasicaEnVivo #DonataDelDesierto #EscuchameUnaCosita #BuenaVibra<\/p>\n<p>&nbsp;<\/p>\n<p><img loading=\"lazy\" decoding=\"async\" class=\"alignnone size-full wp-image-59803\" src=\"https:\/\/vocesparalelas.com.ar\/sitio\/wp-content\/uploads\/2023\/06\/DONATA-01.jpg\" alt=\"\" width=\"800\" height=\"757\" srcset=\"https:\/\/vocesparalelas.com.ar\/sitio\/wp-content\/uploads\/2023\/06\/DONATA-01.jpg 800w, https:\/\/vocesparalelas.com.ar\/sitio\/wp-content\/uploads\/2023\/06\/DONATA-01-300x284.jpg 300w, https:\/\/vocesparalelas.com.ar\/sitio\/wp-content\/uploads\/2023\/06\/DONATA-01-768x727.jpg 768w\" sizes=\"auto, (max-width: 800px) 100vw, 800px\" \/><\/p>\n","protected":false},"excerpt":{"rendered":"<p>El Ciclo de Solistas \u00abEscuchame una cosita\u00bb celebra 4 a\u00f1os de vida, con m\u00e1s de 150 m\u00fasicos solistas y casi<\/p>\n","protected":false},"author":3,"featured_media":78760,"comment_status":"closed","ping_status":"closed","sticky":false,"template":"","format":"standard","meta":{"_acf_changed":false,"_seopress_robots_primary_cat":"none","_seopress_titles_title":"","_seopress_titles_desc":"","_seopress_robots_index":"","colormag_page_container_layout":"default_layout","colormag_page_sidebar_layout":"default_layout","footnotes":""},"categories":[20],"tags":[],"class_list":["post-78757","post","type-post","status-publish","format-standard","has-post-thumbnail","hentry","category-cartelera"],"acf":[],"_links":{"self":[{"href":"https:\/\/vocesparalelas.com.ar\/sitio\/wp-json\/wp\/v2\/posts\/78757","targetHints":{"allow":["GET"]}}],"collection":[{"href":"https:\/\/vocesparalelas.com.ar\/sitio\/wp-json\/wp\/v2\/posts"}],"about":[{"href":"https:\/\/vocesparalelas.com.ar\/sitio\/wp-json\/wp\/v2\/types\/post"}],"author":[{"embeddable":true,"href":"https:\/\/vocesparalelas.com.ar\/sitio\/wp-json\/wp\/v2\/users\/3"}],"replies":[{"embeddable":true,"href":"https:\/\/vocesparalelas.com.ar\/sitio\/wp-json\/wp\/v2\/comments?post=78757"}],"version-history":[{"count":1,"href":"https:\/\/vocesparalelas.com.ar\/sitio\/wp-json\/wp\/v2\/posts\/78757\/revisions"}],"predecessor-version":[{"id":78761,"href":"https:\/\/vocesparalelas.com.ar\/sitio\/wp-json\/wp\/v2\/posts\/78757\/revisions\/78761"}],"wp:featuredmedia":[{"embeddable":true,"href":"https:\/\/vocesparalelas.com.ar\/sitio\/wp-json\/wp\/v2\/media\/78760"}],"wp:attachment":[{"href":"https:\/\/vocesparalelas.com.ar\/sitio\/wp-json\/wp\/v2\/media?parent=78757"}],"wp:term":[{"taxonomy":"category","embeddable":true,"href":"https:\/\/vocesparalelas.com.ar\/sitio\/wp-json\/wp\/v2\/categories?post=78757"},{"taxonomy":"post_tag","embeddable":true,"href":"https:\/\/vocesparalelas.com.ar\/sitio\/wp-json\/wp\/v2\/tags?post=78757"}],"curies":[{"name":"wp","href":"https:\/\/api.w.org\/{rel}","templated":true}]}}