{"id":78733,"date":"2024-11-01T23:09:25","date_gmt":"2024-11-02T02:09:25","guid":{"rendered":"https:\/\/vocesparalelas.com.ar\/sitio\/?p=78733"},"modified":"2024-11-02T00:09:59","modified_gmt":"2024-11-02T03:09:59","slug":"el-gobernador-de-san-juan-dr-marcelo-orrego-sorprendio-en-su-recorrido-por-la-fns-2024-somos-energia","status":"publish","type":"post","link":"https:\/\/vocesparalelas.com.ar\/sitio\/el-gobernador-de-san-juan-dr-marcelo-orrego-sorprendio-en-su-recorrido-por-la-fns-2024-somos-energia\/","title":{"rendered":"El Gobernador de San Juan, Dr. Marcelo Orrego sorprendi\u00f3 en su recorrido por la FNS 2024 \u00abSomos Energ\u00eda\u00bb"},"content":{"rendered":"<p>En el marco de la Fiesta Nacional del Sol 2024 \u00abSomos Energ\u00eda, en San Juan, el gobernador, Dr. Marcelo Orrego, recorri\u00f3 la feria durante su segundo d\u00eda de actividades, en un evento que ha convocado a miles de personas para disfrutar cada espacio.<\/p>\n<p>La importancia de esta edici\u00f3n de la fiesta es el impacto positivo que tiene para la cultura y econom\u00eda local. Lo interesante, es que el Gobernador Dr. Marcelo Orrego con su presencia en el predio con su recorrido de los stands de la feria, saludando a las familias y visitantes que se encuentran en el lugar y escuchando las impresiones de quienes disfrutaban de las actividades.<\/p>\n<p>Es as\u00ed que cuando lleg\u00f3 al stand de Deporte, pudo observar y disfrutar el desarrollo de actividades l\u00fadicas organizadas para grandes y chicos, y evalu\u00f3 de cerca las cuestiones organizativas que dan forma al espacio.<\/p>\n<p>Es interesante de fomentar el deporte y la vida saludable entre los asistentes porque es pol\u00edtica de Estado el compromiso del gobierno de San Juan en generar espacios de integraci\u00f3n para la comunidad.<\/p>\n<p>El recorrido continu\u00f3 con paradas en otros stands, donde el gobernador intercambi\u00f3 palabras y se tom\u00f3 fotograf\u00edas con el p\u00fablico presente, en una jornada marcada por el entusiasmo y la participaci\u00f3n de sanjuaninos y turistas.<\/p>\n<p><iframe loading=\"lazy\" title=\"Somos Energ\u00eda \u2728 Fiesta Nacional del Sol 2024\" width=\"800\" height=\"450\" src=\"https:\/\/www.youtube.com\/embed\/CNmQ_L1Popc?feature=oembed\" frameborder=\"0\" allow=\"accelerometer; autoplay; clipboard-write; encrypted-media; gyroscope; picture-in-picture; web-share\" referrerpolicy=\"strict-origin-when-cross-origin\" allowfullscreen><\/iframe><\/p>\n","protected":false},"excerpt":{"rendered":"<p>En el marco de la Fiesta Nacional del Sol 2024 \u00abSomos Energ\u00eda, en San Juan, el gobernador, Dr. Marcelo Orrego,<\/p>\n","protected":false},"author":3,"featured_media":78736,"comment_status":"closed","ping_status":"closed","sticky":false,"template":"","format":"standard","meta":{"_acf_changed":false,"_seopress_robots_primary_cat":"none","_seopress_titles_title":"","_seopress_titles_desc":"","_seopress_robots_index":"","colormag_page_container_layout":"default_layout","colormag_page_sidebar_layout":"default_layout","footnotes":""},"categories":[1],"tags":[],"class_list":["post-78733","post","type-post","status-publish","format-standard","has-post-thumbnail","hentry","category-destacadas"],"acf":[],"_links":{"self":[{"href":"https:\/\/vocesparalelas.com.ar\/sitio\/wp-json\/wp\/v2\/posts\/78733","targetHints":{"allow":["GET"]}}],"collection":[{"href":"https:\/\/vocesparalelas.com.ar\/sitio\/wp-json\/wp\/v2\/posts"}],"about":[{"href":"https:\/\/vocesparalelas.com.ar\/sitio\/wp-json\/wp\/v2\/types\/post"}],"author":[{"embeddable":true,"href":"https:\/\/vocesparalelas.com.ar\/sitio\/wp-json\/wp\/v2\/users\/3"}],"replies":[{"embeddable":true,"href":"https:\/\/vocesparalelas.com.ar\/sitio\/wp-json\/wp\/v2\/comments?post=78733"}],"version-history":[{"count":1,"href":"https:\/\/vocesparalelas.com.ar\/sitio\/wp-json\/wp\/v2\/posts\/78733\/revisions"}],"predecessor-version":[{"id":78737,"href":"https:\/\/vocesparalelas.com.ar\/sitio\/wp-json\/wp\/v2\/posts\/78733\/revisions\/78737"}],"wp:featuredmedia":[{"embeddable":true,"href":"https:\/\/vocesparalelas.com.ar\/sitio\/wp-json\/wp\/v2\/media\/78736"}],"wp:attachment":[{"href":"https:\/\/vocesparalelas.com.ar\/sitio\/wp-json\/wp\/v2\/media?parent=78733"}],"wp:term":[{"taxonomy":"category","embeddable":true,"href":"https:\/\/vocesparalelas.com.ar\/sitio\/wp-json\/wp\/v2\/categories?post=78733"},{"taxonomy":"post_tag","embeddable":true,"href":"https:\/\/vocesparalelas.com.ar\/sitio\/wp-json\/wp\/v2\/tags?post=78733"}],"curies":[{"name":"wp","href":"https:\/\/api.w.org\/{rel}","templated":true}]}}