{"id":78728,"date":"2024-11-01T23:00:12","date_gmt":"2024-11-02T02:00:12","guid":{"rendered":"https:\/\/vocesparalelas.com.ar\/sitio\/?p=78728"},"modified":"2024-11-02T00:12:08","modified_gmt":"2024-11-02T03:12:08","slug":"disfruta-el-espacio-mi-querido-san-juan-en-la-fns-2024-somos-energia-en-san-juan","status":"publish","type":"post","link":"https:\/\/vocesparalelas.com.ar\/sitio\/disfruta-el-espacio-mi-querido-san-juan-en-la-fns-2024-somos-energia-en-san-juan\/","title":{"rendered":"Disfruta el Espacio \u00abMi querido San Juan\u00bb en la FNS 2024 \u00abSomos Energ\u00eda\u00bb en San Juan"},"content":{"rendered":"<p>Cada departamento de San Juan elabora comidas en vivo, mientras se presentan artistas sobre el escenario en el Espacio \u00abMi querido San Juan\u00bb.<\/p>\n<p>Con esp\u00edritu de pe\u00f1a, el espacio \u00abMi querido San Juan\u00bb deslumbra en la Fiesta Nacional del Sol 2024 \u00abSomos Energ\u00eda\u00bb con una propuesta que combina cocina en vivo y artistas sobre el escenario.<\/p>\n<p>El p\u00fablico disfruta en tres noches de la propuesta de cada departamento, con 10 intervenciones gastron\u00f3micas y art\u00edsticas previstas para cada noche.<\/p>\n<p>El Departamento Zonda abri\u00f3 la noche con la elaboraci\u00f3n de semitas caseras, mientras que se presentan los artistas en el escenario. Al mismo tiempo, los asistentes pudieron probar semitas que se iban ofreciendo.<\/p>\n<p>Luego, fue el turno de Albard\u00f3n y su chef present\u00f3 el alfajor \u00abVillicum\u00bb, con dulce de leche y chocolate amargo. a la presentaci\u00f3n de la m\u00fasica animaron al p\u00fablico a bailar bajo el escenario.<\/p>\n<p>En tanto, el primer tramo de la noche se complet\u00f3 con Capital, que prepar\u00f3, siempre en vivo, caf\u00e9 de barista.<\/p>\n<p>El departamento Rivadavia, con su chef Patricio Coghlan en vivo presentaron Cumble de ciruela\u00a0 flameadas al rhum con helado que forman parte de los gustos tradicionales de la poblaci\u00f3n.<\/p>\n<p>El espacio \u00abMi querido San Juan\u00bb es un paseo federal en el que los 19 departamentos est\u00e1n mostrando lo mejor de su tierra y gente, con diferentes stands en el coraz\u00f3n del predio.<\/p>\n<p><iframe loading=\"lazy\" title=\"Somos Energ\u00eda \u2728 Fiesta Nacional del Sol 2024\" width=\"800\" height=\"450\" src=\"https:\/\/www.youtube.com\/embed\/CNmQ_L1Popc?feature=oembed\" frameborder=\"0\" allow=\"accelerometer; autoplay; clipboard-write; encrypted-media; gyroscope; picture-in-picture; web-share\" referrerpolicy=\"strict-origin-when-cross-origin\" allowfullscreen><\/iframe><\/p>\n<p>&nbsp;<\/p>\n","protected":false},"excerpt":{"rendered":"<p>Cada departamento de San Juan elabora comidas en vivo, mientras se presentan artistas sobre el escenario en el Espacio \u00abMi<\/p>\n","protected":false},"author":3,"featured_media":78731,"comment_status":"closed","ping_status":"closed","sticky":false,"template":"","format":"standard","meta":{"_acf_changed":false,"_seopress_robots_primary_cat":"none","_seopress_titles_title":"","_seopress_titles_desc":"","_seopress_robots_index":"","colormag_page_container_layout":"default_layout","colormag_page_sidebar_layout":"default_layout","footnotes":""},"categories":[1,7],"tags":[],"class_list":["post-78728","post","type-post","status-publish","format-standard","has-post-thumbnail","hentry","category-destacadas","category-videos"],"acf":[],"_links":{"self":[{"href":"https:\/\/vocesparalelas.com.ar\/sitio\/wp-json\/wp\/v2\/posts\/78728","targetHints":{"allow":["GET"]}}],"collection":[{"href":"https:\/\/vocesparalelas.com.ar\/sitio\/wp-json\/wp\/v2\/posts"}],"about":[{"href":"https:\/\/vocesparalelas.com.ar\/sitio\/wp-json\/wp\/v2\/types\/post"}],"author":[{"embeddable":true,"href":"https:\/\/vocesparalelas.com.ar\/sitio\/wp-json\/wp\/v2\/users\/3"}],"replies":[{"embeddable":true,"href":"https:\/\/vocesparalelas.com.ar\/sitio\/wp-json\/wp\/v2\/comments?post=78728"}],"version-history":[{"count":1,"href":"https:\/\/vocesparalelas.com.ar\/sitio\/wp-json\/wp\/v2\/posts\/78728\/revisions"}],"predecessor-version":[{"id":78732,"href":"https:\/\/vocesparalelas.com.ar\/sitio\/wp-json\/wp\/v2\/posts\/78728\/revisions\/78732"}],"wp:featuredmedia":[{"embeddable":true,"href":"https:\/\/vocesparalelas.com.ar\/sitio\/wp-json\/wp\/v2\/media\/78731"}],"wp:attachment":[{"href":"https:\/\/vocesparalelas.com.ar\/sitio\/wp-json\/wp\/v2\/media?parent=78728"}],"wp:term":[{"taxonomy":"category","embeddable":true,"href":"https:\/\/vocesparalelas.com.ar\/sitio\/wp-json\/wp\/v2\/categories?post=78728"},{"taxonomy":"post_tag","embeddable":true,"href":"https:\/\/vocesparalelas.com.ar\/sitio\/wp-json\/wp\/v2\/tags?post=78728"}],"curies":[{"name":"wp","href":"https:\/\/api.w.org\/{rel}","templated":true}]}}