{"id":78722,"date":"2024-11-01T21:53:37","date_gmt":"2024-11-02T00:53:37","guid":{"rendered":"https:\/\/vocesparalelas.com.ar\/sitio\/?p=78722"},"modified":"2024-11-01T21:58:55","modified_gmt":"2024-11-02T00:58:55","slug":"el-ceo-de-grupo-financiero-gst-y-asesora-de-barrick-isela-costantini-en-fns-forum-2024-en-san-juan","status":"publish","type":"post","link":"https:\/\/vocesparalelas.com.ar\/sitio\/el-ceo-de-grupo-financiero-gst-y-asesora-de-barrick-isela-costantini-en-fns-forum-2024-en-san-juan\/","title":{"rendered":"El CEO de Grupo Financiero GST y asesora de Barrick, Isela Costantini en FNS FORUM 2024 en San Juan"},"content":{"rendered":"<p>El gobernador de San Juan, Dr. Marcelo Orrego recibi\u00f3 el Viernes, 1 de Noviembre, en Casa de Gobierno a Isela Constantini, CEO de Grupo Financiero GST y asesora de Barrick, tras su participaci\u00f3n en el FNS F\u00f3rum 2024, donde present\u00f3 su charla \u201cLiderando en ti\u201d, en el marco de la Fiesta Nacional del Sol 2024.<\/p>\n<p><iframe loading=\"lazy\" title=\"Orrego se reuni\u00f3 con Isela Costantini, CEO de GST Grupo Financiero\" width=\"800\" height=\"450\" src=\"https:\/\/www.youtube.com\/embed\/pgjobYYqghw?feature=oembed\" frameborder=\"0\" allow=\"accelerometer; autoplay; clipboard-write; encrypted-media; gyroscope; picture-in-picture; web-share\" referrerpolicy=\"strict-origin-when-cross-origin\" allowfullscreen><\/iframe><\/p>\n<p>Al concluir el encuentro, el CEO de Grupo Financiero GST y asesora de Barrick, Isela Costantini destac\u00f3 que \u00abla importancia de eventos como el FNS F\u00f3rum y Emprezar Inspira en San Juan. El foro fue impresionante, y ambos eventos han sido muy enriquecedores.\u00a0Es fundamental traer a San Juan las din\u00e1micas y temas que se est\u00e1n abordando en el mundo. Ya no se trata solo de Buenos Aires, sino de acercar a la provincia las tendencias globales. Creo que tambi\u00e9n es importante que quienes nos visiten puedan ver el gran potencial de talento y desarrollo que existe aqu\u00ed. Juan, me pareci\u00f3 realmente hermoso\u201d.<\/p>\n<p>Esta reuni\u00f3n resalta el compromiso del gobierno de San Juan con la integraci\u00f3n de perspectivas y conocimientos de l\u00edderes nacionales, subrayando la transformaci\u00f3n y proyecci\u00f3n de la provincia.<\/p>\n<p><iframe loading=\"lazy\" title=\"Somos Energ\u00eda \u2728 Fiesta Nacional del Sol 2024\" width=\"800\" height=\"450\" src=\"https:\/\/www.youtube.com\/embed\/CNmQ_L1Popc?feature=oembed\" frameborder=\"0\" allow=\"accelerometer; autoplay; clipboard-write; encrypted-media; gyroscope; picture-in-picture; web-share\" referrerpolicy=\"strict-origin-when-cross-origin\" allowfullscreen><\/iframe><\/p>\n","protected":false},"excerpt":{"rendered":"<p>El gobernador de San Juan, Dr. Marcelo Orrego recibi\u00f3 el Viernes, 1 de Noviembre, en Casa de Gobierno a Isela<\/p>\n","protected":false},"author":3,"featured_media":78725,"comment_status":"closed","ping_status":"closed","sticky":false,"template":"","format":"standard","meta":{"_acf_changed":false,"_seopress_robots_primary_cat":"none","_seopress_titles_title":"","_seopress_titles_desc":"","_seopress_robots_index":"","colormag_page_container_layout":"default_layout","colormag_page_sidebar_layout":"default_layout","footnotes":""},"categories":[1,7],"tags":[],"class_list":["post-78722","post","type-post","status-publish","format-standard","has-post-thumbnail","hentry","category-destacadas","category-videos"],"acf":[],"_links":{"self":[{"href":"https:\/\/vocesparalelas.com.ar\/sitio\/wp-json\/wp\/v2\/posts\/78722","targetHints":{"allow":["GET"]}}],"collection":[{"href":"https:\/\/vocesparalelas.com.ar\/sitio\/wp-json\/wp\/v2\/posts"}],"about":[{"href":"https:\/\/vocesparalelas.com.ar\/sitio\/wp-json\/wp\/v2\/types\/post"}],"author":[{"embeddable":true,"href":"https:\/\/vocesparalelas.com.ar\/sitio\/wp-json\/wp\/v2\/users\/3"}],"replies":[{"embeddable":true,"href":"https:\/\/vocesparalelas.com.ar\/sitio\/wp-json\/wp\/v2\/comments?post=78722"}],"version-history":[{"count":2,"href":"https:\/\/vocesparalelas.com.ar\/sitio\/wp-json\/wp\/v2\/posts\/78722\/revisions"}],"predecessor-version":[{"id":78727,"href":"https:\/\/vocesparalelas.com.ar\/sitio\/wp-json\/wp\/v2\/posts\/78722\/revisions\/78727"}],"wp:featuredmedia":[{"embeddable":true,"href":"https:\/\/vocesparalelas.com.ar\/sitio\/wp-json\/wp\/v2\/media\/78725"}],"wp:attachment":[{"href":"https:\/\/vocesparalelas.com.ar\/sitio\/wp-json\/wp\/v2\/media?parent=78722"}],"wp:term":[{"taxonomy":"category","embeddable":true,"href":"https:\/\/vocesparalelas.com.ar\/sitio\/wp-json\/wp\/v2\/categories?post=78722"},{"taxonomy":"post_tag","embeddable":true,"href":"https:\/\/vocesparalelas.com.ar\/sitio\/wp-json\/wp\/v2\/tags?post=78722"}],"curies":[{"name":"wp","href":"https:\/\/api.w.org\/{rel}","templated":true}]}}