{"id":78706,"date":"2024-11-06T19:45:06","date_gmt":"2024-11-06T22:45:06","guid":{"rendered":"https:\/\/vocesparalelas.com.ar\/sitio\/?p=78706"},"modified":"2024-11-08T00:01:49","modified_gmt":"2024-11-08T03:01:49","slug":"jornada-de-divulgacion-cientifica-de-proyectos-del-instituto-de-estudios-musicales-de-la-ffha-de-la-unsj","status":"publish","type":"post","link":"https:\/\/vocesparalelas.com.ar\/sitio\/jornada-de-divulgacion-cientifica-de-proyectos-del-instituto-de-estudios-musicales-de-la-ffha-de-la-unsj\/","title":{"rendered":"Jornada de Divulgaci\u00f3n Cient\u00edfica de Proyectos del Instituto de Estudios Musicales de la FFHA de la UNSJ"},"content":{"rendered":"<p>El Jueves, 7 de Noviembre, de 8.30 a 13 hs.; de 15.30 a 17.30 hs., y un concierto de clausura, en el Aula Magna de la Faculta de Filosof\u00eda, Humanidades y Artes de la Universidad Nacional de San Juan,\u00a0se desarrolla la Jornada de Divulgaci\u00f3n Cient\u00edfica de Proyectos del Instituto de Estudios Musicales y proyectos vinculados al mismo.<\/p>\n<p>La inscripci\u00f3n para participar cerr\u00f3 el 25 de Octubre con una exitosa respuesta de personal de investigaci\u00f3n involucrado.<\/p>\n<p>La organizaci\u00f3n de este evento expres\u00f3 que esperan \u201cque sea una jornada de enriquecimiento, intercambio y crecimiento\u201d, e invitan a toda la comunidad musical y personas interesadas en la tem\u00e1tica a acercarse. Se presentan numerosas ponencias de distintas tem\u00e1ticas y un concierto final.<\/p>\n<p><strong><span style=\"color: #ff6600;\">Programa de Cierre de la\u00a0Jornada de Divulgaci\u00f3n Cient\u00edfica e Interpretaci\u00f3n Musical del Instituto de Estudios Musicales de la FFHA de la UNSJ<\/span><\/strong><\/p>\n<ul>\n<li>CUARTETO DE GUITARRAS SUM\u039c\u0391. Silvana Poblete (Requinto), Martin Valdez (Guitarra 1), Cristian Fiol (Guitarra 2), Iv\u00e1n Amoros (Guitarron).<\/li>\n<li>Roberto Pintos: Im\u00e1genes del Tri\u00e1ngulo Sur<\/li>\n<\/ul>\n<ol>\n<li>Bifurcaciones porte\u00f1as<\/li>\n<li>El hombre y el carro<\/li>\n<li>Ladr\u00f3n de bananas<\/li>\n<li>Patagonia Salvaje<\/li>\n<\/ol>\n<ul>\n<li>Marcelo Villegas: Tango para Javier<\/li>\n<\/ul>\n<p>Proyecto de investigaci\u00f3n: \u00abSuites argentinas. Creaci\u00f3n de repertorio para ensambles de guitarras con tem\u00e1tica folcl\u00f3rica a trav\u00e9s de la composici\u00f3n y el arreglo\u00bb. Director Mag. Iv\u00e1n Amor\u00f3s, Co Directora Prof. Maria Soledad Vega.<\/p>\n<p>PAULA CABRERA (piano)<\/p>\n<ul>\n<li>Elsa Calcagno (1905-1978): Zambita.<\/li>\n<li>Elsa Calcagno (1905-1978): Los naranjales &#8211; Aire de zapateado del Litoral.<\/li>\n<\/ul>\n<p>JULIAN GARC\u00cdA (piano)<\/p>\n<ul>\n<li>Lia Cimaglia Espinosa (1906-1998): Canto y Danza.<\/li>\n<li>Elsa Calcagno (1905-1978): Milonga estilizada.<\/li>\n<\/ul>\n<p>Proyecto de investigaci\u00f3n: \u00abCompositoras de ayer, compositores de hoy: La obra de Elsa Calcagno, Lia Cimaglia Espinosa y Alberto Trimeliti como aportes al repertorio pianistico de las nuevas generaciones\u00bb. Directora Mag. Flavia Carrascosa, Co-Director Lic. Alberto Trimeliti.<\/p>\n<p>CON LA OPERA A OTRA PARTE.<\/p>\n<ul>\n<li>G. Rossini: De El Barbero de Sevilla: Introducci\u00f3n: piano, pianissimo.<\/li>\n<li>W.A. Mozart: De Las Bodas de Figaro: Dove sono<\/li>\n<li>Ricevete o padroncina<\/li>\n<li>Hai gia vinta la causa Giovani liete<\/li>\n<\/ul>\n<p>Piano: Roberto Tito Oliva<\/p>\n<ul>\n<li>Luz Ram\u00edrez<\/li>\n<li>Condesa: Susana Tellez<\/li>\n<li>Conde joven: Octavio Giugni<\/li>\n<li>Conde adulto: Cesar Sanchez<\/li>\n<li>Fiorello: Uriel Arbiza<\/li>\n<\/ul>\n<p>M\u00fasicos y campesinos: alumnos de Canto I y II del Profesorado en Educaci\u00f3n Musical<\/p>\n<p>Proyecto de investigaci\u00f3n\/creaci\u00f3n: \u00abCon la \u00d3pera a otra parte\u00bb. Director Prof. Cesar Sanchez, Co directora Prof. Aida del Cid.<\/p>\n<p><span style=\"color: #ff6600;\"><strong>Organizadores<\/strong><\/span><\/p>\n<ul>\n<li>Mag. Ivan Amor\u00f3s, vicedirector del IEM<\/li>\n<li>Mag. Flavia Carrascosa, directora del proyecto<\/li>\n<li>Dra. F\u00e1tima Graciela Musri, directora del Instituto de Estudios Musicales de la Facultad de Filosof\u00eda, Humanidades y Artes<\/li>\n<\/ul>\n<p><img loading=\"lazy\" decoding=\"async\" class=\"alignnone size-large wp-image-43889\" src=\"https:\/\/vocesparalelas.com.ar\/sitio\/wp-content\/uploads\/2021\/11\/FFHA-FRENTE-1-800x600.jpg\" alt=\"\" width=\"800\" height=\"600\" srcset=\"https:\/\/vocesparalelas.com.ar\/sitio\/wp-content\/uploads\/2021\/11\/FFHA-FRENTE-1-800x600.jpg 800w, https:\/\/vocesparalelas.com.ar\/sitio\/wp-content\/uploads\/2021\/11\/FFHA-FRENTE-1-300x225.jpg 300w, https:\/\/vocesparalelas.com.ar\/sitio\/wp-content\/uploads\/2021\/11\/FFHA-FRENTE-1-768x576.jpg 768w, https:\/\/vocesparalelas.com.ar\/sitio\/wp-content\/uploads\/2021\/11\/FFHA-FRENTE-1.jpg 1024w\" sizes=\"auto, (max-width: 800px) 100vw, 800px\" \/><\/p>\n","protected":false},"excerpt":{"rendered":"<p>El Jueves, 7 de Noviembre, de 8.30 a 13 hs.; de 15.30 a 17.30 hs., y un concierto de clausura,<\/p>\n","protected":false},"author":3,"featured_media":78709,"comment_status":"closed","ping_status":"closed","sticky":false,"template":"","format":"standard","meta":{"_acf_changed":false,"_seopress_robots_primary_cat":"none","_seopress_titles_title":"","_seopress_titles_desc":"","_seopress_robots_index":"","colormag_page_container_layout":"default_layout","colormag_page_sidebar_layout":"default_layout","footnotes":""},"categories":[15],"tags":[],"class_list":["post-78706","post","type-post","status-publish","format-standard","has-post-thumbnail","hentry","category-posgrados"],"acf":[],"_links":{"self":[{"href":"https:\/\/vocesparalelas.com.ar\/sitio\/wp-json\/wp\/v2\/posts\/78706","targetHints":{"allow":["GET"]}}],"collection":[{"href":"https:\/\/vocesparalelas.com.ar\/sitio\/wp-json\/wp\/v2\/posts"}],"about":[{"href":"https:\/\/vocesparalelas.com.ar\/sitio\/wp-json\/wp\/v2\/types\/post"}],"author":[{"embeddable":true,"href":"https:\/\/vocesparalelas.com.ar\/sitio\/wp-json\/wp\/v2\/users\/3"}],"replies":[{"embeddable":true,"href":"https:\/\/vocesparalelas.com.ar\/sitio\/wp-json\/wp\/v2\/comments?post=78706"}],"version-history":[{"count":3,"href":"https:\/\/vocesparalelas.com.ar\/sitio\/wp-json\/wp\/v2\/posts\/78706\/revisions"}],"predecessor-version":[{"id":78818,"href":"https:\/\/vocesparalelas.com.ar\/sitio\/wp-json\/wp\/v2\/posts\/78706\/revisions\/78818"}],"wp:featuredmedia":[{"embeddable":true,"href":"https:\/\/vocesparalelas.com.ar\/sitio\/wp-json\/wp\/v2\/media\/78709"}],"wp:attachment":[{"href":"https:\/\/vocesparalelas.com.ar\/sitio\/wp-json\/wp\/v2\/media?parent=78706"}],"wp:term":[{"taxonomy":"category","embeddable":true,"href":"https:\/\/vocesparalelas.com.ar\/sitio\/wp-json\/wp\/v2\/categories?post=78706"},{"taxonomy":"post_tag","embeddable":true,"href":"https:\/\/vocesparalelas.com.ar\/sitio\/wp-json\/wp\/v2\/tags?post=78706"}],"curies":[{"name":"wp","href":"https:\/\/api.w.org\/{rel}","templated":true}]}}