{"id":78671,"date":"2024-10-31T20:12:09","date_gmt":"2024-10-31T23:12:09","guid":{"rendered":"https:\/\/vocesparalelas.com.ar\/sitio\/?p=78671"},"modified":"2024-10-31T20:12:09","modified_gmt":"2024-10-31T23:12:09","slug":"exitosa-ronda-de-negocios-e-inversion-en-la-fns-forum-de-la-fns-2024-en-san-juan","status":"publish","type":"post","link":"https:\/\/vocesparalelas.com.ar\/sitio\/exitosa-ronda-de-negocios-e-inversion-en-la-fns-forum-de-la-fns-2024-en-san-juan\/","title":{"rendered":"Exitosa Ronda de Negocios e Inversi\u00f3n en la FNS Forum de la FNS 2024 en San Juan"},"content":{"rendered":"<p>Esta iniciativa tuvo como objetivo potenciar las inversiones y exportaciones de la provincia de San Juan de productos del sector frutihort\u00edcola, oliv\u00edcola, vinos, productos gourmet, dulces, bebidas, pistachos, entre otros. Pero tambi\u00e9n hubo inter\u00e9s en el sector inmobiliario y tur\u00edstico.<\/p>\n<p>Unos 35 inversores que vinieron interesados en las posibilidades que ofrece San Juan m\u00e1s de 130 reuniones agendadas con referentes locales habla a las claras del \u00e9xito de este primer momento organizado dentro del FNS Formum \u201cInnovaci\u00f3n y Energ\u00eda para Crecer\u201d<\/p>\n<p><iframe loading=\"lazy\" title=\"Somos Energ\u00eda\" width=\"800\" height=\"450\" src=\"https:\/\/www.youtube.com\/embed\/0aVJEzWLMpI?feature=oembed\" frameborder=\"0\" allow=\"accelerometer; autoplay; clipboard-write; encrypted-media; gyroscope; picture-in-picture; web-share\" referrerpolicy=\"strict-origin-when-cross-origin\" allowfullscreen><\/iframe><\/p>\n<p>La Ronda de Negocios e Inversi\u00f3n se desarroll\u00f3 con gran expectativa por parte de referentes de los diferentes sectores productivos de San Juan en contacto con los interesados nacionales e internacionales en nuestra matriz productiva. Esta estrategia busca fomentar acuerdos comerciales para reducir la intermediaci\u00f3n, impulsar la econom\u00eda local mediante el apoyo a los productores provinciales, facilitar las negociaciones abiertas y competitivas entre los productores y brindar la oportunidad a los productores de vender sus productos, permiti\u00e9ndoles un acceso directo al mercado, acelerando la creaci\u00f3n de puestos laborales atrayendo inversiones para impulsar el crecimiento econ\u00f3mico.<\/p>\n<p>Durante el evento, el secretario de Coordinaci\u00f3n para el Desarrollo Econ\u00f3mico, Alfredo Aciar explic\u00f3 que la importancia de realizar este evento radica en \u201cla posibilidad que nuestros expositores puedan hacer negocios que redunden en beneficio de la econom\u00eda sanjuanina para cumplir con el pedido del gobernador Orrego de escuchar, conectar y producir negocios que provoquen trabajo. De esta manera la comunidad puede progresar con sus esfuerzos, sus ingresos de forma genuina\u201d.<\/p>\n<p>Asimismo, el director de Comercio Exterior, Adri\u00e1n Alonso remarc\u00f3: \u201cHoy participan empresas que est\u00e1n interesadas en invertir en los servicios mineros, las energ\u00edas alternativas. A su vez, hay m\u00e1s de 60 empresarios sanjuaninos que va a dar lugar a posibles acuerdos de negocios. Debemos apuntar a ello porque San Juan lleva a\u00f1os con reducci\u00f3n de las exportaciones, han ca\u00eddo un 50 por ciento en el per\u00edodo del 2013 al 2023 y hoy venimos recuper\u00e1ndonos en los primeros 9 meses en el orden del 20 por ciento\u201d.<\/p>\n<p>Dentro de los convocados participaron del Mercado Central de Bs. As. cuatro operadores interesados en exportar ajos, cebollas, tomates, alcauciles, esp\u00e1rragos, zapallos, frutas frescas, frutos secos. Estos operadores son Tropical Argentina SRL, que opera comercialmente tanto en el mercado interno como el externo; Dole Argentina; Alman\u00e1 y Patagonia Sunrise SRL.<\/p>\n<p>Tambi\u00e9n estuvieron presentes el vicepresidente del Mercado Central de Buenos Aires, Ezequiel Capelli quien mantuvo encuentros con funcionarios, c\u00e1maras y empresarios. Adem\u00e1s, asisti\u00f3 la delegaci\u00f3n de autoridades y empresarios de la Asociaci\u00f3n Argentina de Propietarios de Pizzer\u00edas y Casas de Empanadas AAPPyCE.<\/p>\n<p>La comitiva que lleg\u00f3 desde Chile estuvo integrada por Rafael Vera Castillo, Alcalde de Vicu\u00f1a; Angelica Funes, Directora Sernatur Regi\u00f3n de Coquimbo; Pedro Rojas Onfrai, Alcalde subrogante de Paihuano; Daniel Rivera, Jefe de Gabinete y Emilio Reyes encargado de Relaciones Internacionales de Municipalidad de Vicu\u00f1a; el Presidente de La Comisi\u00f3n de Fomento Productivo del Consejo Regional; el consejero Pedro Valencia.<\/p>\n<p>Las instituciones locales que estuvieron presentes fueron la Universidad Cat\u00f3lica de Cuyo, la Sociedad de Chacareros Temporarios, autoridades de Mercado de frutas y verduras de Capital, C\u00e1mara de Comercio Exterior, Uni\u00f3n Industrial de San Juan, C\u00e1maras de Bodegueros, Banco San Juan, Asociaci\u00f3n de Productores de mel\u00f3n y sand\u00eda, Esparragueros de M\u00e9dano de Oro, Centro de Despachantes de Aduana entre otros.<\/p>\n<p>Con esta iniciativa, el Gobierno de Marcelo Orrego, a trav\u00e9s del Ministerio de Producci\u00f3n, Trabajo e Innovaci\u00f3n, reafirma su compromiso con el desarrollo econ\u00f3mico de San Juan.<\/p>\n<p><iframe loading=\"lazy\" title=\"Somos Energ\u00eda \u2728 Fiesta Nacional del Sol 2024\" width=\"800\" height=\"450\" src=\"https:\/\/www.youtube.com\/embed\/CNmQ_L1Popc?feature=oembed\" frameborder=\"0\" allow=\"accelerometer; autoplay; clipboard-write; encrypted-media; gyroscope; picture-in-picture; web-share\" referrerpolicy=\"strict-origin-when-cross-origin\" allowfullscreen><\/iframe><\/p>\n","protected":false},"excerpt":{"rendered":"<p>Esta iniciativa tuvo como objetivo potenciar las inversiones y exportaciones de la provincia de San Juan de productos del sector<\/p>\n","protected":false},"author":3,"featured_media":78674,"comment_status":"closed","ping_status":"closed","sticky":false,"template":"","format":"standard","meta":{"_acf_changed":false,"_seopress_robots_primary_cat":"none","_seopress_titles_title":"","_seopress_titles_desc":"","_seopress_robots_index":"","colormag_page_container_layout":"default_layout","colormag_page_sidebar_layout":"default_layout","footnotes":""},"categories":[1,7],"tags":[],"class_list":["post-78671","post","type-post","status-publish","format-standard","has-post-thumbnail","hentry","category-destacadas","category-videos"],"acf":[],"_links":{"self":[{"href":"https:\/\/vocesparalelas.com.ar\/sitio\/wp-json\/wp\/v2\/posts\/78671","targetHints":{"allow":["GET"]}}],"collection":[{"href":"https:\/\/vocesparalelas.com.ar\/sitio\/wp-json\/wp\/v2\/posts"}],"about":[{"href":"https:\/\/vocesparalelas.com.ar\/sitio\/wp-json\/wp\/v2\/types\/post"}],"author":[{"embeddable":true,"href":"https:\/\/vocesparalelas.com.ar\/sitio\/wp-json\/wp\/v2\/users\/3"}],"replies":[{"embeddable":true,"href":"https:\/\/vocesparalelas.com.ar\/sitio\/wp-json\/wp\/v2\/comments?post=78671"}],"version-history":[{"count":1,"href":"https:\/\/vocesparalelas.com.ar\/sitio\/wp-json\/wp\/v2\/posts\/78671\/revisions"}],"predecessor-version":[{"id":78675,"href":"https:\/\/vocesparalelas.com.ar\/sitio\/wp-json\/wp\/v2\/posts\/78671\/revisions\/78675"}],"wp:featuredmedia":[{"embeddable":true,"href":"https:\/\/vocesparalelas.com.ar\/sitio\/wp-json\/wp\/v2\/media\/78674"}],"wp:attachment":[{"href":"https:\/\/vocesparalelas.com.ar\/sitio\/wp-json\/wp\/v2\/media?parent=78671"}],"wp:term":[{"taxonomy":"category","embeddable":true,"href":"https:\/\/vocesparalelas.com.ar\/sitio\/wp-json\/wp\/v2\/categories?post=78671"},{"taxonomy":"post_tag","embeddable":true,"href":"https:\/\/vocesparalelas.com.ar\/sitio\/wp-json\/wp\/v2\/tags?post=78671"}],"curies":[{"name":"wp","href":"https:\/\/api.w.org\/{rel}","templated":true}]}}