{"id":78655,"date":"2024-10-31T19:07:58","date_gmt":"2024-10-31T22:07:58","guid":{"rendered":"https:\/\/vocesparalelas.com.ar\/sitio\/?p=78655"},"modified":"2024-10-31T19:07:58","modified_gmt":"2024-10-31T22:07:58","slug":"fns-forum-innovacion-y-energia-para-crecer-en-san-juan","status":"publish","type":"post","link":"https:\/\/vocesparalelas.com.ar\/sitio\/fns-forum-innovacion-y-energia-para-crecer-en-san-juan\/","title":{"rendered":"FNS FORUM \u00abInnovaci\u00f3n y Energ\u00eda para Crecer\u00bb en San Juan"},"content":{"rendered":"<p>En el marco de la Fiesta Nacional del Sol 2024 se hizo la apertura de la primera edici\u00f3n y cont\u00f3 con la presencia del gobernador Marcelo Orrego. Este evento est\u00e1 compuesto por la Ronda de Negocios e Inversi\u00f3n, Emprezar Inspira y Argentina Impacta San Juan 2024 Summit.<\/p>\n<p>La provincia comenz\u00f3 a vivir la Fiesta Nacional del Sol. El FNS FORUM de \u201cInnovaci\u00f3n y Energ\u00eda para Crecer\u201d ser\u00e1 el espacio inspirador destinado a emprendedores, industrias y empresarios en el que se desarrollar\u00e1 durante el 31 de octubre y el 1\u00b0 de noviembre en el Teatro del Bicentenario y el Sal\u00f3n Cruce de los Andes del Centro C\u00edvico.<\/p>\n<p>La apertura cont\u00f3 con la presencia del gobernador Marcelo Orrego; el embajador de la Uni\u00f3n Europea, Amador S\u00e1nchez Rico; el ministro de Producci\u00f3n, Trabajo e Innovaci\u00f3n, Gustavo Fern\u00e1ndez, el ministro de Turismo, Cultura y Deporte, Guido Romero; el ministro de Salud, Amilcar Dobladez, el ministro de Miner\u00eda, Juan Pablo Perea; el secretario General de la Gobernaci\u00f3n, Emilio Achem.<\/p>\n<p>El gobernador Marcelo Orrego fue el encargado de darles la bienvenida en representaci\u00f3n de todos los sanjuaninos: \u201cAl inicio de nuestra gesti\u00f3n decidimos darle una nueva impronta a esta gran fiesta. Creemos que tambi\u00e9n hay que celebrar no solamente de noche; sino tambi\u00e9n de d\u00eda a trav\u00e9s de reuniones en las que cada empresa radicada en la provincia puedan tener la posibilidad de poder ofrecer sus productos. Fue as\u00ed que naci\u00f3 este Forum donde hay un espacio para realizar Rondas de Negocios y diferentes paneles inspiradores como se van a desarrollar con el Emprezar y Argentina Impacta San Juan 2024 Summit\u201d.<\/p>\n<p>\u201cEsta Fiesta Nacional del Sol viene a unir el trabajo en conjunto entre la parte p\u00fablica y la privada. Como provincia tenemos que generar innovaci\u00f3n con los recursos que poseemos. En San Juan tenemos que hablar de miner\u00eda, de agricultura, en ciencia del conocimiento. Tenemos grandes desaf\u00edos como es la energ\u00eda renovable y el cobre. Como sanjuaninos debemos estar preparados para el mundo que se viene\u201d.<\/p>\n<p>Vale destacar que este espacio forma parte de la agenda de la celebraci\u00f3n m\u00e1s representativa de todos los sanjuaninos y en esta edici\u00f3n se incorpora un FORUM innovador. Bajo el lema Innovaci\u00f3n y Energ\u00eda para Crecer tiene como eje explorar todo el potencial y la fuerza de nuestra comunidad productiva. Adem\u00e1s, cuenta con tres acciones concretas: Ronda Negocios e Inversiones, Emprezar Inspira y Argentina Impacta San Juan 2024 Summit.<br \/>\nEstuvieron presentes en la inauguraci\u00f3n el alcalde de Vicu\u00f1a de Chile, Rafael Vera Castillo; el vicecanciller de Chile, Eduardo Bustamante; el secretario de PyME, Emprendedores y Econom\u00eda del Conocimiento de la Naci\u00f3n, Marcos Ayerra; secretario de Industria y Comercio de Naci\u00f3n, Pablo Lavigne; el ministro de Producci\u00f3n de Mendoza, Rodolfo Vargas Arizu; ministro de Desarrollo Econ\u00f3mico y Productivo de R\u00edo Negro, Carlos Banacloy; ministro de Desarrollo Productivo de San Luis, Federico Trombotto; y dem\u00e1s funcionarios nacionales, provinciales y de la cartera productiva. Adem\u00e1s, participaron una delegaci\u00f3n de la Uni\u00f3n Europea encabezada por su embajador y empresarios de China y de Chile, los c\u00f3nsules de Cuyo de Italia y Espa\u00f1a y el agregado cultural de Canad\u00e1.<\/p>\n<p><strong><span style=\"color: #ff6600;\">Sobre Rondas de Negocios e Inversi\u00f3n<\/span><\/strong><\/p>\n<p>Fue un espacio destinado a establecer relaciones comerciales entre empresarios locales, c\u00e1maras y contrapartes internacionales. A trav\u00e9s de esta, San Juan tiene la oportunidad de mostrar su oferta exportable al mundo y as\u00ed potenciar el comercio exterior y las inversiones en los sectores productivos de la provincia.<\/p>\n<p>Este evento se llev\u00f3 a cabo el jueves, 31\u00b0 de octubre, durante la ma\u00f1ana en la Sala de Marcaci\u00f3n del Teatro del Bicentenario y cont\u00f3 con la realizaci\u00f3n de m\u00e1s de 130 reuniones. Adem\u00e1s, participaron operadores del Mercado Central de Buenos Aires, Asociaci\u00f3n de Pizzer\u00edas y Casa de Empandas (APYCE), Carmona Spa, Uchumi spa y Vicu\u00f1a Chile. Por parte de San Juan formaron parte alrededor de 60 empresas y emprendedores.<\/p>\n<p><strong><span style=\"color: #ff6600;\">Sobre Emprezar Inspira<\/span><\/strong><\/p>\n<p>Se trata de un espacio creado por la Uni\u00f3n Industrial de San Juan. En esta oportunidad se lleva adelante junto al Gobierno de San Juan. El objetivo es inspirar al sector empresarial y a j\u00f3venes de la provincia buscando transformar su visi\u00f3n de los negocios, descubrir tendencias y conectar con otras empresas que ayuden a potenciar el crecimiento. Este evento se va a desarrollar durante el jueves 31 de octubre y el 1 de noviembre de 15.30 a 18.30 h. en el Teatro del Bicentenario.<\/p>\n<p>El primer d\u00eda, Fernando Montero Bolognini, Managing Director at Globant, abre este espacio analizando los procesos de innovaci\u00f3n en el mundo de la tecnolog\u00eda. Luego, Isela Costantini, CEO Grupo Financiero GST and Board Member, habla sobre \u201cLiderando en tiempos de transformaci\u00f3n\u201d. Cierra Gerry Garbulsky, creador de Aprender de Grandes, con una charla motivadora sobre \u201cSuperpoderes para aprender e innovar durante toda la vida\u201d.<\/p>\n<p>La segunda jornada del Emprezar Inspira, la inicia Santiago G\u00f3mez Cora, Head Coach de Los Pumas 7s, con su \u201cLa m\u00e1quina de los sue\u00f1os\u201d. A continuaci\u00f3n, Camila Chaves, Emprendedora sanjuanina de Teladoc Health, diserta sobre \u201cChica Apps: Innovando desde la pasi\u00f3n Tecnol\u00f3gica\u201d. Finaliza el encuentro Jonatan Loidi, CEO de Grupo SET Latam &#8211; Embajador de Experiencia Disney \u2013 NASA, contando su experiencia y hablando sobre \u201cInnovaci\u00f3n &amp; dise\u00f1o de futuro inspirado en NASA\u201d.<\/p>\n<p><img loading=\"lazy\" decoding=\"async\" class=\"alignnone size-full wp-image-78659\" src=\"https:\/\/vocesparalelas.com.ar\/sitio\/wp-content\/uploads\/2024\/10\/FNS-FORUM-02.jpg\" alt=\"\" width=\"800\" height=\"535\" srcset=\"https:\/\/vocesparalelas.com.ar\/sitio\/wp-content\/uploads\/2024\/10\/FNS-FORUM-02.jpg 800w, https:\/\/vocesparalelas.com.ar\/sitio\/wp-content\/uploads\/2024\/10\/FNS-FORUM-02-300x201.jpg 300w, https:\/\/vocesparalelas.com.ar\/sitio\/wp-content\/uploads\/2024\/10\/FNS-FORUM-02-768x514.jpg 768w\" sizes=\"auto, (max-width: 800px) 100vw, 800px\" \/><\/p>\n<p><span style=\"color: #ff6600;\"><strong>Sobre Argentina Impacta San Juan 2024 Summit<\/strong><\/span><\/p>\n<p>Es un espacio de di\u00e1logo con un objetivo espec\u00edfico: contribuir a la expansi\u00f3n de la cultura de la sustentabilidad en empresas. En esta oportunidad, se desarrolla la 5\u00b0 edici\u00f3n de Argentina Impacta, un evento empresarial que se basa en el modelo de triple impacto.<\/p>\n<p>El mismo se lleva a cabo el viernes, 1 de Noviembre, en el Sal\u00f3n Cruce de los Andes del Centro C\u00edvico de 8.30 a 13.00 hs. con la exposici\u00f3n de tres paneles<\/p>\n<p><strong><span style=\"color: #ff6600;\">1\u00b0 Panel \u2013 09.30 hs.<\/span> <span style=\"color: #ff6600;\">Sostenibilidad e Innovaci\u00f3n para Transformar las Industrias. Participaci\u00f3n de la mujer en el trabajo.<\/span><\/strong><\/p>\n<ul>\n<li>Disertantes: Flavio Fuertes &#8211; Pacto Global &#8211; \u201cArgentina Impacta\u00bb PNUD. Isela Costantini \u2013 Board Member Barrick. CEO &#8211; Grupo GST. Mario Hern\u00e1ndez &#8211; Gerente de Sustentabilidad &#8211; Proyecto Los Azules.<\/li>\n<li>Moderador: Iv\u00e1n Grgic &#8211; Gerente de Relaciones Institucionales &#8211; Proyecto Josemar\u00eda.<\/li>\n<\/ul>\n<p><strong><span style=\"color: #ff6600;\">2\u00b0 Panel \u2013 10.30 hs. <\/span><span style=\"color: #ff6600;\">Energ\u00eda para Crecer<\/span><\/strong><\/p>\n<ul>\n<li>Disertantes: Gustavo Castagnino &#8211; Director de Asuntos Corporativos, Regulatorios y Sustentabilidad &#8211; Genneia. Lucas Estrada \u2013 Presidente EPSE &#8211; Energ\u00eda Provincial Sociedad del Estado. Marcelo Molina &#8211; Director del Instituto de Energ\u00eda El\u00e9ctrica \u2013 FI UNSJ.<\/li>\n<li>Moderador: Mariana Iribarne &#8211; Gerente de Sostenibilidad y Relaciones Institucionales &#8211; YPF LUZ.<\/li>\n<\/ul>\n<p><span style=\"color: #ff6600;\"><strong>3\u00b0 Panel \u2013 11.30 hs <\/strong>Competitividad de las Cadenas de Valor.<\/span><\/p>\n<ul>\n<li>Disertantes: Elio Del Re &#8211; Presidente &#8211; ADIMRA. Daniel Herrero &#8211; Presidente &#8211; Excelencia. Marcelo \u00c1lvarez &#8211; Director de Asuntos Gubernamentales &#8211; Barrick Sudam\u00e9rica.<\/li>\n<li>Moderadora: Laura R\u00f3polo &#8211; Banco San Juan &#8211; Consultora de Miner\u00eda, Finanzas y Sustentabilidad.<\/li>\n<\/ul>\n<p><strong><span style=\"color: #ff6600;\">Panel de cierre &#8211; 12.30 hs<\/span><\/strong><\/p>\n<p>Autoridades con palabras de resumen a cargo de ministros de Producci\u00f3n provinciales y Autoridades Nacionales.<br \/>\nCertificado de Compensaci\u00f3n de la Huella de Evento del FNS a cargo de GENNEIA.<\/p>\n<p>Firma de convenio con el secretario de PyME, Emprendedores y Econom\u00eda del Conocimiento de la Naci\u00f3n, Marcos Ayerra; y el ministro de Producci\u00f3n, Trabajo e Innovaci\u00f3n de San Juan, Gustavo Fern\u00e1ndez.<\/p>\n<p>Cierre a cargo del gobernador de la Provincia de San Juan, Dr. Marcelo Orrego.<\/p>\n<p><iframe loading=\"lazy\" title=\"Somos Energ\u00eda \u2728 Fiesta Nacional del Sol 2024\" width=\"800\" height=\"450\" src=\"https:\/\/www.youtube.com\/embed\/CNmQ_L1Popc?feature=oembed\" frameborder=\"0\" allow=\"accelerometer; autoplay; clipboard-write; encrypted-media; gyroscope; picture-in-picture; web-share\" referrerpolicy=\"strict-origin-when-cross-origin\" allowfullscreen><\/iframe><\/p>\n<p>&nbsp;<\/p>\n","protected":false},"excerpt":{"rendered":"<p>En el marco de la Fiesta Nacional del Sol 2024 se hizo la apertura de la primera edici\u00f3n y cont\u00f3<\/p>\n","protected":false},"author":3,"featured_media":78658,"comment_status":"closed","ping_status":"closed","sticky":false,"template":"","format":"standard","meta":{"_acf_changed":false,"_seopress_robots_primary_cat":"none","_seopress_titles_title":"","_seopress_titles_desc":"","_seopress_robots_index":"","colormag_page_container_layout":"default_layout","colormag_page_sidebar_layout":"default_layout","footnotes":""},"categories":[1,7],"tags":[],"class_list":["post-78655","post","type-post","status-publish","format-standard","has-post-thumbnail","hentry","category-destacadas","category-videos"],"acf":[],"_links":{"self":[{"href":"https:\/\/vocesparalelas.com.ar\/sitio\/wp-json\/wp\/v2\/posts\/78655","targetHints":{"allow":["GET"]}}],"collection":[{"href":"https:\/\/vocesparalelas.com.ar\/sitio\/wp-json\/wp\/v2\/posts"}],"about":[{"href":"https:\/\/vocesparalelas.com.ar\/sitio\/wp-json\/wp\/v2\/types\/post"}],"author":[{"embeddable":true,"href":"https:\/\/vocesparalelas.com.ar\/sitio\/wp-json\/wp\/v2\/users\/3"}],"replies":[{"embeddable":true,"href":"https:\/\/vocesparalelas.com.ar\/sitio\/wp-json\/wp\/v2\/comments?post=78655"}],"version-history":[{"count":1,"href":"https:\/\/vocesparalelas.com.ar\/sitio\/wp-json\/wp\/v2\/posts\/78655\/revisions"}],"predecessor-version":[{"id":78660,"href":"https:\/\/vocesparalelas.com.ar\/sitio\/wp-json\/wp\/v2\/posts\/78655\/revisions\/78660"}],"wp:featuredmedia":[{"embeddable":true,"href":"https:\/\/vocesparalelas.com.ar\/sitio\/wp-json\/wp\/v2\/media\/78658"}],"wp:attachment":[{"href":"https:\/\/vocesparalelas.com.ar\/sitio\/wp-json\/wp\/v2\/media?parent=78655"}],"wp:term":[{"taxonomy":"category","embeddable":true,"href":"https:\/\/vocesparalelas.com.ar\/sitio\/wp-json\/wp\/v2\/categories?post=78655"},{"taxonomy":"post_tag","embeddable":true,"href":"https:\/\/vocesparalelas.com.ar\/sitio\/wp-json\/wp\/v2\/tags?post=78655"}],"curies":[{"name":"wp","href":"https:\/\/api.w.org\/{rel}","templated":true}]}}