{"id":78573,"date":"2024-10-29T18:49:30","date_gmt":"2024-10-29T21:49:30","guid":{"rendered":"https:\/\/vocesparalelas.com.ar\/sitio\/?p=78573"},"modified":"2024-10-29T22:04:44","modified_gmt":"2024-10-30T01:04:44","slug":"sigue-el-analisis-y-el-estudio-de-los-proyectos-de-las-comisiones-de-la-camara-de-diputados-de-san-juan","status":"publish","type":"post","link":"https:\/\/vocesparalelas.com.ar\/sitio\/sigue-el-analisis-y-el-estudio-de-los-proyectos-de-las-comisiones-de-la-camara-de-diputados-de-san-juan\/","title":{"rendered":"Sigue el an\u00e1lisis y el estudio de los proyectos de las Comisiones de la C\u00e1mara de Diputados de San Juan"},"content":{"rendered":"<p>El Lunes, 28 de octubre, los legisladores integrantes de las comisiones de Hacienda y Presupuesto, y Legislaci\u00f3n y Asuntos Constitucionales &#8211; LAC -, de la C\u00e1mara de Diputados de San Juan, llevaron a cabo sus respectivas reuniones para analizar y estudiar los proyectos presentados.<\/p>\n<p><strong><span style=\"color: #800080;\">Hacienda y Presupuesto\u00a0<\/span><\/strong><\/p>\n<p>El encuentro, presidida por el presidente de comisi\u00f3n, diputado Franco Aranda, cont\u00f3 con la participaci\u00f3n de los legisladores Carlos Jaime Quiroga, Rosana Luque, Mar\u00eda Lascano, Miguel Vega, Luis Rueda, Juan Carlos Quiroga Moyano, Alejandra Leonardo, Mario Herrero, Marisa L\u00f3pez.<\/p>\n<p>En la ocasi\u00f3n, emitieron despacho favorable a un proyecto de Ley remitido por el Poder Ejecutivo, que propone aprobar el acta acuerdo en materia de obras de viviendas entre la Secretar\u00eda de Desarrollo Territorial, H\u00e1bitat y Vivienda del Ministerio de Econom\u00eda y la Provincia de San Juan. El objeto de este acuerdo consiste en que la provincia reciba financiamiento para las Obras correspondiente a planes, programas y subprogramas vigentes en materia de viviendas sociales, en el marco del Programa Nacional de construcci\u00f3n de vivienda denominado \u00abPrograma Casa Propia \u2014 Construir Futuro\u00bb y su subprograma denominado Subprograma Casa Propia \u2014 Casa Activa\u00bb.<\/p>\n<p><span style=\"color: #800080;\"><strong>Por otro lado, avanzaron en el tratamiento de los siguientes expedientes<\/strong><\/span><\/p>\n<ul>\n<li>N\u00ba 3117, proyecto de Ley del Ejecutivo que propone aprobar el convenio entre la Direcci\u00f3n Nacional de Vialidad y la Direcci\u00f3n Provincial de Vialidad de la provincia de San Juan para la conservaci\u00f3n y mantenimiento de la Avenida Circunvalaci\u00f3n y sus accesos por la Ruta Nacional N\u00ba40 y Ruta Nacional N\u00ba 20.<\/li>\n<li>N\u00ba 2783, proyecto de Ley remitido del Poder Ejecutivo, que propone aprobar en todas sus partes el \u00abAcuerdo de Asistencia, Consolidaci\u00f3n, Estimulo, e Inversi\u00f3n Tur\u00edstica para la Provincia de San Juan\u00bb y \u00abActa Compromiso de Asistencia, Consolidaci\u00f3n, Estimulo e Inversi\u00f3n Tur\u00edstica para la Provincia de San Juan en el marco del Plan Estrat\u00e9gico \u2014 Ley N&#8217; 2511-A y Anexo I Ley 2400-T celebrado el 28 de junio de 2024 entre la Provincia de San Juan y la empresa FB LINEAS AEREAS S.A, con el objeto de concesi\u00f3n por parte de la empresa de un cupo de pasajes a\u00e9reos clase \u00fanica ida y vuelta trayecto Buenos Aires &#8211; San Juan que incluye el transporte de equipaje en bodega hasta 12 (doce) kilogramos, comprendiendo las tasas e impuestos asociados, no teniendo ning\u00fan costo estos pasajes para la Provincia.<\/li>\n<\/ul>\n<p><span style=\"color: #800080;\"><strong>Legislaci\u00f3n y Asuntos Constitucionales<\/strong><\/span><\/p>\n<p>M\u00e1s tarde, fue llevada a cabo la reuni\u00f3n de LAC que estuvo presidida por su presidente, diputado Juan de la Cruz. Participaron los diputados Franco Aranda, Alejandra Leonardo, Fernanda Paredes, Sonia Ferreyra, Pedro Albagli, Marcela Quiroga y Fernando Patinella.<\/p>\n<p>Durante el encuentro otorgaron despacho favorable a los siguientes asuntos:<\/p>\n<ul>\n<li>Expediente N\u00ba 1978: proyecto de Ley presentado por el Interbloque Cambia San Juan que propone establecer el 25 de Julio de cada a\u00f1o como el D\u00eda Provincial para la prevenci\u00f3n del Ahogamiento y la promoci\u00f3n de pr\u00e1cticas seguras en ambientes acu\u00e1ticos. Asimismo, busca promover la educaci\u00f3n y concientizaci\u00f3n continua a toda la comunidad, mediante actividades de \u00edndole educativa, cient\u00edfica, cultural, entre otras, con el objeto de fomentar la prevenci\u00f3n del ahogamiento y la promoci\u00f3n de pr\u00e1cticas seguras en ambientes acu\u00e1ticos.<\/li>\n<li>Expediente N\u00ba 2093: proyecto de Ley presentado por el Interbloque Cambia San Juan que propone instituir el 28 de julio de cada a\u00f1o como \u00abD\u00eda Provincial de la Concientizaci\u00f3n del Trastorno del D\u00e9ficit de Atenci\u00f3n e Hiperactividad (TDAH)\u00bb. En este sentido, el Poder Ejecutivo provincial llevar\u00e1 a cabo a trav\u00e9s de los Ministerios u organismos correspondientes todas las acciones que estime necesarias a fin de concientizar a la poblaci\u00f3n sanjuanina sobre el trastorno del D\u00e9ficit de Atenci\u00f3n e Hiperactividad en la fecha mencionada en todos los \u00e1mbitos que crea oportuno.<\/li>\n<li>Expediente N\u00ba 2717: proyecto de Ley presentado por el interbloque Cambia San Juan que propone instituir el 17 de septiembre de cada a\u00f1o como \u00abD\u00eda Provincial de la Seguridad del Paciente\u00bb, en consonancia con las acciones llevadas a cabo a nivel mundial.<\/li>\n<li>Expediente N\u00ba 1862 y N\u00ba 1904: proyectos de Ley presentados por el interbloque Cambia San Juan y Frente Renovador, respectivamente, que proponen el acceso integral y gratuito a la detecci\u00f3n, diagn\u00f3stico, tratamiento, f\u00e1rmacos, control, capacitaci\u00f3n profesional y terapias de apoyo psicol\u00f3gicas y psiqui\u00e1tricas necesarias para el abordaje de la Endometriosis.<\/li>\n<\/ul>\n<p>&nbsp;<\/p>\n<figure id=\"attachment_37951\" aria-describedby=\"caption-attachment-37951\" style=\"width: 800px\" class=\"wp-caption alignnone\"><img loading=\"lazy\" decoding=\"async\" class=\"size-full wp-image-37951\" src=\"https:\/\/vocesparalelas.com.ar\/sitio\/wp-content\/uploads\/2021\/05\/CAMARA-EDIFICIO.jpg\" alt=\"\" width=\"800\" height=\"515\" srcset=\"https:\/\/vocesparalelas.com.ar\/sitio\/wp-content\/uploads\/2021\/05\/CAMARA-EDIFICIO.jpg 800w, https:\/\/vocesparalelas.com.ar\/sitio\/wp-content\/uploads\/2021\/05\/CAMARA-EDIFICIO-300x193.jpg 300w, https:\/\/vocesparalelas.com.ar\/sitio\/wp-content\/uploads\/2021\/05\/CAMARA-EDIFICIO-768x494.jpg 768w\" sizes=\"auto, (max-width: 800px) 100vw, 800px\" \/><figcaption id=\"caption-attachment-37951\" class=\"wp-caption-text\">Legislatura Provincial de San Juan, Rep\u00fablica Argentina<\/figcaption><\/figure>\n","protected":false},"excerpt":{"rendered":"<p>El Lunes, 28 de octubre, los legisladores integrantes de las comisiones de Hacienda y Presupuesto, y Legislaci\u00f3n y Asuntos Constitucionales<\/p>\n","protected":false},"author":3,"featured_media":78576,"comment_status":"closed","ping_status":"closed","sticky":false,"template":"","format":"standard","meta":{"_acf_changed":false,"_seopress_robots_primary_cat":"none","_seopress_titles_title":"","_seopress_titles_desc":"","_seopress_robots_index":"","colormag_page_container_layout":"default_layout","colormag_page_sidebar_layout":"default_layout","footnotes":""},"categories":[1],"tags":[],"class_list":["post-78573","post","type-post","status-publish","format-standard","has-post-thumbnail","hentry","category-destacadas"],"acf":[],"_links":{"self":[{"href":"https:\/\/vocesparalelas.com.ar\/sitio\/wp-json\/wp\/v2\/posts\/78573","targetHints":{"allow":["GET"]}}],"collection":[{"href":"https:\/\/vocesparalelas.com.ar\/sitio\/wp-json\/wp\/v2\/posts"}],"about":[{"href":"https:\/\/vocesparalelas.com.ar\/sitio\/wp-json\/wp\/v2\/types\/post"}],"author":[{"embeddable":true,"href":"https:\/\/vocesparalelas.com.ar\/sitio\/wp-json\/wp\/v2\/users\/3"}],"replies":[{"embeddable":true,"href":"https:\/\/vocesparalelas.com.ar\/sitio\/wp-json\/wp\/v2\/comments?post=78573"}],"version-history":[{"count":1,"href":"https:\/\/vocesparalelas.com.ar\/sitio\/wp-json\/wp\/v2\/posts\/78573\/revisions"}],"predecessor-version":[{"id":78577,"href":"https:\/\/vocesparalelas.com.ar\/sitio\/wp-json\/wp\/v2\/posts\/78573\/revisions\/78577"}],"wp:featuredmedia":[{"embeddable":true,"href":"https:\/\/vocesparalelas.com.ar\/sitio\/wp-json\/wp\/v2\/media\/78576"}],"wp:attachment":[{"href":"https:\/\/vocesparalelas.com.ar\/sitio\/wp-json\/wp\/v2\/media?parent=78573"}],"wp:term":[{"taxonomy":"category","embeddable":true,"href":"https:\/\/vocesparalelas.com.ar\/sitio\/wp-json\/wp\/v2\/categories?post=78573"},{"taxonomy":"post_tag","embeddable":true,"href":"https:\/\/vocesparalelas.com.ar\/sitio\/wp-json\/wp\/v2\/tags?post=78573"}],"curies":[{"name":"wp","href":"https:\/\/api.w.org\/{rel}","templated":true}]}}