{"id":78520,"date":"2024-10-28T23:15:16","date_gmt":"2024-10-29T02:15:16","guid":{"rendered":"https:\/\/vocesparalelas.com.ar\/sitio\/?p=78520"},"modified":"2024-10-30T00:41:27","modified_gmt":"2024-10-30T03:41:27","slug":"el-diseno-de-la-indumentaria-del-tudit-del-departamento-jachal-de-la-faud-de-la-unsj","status":"publish","type":"post","link":"https:\/\/vocesparalelas.com.ar\/sitio\/el-diseno-de-la-indumentaria-del-tudit-del-departamento-jachal-de-la-faud-de-la-unsj\/","title":{"rendered":"El Dise\u00f1o de la Indumentaria del TUDIT del Departamento J\u00e1chal de la FAUD de la UNSJ"},"content":{"rendered":"<p>El Lunes, 28 de Octubre, de 10 a 21 hs.; en el Aula Magna de la Facultad de Arquitectura, Urbanismo y Dise\u00f1o de la Universidad Nacional de San Juan se desarroll\u00f3 \u00ab0264 Dise\u00f1o FAUD en Taller\u00bb.<\/p>\n<p><strong><span style=\"color: #ff6600;\">Fue una ma\u00f1ana de charlas\u00a0<\/span><\/strong><\/p>\n<ul>\n<li>Vivencias en el Laboratorio Experimental Integrador TUDIT<\/li>\n<\/ul>\n<p><span style=\"color: #ff6600;\"><strong>Profesores a cargo<\/strong><\/span><\/p>\n<ul>\n<li>D. Indumentaria, Lic. Tina Fojo<\/li>\n<li>Integrantes del equipo del Laboratorio Experimental Integrador TUDIT<\/li>\n<li>Prof. Cecilia Fern\u00e1ndez<\/li>\n<\/ul>\n<p><img loading=\"lazy\" decoding=\"async\" class=\"alignnone size-full wp-image-78533\" src=\"https:\/\/vocesparalelas.com.ar\/sitio\/wp-content\/uploads\/2024\/10\/FAUD-DISENO-INDUMENTARIA-06.jpg\" alt=\"\" width=\"800\" height=\"533\" srcset=\"https:\/\/vocesparalelas.com.ar\/sitio\/wp-content\/uploads\/2024\/10\/FAUD-DISENO-INDUMENTARIA-06.jpg 800w, https:\/\/vocesparalelas.com.ar\/sitio\/wp-content\/uploads\/2024\/10\/FAUD-DISENO-INDUMENTARIA-06-300x200.jpg 300w, https:\/\/vocesparalelas.com.ar\/sitio\/wp-content\/uploads\/2024\/10\/FAUD-DISENO-INDUMENTARIA-06-768x512.jpg 768w\" sizes=\"auto, (max-width: 800px) 100vw, 800px\" \/><\/p>\n<p>Por ello, Voces Paralelas desarroll\u00f3 una entrevista Period\u00edstica a unas de las responsables la Dise\u00f1adora de Indumentaria, Lic. Tina Fojo, quien explic\u00f3 lo que signific\u00f3 la nueva experiencia 2024 realizada en la TUDIT en el Departamento J\u00e1chal de San Juan.<\/p>\n<p><iframe loading=\"lazy\" title=\"FAUD UNSJ \u010eI TINA FOJO\" width=\"800\" height=\"450\" src=\"https:\/\/www.youtube.com\/embed\/IoFUr34a7b4?feature=oembed\" frameborder=\"0\" allow=\"accelerometer; autoplay; clipboard-write; encrypted-media; gyroscope; picture-in-picture; web-share\" referrerpolicy=\"strict-origin-when-cross-origin\" allowfullscreen><\/iframe><\/p>\n<p>Luego, la Prof. Cecilia Fern\u00e1ndez, quien es de Artes visuales, destac\u00f3 el intercambio que se produjo en la TUDIT entre los estudiantes y los profesores. Resalt\u00f3 que siendo profesora de arte fue espectacular los resultados obtenidos.<\/p>\n<p><iframe loading=\"lazy\" title=\"FAUD UNSJ PROF CECILIA FERN\u00c1NDEZ\" width=\"800\" height=\"450\" src=\"https:\/\/www.youtube.com\/embed\/2KFc0lnyRgE?feature=oembed\" frameborder=\"0\" allow=\"accelerometer; autoplay; clipboard-write; encrypted-media; gyroscope; picture-in-picture; web-share\" referrerpolicy=\"strict-origin-when-cross-origin\" allowfullscreen><\/iframe><\/p>\n<p>&nbsp;<\/p>\n<p>Durante el inicio de la actividad, el Decano de la FAUD de la UNSJ, Arq. Guillermo Velasco, quien aconsej\u00f3 a los participantes que escuchen con atenci\u00f3n las charlas porque ayudan a conocer m\u00e1s la carrera de grado, las experiencias y la salida laboral.<\/p>\n<p><img loading=\"lazy\" decoding=\"async\" class=\"alignnone size-full wp-image-78523\" src=\"https:\/\/vocesparalelas.com.ar\/sitio\/wp-content\/uploads\/2024\/10\/FAUD-DISENO-INDUMENTARIA-01.jpg\" alt=\"\" width=\"800\" height=\"533\" srcset=\"https:\/\/vocesparalelas.com.ar\/sitio\/wp-content\/uploads\/2024\/10\/FAUD-DISENO-INDUMENTARIA-01.jpg 800w, https:\/\/vocesparalelas.com.ar\/sitio\/wp-content\/uploads\/2024\/10\/FAUD-DISENO-INDUMENTARIA-01-300x200.jpg 300w, https:\/\/vocesparalelas.com.ar\/sitio\/wp-content\/uploads\/2024\/10\/FAUD-DISENO-INDUMENTARIA-01-768x512.jpg 768w\" sizes=\"auto, (max-width: 800px) 100vw, 800px\" \/><\/p>\n<p><iframe loading=\"lazy\" title=\"FAUD UNSJ DECANO ARQ. GUILLERMO VELASCO\" width=\"800\" height=\"450\" src=\"https:\/\/www.youtube.com\/embed\/Q8-mq0AXGn8?feature=oembed\" frameborder=\"0\" allow=\"accelerometer; autoplay; clipboard-write; encrypted-media; gyroscope; picture-in-picture; web-share\" referrerpolicy=\"strict-origin-when-cross-origin\" allowfullscreen><\/iframe><\/p>\n<p><img loading=\"lazy\" decoding=\"async\" class=\"alignnone size-full wp-image-78524\" src=\"https:\/\/vocesparalelas.com.ar\/sitio\/wp-content\/uploads\/2024\/10\/FAUD-DISENO-INDUMENTARIA-02.jpg\" alt=\"\" width=\"800\" height=\"533\" srcset=\"https:\/\/vocesparalelas.com.ar\/sitio\/wp-content\/uploads\/2024\/10\/FAUD-DISENO-INDUMENTARIA-02.jpg 800w, https:\/\/vocesparalelas.com.ar\/sitio\/wp-content\/uploads\/2024\/10\/FAUD-DISENO-INDUMENTARIA-02-300x200.jpg 300w, https:\/\/vocesparalelas.com.ar\/sitio\/wp-content\/uploads\/2024\/10\/FAUD-DISENO-INDUMENTARIA-02-768x512.jpg 768w\" sizes=\"auto, (max-width: 800px) 100vw, 800px\" \/><\/p>\n<p>Finalmente, lleg\u00f3 el momento de escuchar la experiencia laboral del egresado de la FAUD de la UNSJ en Dise\u00f1o Gr\u00e1fico, Romeo Danna, Art Director, Senior Avon Hispana y Natura &amp; Coque vive en Buenos Aires. Fue presentado por la DG Eliana Perniche, quien es adem\u00e1s Secretaria de Extensi\u00f3n de la FAUD, Profesora e Investigadora.<\/p>\n<p><iframe loading=\"lazy\" title=\"FAUD UNSJ DIG ELIANA PERNICHE\" width=\"800\" height=\"450\" src=\"https:\/\/www.youtube.com\/embed\/Mw_84DzFJkM?feature=oembed\" frameborder=\"0\" allow=\"accelerometer; autoplay; clipboard-write; encrypted-media; gyroscope; picture-in-picture; web-share\" referrerpolicy=\"strict-origin-when-cross-origin\" allowfullscreen><\/iframe><\/p>\n<p>&nbsp;<\/p>\n<figure id=\"attachment_59382\" aria-describedby=\"caption-attachment-59382\" style=\"width: 800px\" class=\"wp-caption alignnone\"><img loading=\"lazy\" decoding=\"async\" class=\"size-full wp-image-59382\" src=\"https:\/\/vocesparalelas.com.ar\/sitio\/wp-content\/uploads\/2023\/05\/FAUD-EDIFICIO-01.jpg\" alt=\"\" width=\"800\" height=\"600\" srcset=\"https:\/\/vocesparalelas.com.ar\/sitio\/wp-content\/uploads\/2023\/05\/FAUD-EDIFICIO-01.jpg 800w, https:\/\/vocesparalelas.com.ar\/sitio\/wp-content\/uploads\/2023\/05\/FAUD-EDIFICIO-01-300x225.jpg 300w, https:\/\/vocesparalelas.com.ar\/sitio\/wp-content\/uploads\/2023\/05\/FAUD-EDIFICIO-01-768x576.jpg 768w\" sizes=\"auto, (max-width: 800px) 100vw, 800px\" \/><figcaption id=\"caption-attachment-59382\" class=\"wp-caption-text\">Facultad de Arquitectura, Urbanismo y Dise\u00f1o de la Universidad Nacional de San Juan, Rep\u00fablica Argentina<\/figcaption><\/figure>\n","protected":false},"excerpt":{"rendered":"<p>El Lunes, 28 de Octubre, de 10 a 21 hs.; en el Aula Magna de la Facultad de Arquitectura, Urbanismo<\/p>\n","protected":false},"author":3,"featured_media":78525,"comment_status":"closed","ping_status":"closed","sticky":false,"template":"","format":"standard","meta":{"_acf_changed":false,"_seopress_robots_primary_cat":"none","_seopress_titles_title":"","_seopress_titles_desc":"","_seopress_robots_index":"","colormag_page_container_layout":"default_layout","colormag_page_sidebar_layout":"default_layout","footnotes":""},"categories":[9,7],"tags":[],"class_list":["post-78520","post","type-post","status-publish","format-standard","has-post-thumbnail","hentry","category-cursos","category-videos"],"acf":[],"_links":{"self":[{"href":"https:\/\/vocesparalelas.com.ar\/sitio\/wp-json\/wp\/v2\/posts\/78520","targetHints":{"allow":["GET"]}}],"collection":[{"href":"https:\/\/vocesparalelas.com.ar\/sitio\/wp-json\/wp\/v2\/posts"}],"about":[{"href":"https:\/\/vocesparalelas.com.ar\/sitio\/wp-json\/wp\/v2\/types\/post"}],"author":[{"embeddable":true,"href":"https:\/\/vocesparalelas.com.ar\/sitio\/wp-json\/wp\/v2\/users\/3"}],"replies":[{"embeddable":true,"href":"https:\/\/vocesparalelas.com.ar\/sitio\/wp-json\/wp\/v2\/comments?post=78520"}],"version-history":[{"count":6,"href":"https:\/\/vocesparalelas.com.ar\/sitio\/wp-json\/wp\/v2\/posts\/78520\/revisions"}],"predecessor-version":[{"id":78538,"href":"https:\/\/vocesparalelas.com.ar\/sitio\/wp-json\/wp\/v2\/posts\/78520\/revisions\/78538"}],"wp:featuredmedia":[{"embeddable":true,"href":"https:\/\/vocesparalelas.com.ar\/sitio\/wp-json\/wp\/v2\/media\/78525"}],"wp:attachment":[{"href":"https:\/\/vocesparalelas.com.ar\/sitio\/wp-json\/wp\/v2\/media?parent=78520"}],"wp:term":[{"taxonomy":"category","embeddable":true,"href":"https:\/\/vocesparalelas.com.ar\/sitio\/wp-json\/wp\/v2\/categories?post=78520"},{"taxonomy":"post_tag","embeddable":true,"href":"https:\/\/vocesparalelas.com.ar\/sitio\/wp-json\/wp\/v2\/tags?post=78520"}],"curies":[{"name":"wp","href":"https:\/\/api.w.org\/{rel}","templated":true}]}}