{"id":78498,"date":"2024-10-28T22:25:09","date_gmt":"2024-10-29T01:25:09","guid":{"rendered":"https:\/\/vocesparalelas.com.ar\/sitio\/?p=78498"},"modified":"2024-10-28T22:25:09","modified_gmt":"2024-10-29T01:25:09","slug":"maraton-juntas-contra-el-cancer-de-mama-por-las-que-no-estan-por-las-estan-con-el-tratamiento-y-las-que-se-controlan-en-san-juan","status":"publish","type":"post","link":"https:\/\/vocesparalelas.com.ar\/sitio\/maraton-juntas-contra-el-cancer-de-mama-por-las-que-no-estan-por-las-estan-con-el-tratamiento-y-las-que-se-controlan-en-san-juan\/","title":{"rendered":"Marat\u00f3n \u201cJuntas contra el c\u00e1ncer de mama\u201d por las que no est\u00e1n, por las est\u00e1n con el tratamiento y las que se controlan en San Juan"},"content":{"rendered":"<p><span data-contrast=\"auto\">El S\u00e1bado, 6 de Octubre, frente del Estadio Dr. Aldo Cantoni se inici\u00f3 y finaliz\u00f3 la marat\u00f3n \u201cJuntas contra el c\u00e1ncer de mama\u201d, <\/span><span data-contrast=\"auto\">organizada por la Fundaci\u00f3n Sanatorio Argentino y Jer\u00e1rquicos Salud con la c<\/span><span data-contrast=\"auto\">olaboraci\u00f3n del <\/span>Gobierno de San Juan.<\/p>\n<p>M\u00e1s de 10 mil personas participaron de la <span data-contrast=\"auto\">marat\u00f3n \u201cJuntas contra el c\u00e1ncer de mama\u201d, <\/span>por las que no est\u00e1n, por las est\u00e1n con el tratamiento y las que se controlan.\u00a0 No s\u00f3lo estuvieron las mujeres, sino los hombre, los ni\u00f1os y la familia.<\/p>\n<p><span data-contrast=\"auto\">Con la finalidad de generar conciencia sobre esta enfermedad que afecta a miles de mujeres cada a\u00f1o \u201cCrear conciencia es la meta\u201d imponiendo el rosa por las calles de San Juan.<\/span><\/p>\n<p>Previa de la Marat\u00f3n <span data-contrast=\"auto\">\u201cJuntas contra el c\u00e1ncer de mama\u201d <\/span>se realiz\u00f3 el precalentamiento para poner a punto el cuerpo para poder correr o caminar.<\/p>\n<p><iframe loading=\"lazy\" title=\"SAN JUAN MARATON CONTRA C\u00c1NCER DE MAMA\" width=\"800\" height=\"450\" src=\"https:\/\/www.youtube.com\/embed\/bnEcYeCcWOo?feature=oembed\" frameborder=\"0\" allow=\"accelerometer; autoplay; clipboard-write; encrypted-media; gyroscope; picture-in-picture; web-share\" referrerpolicy=\"strict-origin-when-cross-origin\" allowfullscreen><\/iframe><\/p>\n<p>La m\u00fasica seleccionada atrajo a las participantes donde los presentes bailaron y se sumaron los ni\u00f1os que desarrollaron la marat\u00f3n Kids con gran entusiasmo.<\/p>\n<p><img loading=\"lazy\" decoding=\"async\" class=\"alignnone size-full wp-image-78503\" src=\"https:\/\/vocesparalelas.com.ar\/sitio\/wp-content\/uploads\/2024\/10\/MARATON-CANCER-2024-03.jpg\" alt=\"\" width=\"800\" height=\"533\" srcset=\"https:\/\/vocesparalelas.com.ar\/sitio\/wp-content\/uploads\/2024\/10\/MARATON-CANCER-2024-03.jpg 800w, https:\/\/vocesparalelas.com.ar\/sitio\/wp-content\/uploads\/2024\/10\/MARATON-CANCER-2024-03-300x200.jpg 300w, https:\/\/vocesparalelas.com.ar\/sitio\/wp-content\/uploads\/2024\/10\/MARATON-CANCER-2024-03-768x512.jpg 768w\" sizes=\"auto, (max-width: 800px) 100vw, 800px\" \/><\/p>\n<p><iframe loading=\"lazy\" title=\"SAN JUAN MARAT\u00d3N CONTRA C\u00c1NCER DE MAMA\" width=\"800\" height=\"450\" src=\"https:\/\/www.youtube.com\/embed\/qJ3LE6dtFKY?feature=oembed\" frameborder=\"0\" allow=\"accelerometer; autoplay; clipboard-write; encrypted-media; gyroscope; picture-in-picture; web-share\" referrerpolicy=\"strict-origin-when-cross-origin\" allowfullscreen><\/iframe><\/p>\n<p>&nbsp;<\/p>\n<p><span data-contrast=\"auto\">Por ello, Voces Paralelas desarroll\u00f3 una entrevista period\u00edstica al presidente de la Fundaci\u00f3n Sanatorio Argentino, Dr. Carlos Buteler, quien explic\u00f3 la importancia de la prevenci\u00f3n con controles anuales. Se mostr\u00f3 emocionado con el \u00e9xito de la marat\u00f3n \u201cJuntas contra el c\u00e1ncer de mama\u201d.<\/span><\/p>\n<p><iframe loading=\"lazy\" title=\"SAN JUAN MARAT\u00d3N CONTRA C\u00c1NCER MAMA DR CARLOS BUTELER\" width=\"800\" height=\"450\" src=\"https:\/\/www.youtube.com\/embed\/m3zWyBcIdrE?feature=oembed\" frameborder=\"0\" allow=\"accelerometer; autoplay; clipboard-write; encrypted-media; gyroscope; picture-in-picture; web-share\" referrerpolicy=\"strict-origin-when-cross-origin\" allowfullscreen><\/iframe><\/p>\n<p><span data-contrast=\"auto\">Posteriormente, lleg\u00f3 el Gobernador de San Juan, Dr. Marcelo Orrego, quien agradeci\u00f3 a los participantes para la marat\u00f3n \u201cJuntas contra el c\u00e1ncer de mama\u201d.<\/span><\/p>\n<figure id=\"attachment_78504\" aria-describedby=\"caption-attachment-78504\" style=\"width: 800px\" class=\"wp-caption alignnone\"><img loading=\"lazy\" decoding=\"async\" class=\"size-full wp-image-78504\" src=\"https:\/\/vocesparalelas.com.ar\/sitio\/wp-content\/uploads\/2024\/10\/MARATON-CANCER-2024-04.jpg\" alt=\"\" width=\"800\" height=\"533\" srcset=\"https:\/\/vocesparalelas.com.ar\/sitio\/wp-content\/uploads\/2024\/10\/MARATON-CANCER-2024-04.jpg 800w, https:\/\/vocesparalelas.com.ar\/sitio\/wp-content\/uploads\/2024\/10\/MARATON-CANCER-2024-04-300x200.jpg 300w, https:\/\/vocesparalelas.com.ar\/sitio\/wp-content\/uploads\/2024\/10\/MARATON-CANCER-2024-04-768x512.jpg 768w\" sizes=\"auto, (max-width: 800px) 100vw, 800px\" \/><figcaption id=\"caption-attachment-78504\" class=\"wp-caption-text\">El Presidente de la Fundaci\u00f3n Sanatorio Argentino, Dr. Carlos Buteler junto al Gobernador de San Juan, Dr. Marcelo Orrego<\/figcaption><\/figure>\n<p>&nbsp;<\/p>\n<p><iframe loading=\"lazy\" title=\"SAN JUAN MARAT\u00d3N CONTRA C\u00c1NCER DE MAMA GOBERNADOR DR MARCELO ORREGO\" width=\"800\" height=\"450\" src=\"https:\/\/www.youtube.com\/embed\/qqEuxn4O09Q?feature=oembed\" frameborder=\"0\" allow=\"accelerometer; autoplay; clipboard-write; encrypted-media; gyroscope; picture-in-picture; web-share\" referrerpolicy=\"strict-origin-when-cross-origin\" allowfullscreen><\/iframe><\/p>\n<p>Es as\u00ed que fue <span data-contrast=\"auto\">el Gobernador de San Juan, Dr. Marcelo Orrego, quien larg\u00f3 la marat\u00f3n \u201cJuntas contra el c\u00e1ncer de mama\u201d y los participantes felices de iniciar el gran desaf\u00edo. Fueron tres kil\u00f3metros, partiendo desde el Estadio Dr. Aldo Cantoni hacia la calle 25 de mayo, despu\u00e9s transitaron por Avenida Alem hasta calle San Luis, pasando frente del Sanatorio Argentino y regresando al punto de partida por la Avenida Libertador.<\/span><\/p>\n<p><iframe loading=\"lazy\" title=\"SAN JUAN MARAT\u00d3N CONTRA EL C\u00c1NCER DE MAMA\" width=\"800\" height=\"450\" src=\"https:\/\/www.youtube.com\/embed\/VxldZGnIzZQ?feature=oembed\" frameborder=\"0\" allow=\"accelerometer; autoplay; clipboard-write; encrypted-media; gyroscope; picture-in-picture; web-share\" referrerpolicy=\"strict-origin-when-cross-origin\" allowfullscreen><\/iframe><\/p>\n<p>&nbsp;<\/p>\n<p><span data-contrast=\"auto\">El c\u00e1ncer de mama es una de las principales causas de muerte en mujeres en todo el mundo. Sin embargo, la detecci\u00f3n temprana y los chequeos regulares pueden hacer la diferencia y salvar vidas. Con esta marat\u00f3n, los organizadores buscan no s\u00f3lo promover la actividad f\u00edsica, sino tambi\u00e9n sensibilizar a la comunidad sobre la importancia del acceso a la informaci\u00f3n, el acompa\u00f1amiento emocional y los controles m\u00e9dicos.<\/span><\/p>\n<p><span data-contrast=\"auto\">Adem\u00e1s del primer mandatario sanjuanino, acompa\u00f1\u00f3 el\u00a0<\/span>ministro de Turismo, Cultura y Deporte, Guido Romero, el secretario de Deporte, Pablo Tabachnik junto a subsecretarios y directores del \u00e1rea<span data-contrast=\"auto\">. En la marat\u00f3n participaron cadetes de la Polic\u00eda de San Juan y junto a las miles de mujeres presentes, hubo gran cantidad de hombres, ni\u00f1os, adultos mayores, deportistas adaptados y muchos se llevaron un regalo, ya que al finalizar la actividad se realizaron diversos sorteos.<\/span><\/p>\n<p><img loading=\"lazy\" decoding=\"async\" class=\"alignnone size-full wp-image-78505\" src=\"https:\/\/vocesparalelas.com.ar\/sitio\/wp-content\/uploads\/2024\/10\/MARATON-CANCER-2024-05.jpg\" alt=\"\" width=\"800\" height=\"533\" srcset=\"https:\/\/vocesparalelas.com.ar\/sitio\/wp-content\/uploads\/2024\/10\/MARATON-CANCER-2024-05.jpg 800w, https:\/\/vocesparalelas.com.ar\/sitio\/wp-content\/uploads\/2024\/10\/MARATON-CANCER-2024-05-300x200.jpg 300w, https:\/\/vocesparalelas.com.ar\/sitio\/wp-content\/uploads\/2024\/10\/MARATON-CANCER-2024-05-768x512.jpg 768w\" sizes=\"auto, (max-width: 800px) 100vw, 800px\" \/><\/p>\n","protected":false},"excerpt":{"rendered":"<p>El S\u00e1bado, 6 de Octubre, frente del Estadio Dr. Aldo Cantoni se inici\u00f3 y finaliz\u00f3 la marat\u00f3n \u201cJuntas contra el<\/p>\n","protected":false},"author":3,"featured_media":78501,"comment_status":"closed","ping_status":"closed","sticky":false,"template":"","format":"standard","meta":{"_acf_changed":false,"_seopress_robots_primary_cat":"none","_seopress_titles_title":"","_seopress_titles_desc":"","_seopress_robots_index":"","colormag_page_container_layout":"default_layout","colormag_page_sidebar_layout":"default_layout","footnotes":""},"categories":[1,7],"tags":[],"class_list":["post-78498","post","type-post","status-publish","format-standard","has-post-thumbnail","hentry","category-destacadas","category-videos"],"acf":[],"_links":{"self":[{"href":"https:\/\/vocesparalelas.com.ar\/sitio\/wp-json\/wp\/v2\/posts\/78498","targetHints":{"allow":["GET"]}}],"collection":[{"href":"https:\/\/vocesparalelas.com.ar\/sitio\/wp-json\/wp\/v2\/posts"}],"about":[{"href":"https:\/\/vocesparalelas.com.ar\/sitio\/wp-json\/wp\/v2\/types\/post"}],"author":[{"embeddable":true,"href":"https:\/\/vocesparalelas.com.ar\/sitio\/wp-json\/wp\/v2\/users\/3"}],"replies":[{"embeddable":true,"href":"https:\/\/vocesparalelas.com.ar\/sitio\/wp-json\/wp\/v2\/comments?post=78498"}],"version-history":[{"count":1,"href":"https:\/\/vocesparalelas.com.ar\/sitio\/wp-json\/wp\/v2\/posts\/78498\/revisions"}],"predecessor-version":[{"id":78506,"href":"https:\/\/vocesparalelas.com.ar\/sitio\/wp-json\/wp\/v2\/posts\/78498\/revisions\/78506"}],"wp:featuredmedia":[{"embeddable":true,"href":"https:\/\/vocesparalelas.com.ar\/sitio\/wp-json\/wp\/v2\/media\/78501"}],"wp:attachment":[{"href":"https:\/\/vocesparalelas.com.ar\/sitio\/wp-json\/wp\/v2\/media?parent=78498"}],"wp:term":[{"taxonomy":"category","embeddable":true,"href":"https:\/\/vocesparalelas.com.ar\/sitio\/wp-json\/wp\/v2\/categories?post=78498"},{"taxonomy":"post_tag","embeddable":true,"href":"https:\/\/vocesparalelas.com.ar\/sitio\/wp-json\/wp\/v2\/tags?post=78498"}],"curies":[{"name":"wp","href":"https:\/\/api.w.org\/{rel}","templated":true}]}}