{"id":78469,"date":"2024-10-27T13:54:02","date_gmt":"2024-10-27T16:54:02","guid":{"rendered":"https:\/\/vocesparalelas.com.ar\/sitio\/?p=78469"},"modified":"2024-10-28T22:44:17","modified_gmt":"2024-10-29T01:44:17","slug":"alguien-nos-amo-primero","status":"publish","type":"post","link":"https:\/\/vocesparalelas.com.ar\/sitio\/alguien-nos-amo-primero\/","title":{"rendered":"Alguien nos am\u00f3 primero"},"content":{"rendered":"<p>Por el Arzobispo de San Juan de Cuyo, Monse\u00f1or Jorge Eduardo Lozano<\/p>\n<p>Te estoy escribiendo desde Roma. Viaj\u00e9 para una reuni\u00f3n de cuatro d\u00edas del Dicasterio para las Comunicaciones, coincidiendo con los d\u00edas siguientes a la celebraci\u00f3n de clausura del S\u00ednodo sobre la sinodalidad. Me alegra poder sumarme en este acontecimiento. Hay mucha expectativa acerca del texto que contenga las propuestas que se presentar\u00e1n al Santo Padre. Algunos temas que resultaban dif\u00edciles para alcanzar consensos se resolvi\u00f3 pasarlos a un estudio m\u00e1s detallado hasta el mes de julio de 2025.<\/p>\n<p>Estemos atentos a la publicaci\u00f3n y las orientaciones que vayan surgiendo.<\/p>\n<p>El jueves pasado se dio a conocer una nueva Enc\u00edclica del Papa sobre el amor humano y divino del Coraz\u00f3n de Jesucristo. El t\u00edtulo en lat\u00edn es \u201cDilexit nos\u201d (\u201cNos am\u00f3\u201d), tomado de la carta de San Pablo a los Romanos 8, 37.<\/p>\n<p>Sabemos que Dios nos ama porque nos ama. No es un premio a nuestra buena conducta, ni un reconocimiento de nuestros m\u00e9ritos. Afirma Francisco que \u201csu coraz\u00f3n abierto nos precede y nos espera sin condiciones, sin exigir un requisito previo para poder amarnos y proponernos su amistad: \u00abnos am\u00f3 primero\u00bb (1 Jn 4,10). Gracias a Jes\u00fas \u00abnosotros hemos conocido el amor que Dios nos tiene y hemos cre\u00eddo\u00bb en ese amor (1 Jn 4,16)\u201d. (DN 1)<\/p>\n<p>\u201cPara expresar el amor de Jesucristo suele usarse el s\u00edmbolo del coraz\u00f3n\u201d (DN 2). As\u00ed lo hacemos tambi\u00e9n para hablar del amor humano. Por eso en <em>El Principito<\/em> leemos: \u201cS\u00f3lo con el coraz\u00f3n se puede ver bien; lo esencial es invisible a los ojos\u201d (Antoine de Saint-Exup\u00e9ry). Pienso en diversos modos de conocer a las personas. Un cirujano, un m\u00e9dico que realiza una ecograf\u00eda, conocen detalles ocultos de un paciente; pero la madre o un amigo lo conocen con mayor profundidad, e incluso me animo a decir que con m\u00e1s verdad.<\/p>\n<p>Por eso, \u201csi el coraz\u00f3n est\u00e1 devaluado tambi\u00e9n se deval\u00faa lo que significa hablar desde el coraz\u00f3n, actuar con coraz\u00f3n, madurar y cuidar el coraz\u00f3n. Cuando no se aprecia lo espec\u00edfico del coraz\u00f3n perdemos las respuestas que la sola inteligencia no puede dar, perdemos el encuentro con los dem\u00e1s, perdemos la poes\u00eda\u201d (DN 11). Y en consonancia con esta idea va decir unos n\u00fameros m\u00e1s adelante: \u201cEn el tiempo de la inteligencia artificial no podemos olvidar que para salvar lo humano hacen falta la poes\u00eda y el amor. Lo que ning\u00fan algoritmo podr\u00e1 albergar ser\u00e1, por ejemplo, ese momento de la infancia que se recuerda con ternura\u201d (DN 20).<\/p>\n<p>El ADN de cada persona es \u00fanico e irrepetible. Nos define una identidad biol\u00f3gica. Pero no es lo \u00fanico que nos diferencia. \u201cSe podr\u00eda decir que, en<\/p>\n<p>\u00faltimo t\u00e9rmino, yo soy mi coraz\u00f3n, porque es lo que me distingue, me configura en mi identidad espiritual y me pone en comuni\u00f3n con las dem\u00e1s personas. El algoritmo en acto en el mundo digital muestra que nuestros pensamientos y lo que decide la voluntad son mucho m\u00e1s \u2018est\u00e1ndar\u2019 de lo que cre\u00edamos. Son f\u00e1cilmente predecibles y manipulables. No as\u00ed el coraz\u00f3n.\u201d (DN 14).<\/p>\n<p>En ese lugar sagrado, tan \u00edntimo, podemos escuchar la voz de Dios. Francisco nos recuerda varios momentos expresados en la Biblia. Tomo apenas dos para compartirte. \u201cLos disc\u00edpulos de Ema\u00fas, en su misteriosa caminata con Cristo resucitado, viv\u00edan un momento de angustia, confusi\u00f3n, desesperanza, desilusi\u00f3n. No obstante, m\u00e1s all\u00e1 de todo eso y a pesar de todo, algo ocurr\u00eda en lo m\u00e1s hondo: \u00ab\u00bfNo ard\u00eda acaso nuestro coraz\u00f3n, mientras nos hablaba en el camino?\u00bb (Lc 24,32)\u201d (DN 4). El otro pasaje es el del joven rico. \u201cEntonces \u00abJes\u00fas lo mir\u00f3 con amor\u00bb (Mc 10,21). \u00bfPuedes imaginarte ese instante, ese encuentro entre los ojos de este hombre y la mirada de Jes\u00fas? Si te llama, si te convoca a una misi\u00f3n, primero te mira, penetra lo m\u00e1s \u00edntimo de tu ser.\u201d (DN 39)<\/p>\n<p>En la enc\u00edclica hay un subt\u00edtulo que me atrajo: \u201cEnamorar al mundo\u201d. All\u00ed Francisco nos recuerda que \u201cla propuesta cristiana es atractiva cuando se la puede vivir y manifestar en su integralidad; no como un simple refugio en sentimientos religiosos o en cultos fastuosos. \u00bfQu\u00e9 culto ser\u00eda para Cristo si nos conform\u00e1ramos con una relaci\u00f3n individual sin inter\u00e9s por ayudar a los dem\u00e1s a sufrir menos y a vivir mejor? \u00bfAcaso podr\u00e1 agradar al Coraz\u00f3n que tanto am\u00f3 que nos quedemos en una experiencia religiosa \u00edntima, sin consecuencias fraternas y sociales? Seamos sinceros y leamos la Palabra de Dios en toda su integralidad\u201d (DN 205).<\/p>\n<p>El amor, y s\u00f3lo el amor, permanece siempre.<\/p>\n<p>&nbsp;<\/p>\n<p><iframe loading=\"lazy\" title=\"SAN JUAN MONSE\u00d1OR JORGE LOZANO\" width=\"800\" height=\"450\" src=\"https:\/\/www.youtube.com\/embed\/6Xv1dy9Eo2M?feature=oembed\" frameborder=\"0\" allow=\"accelerometer; autoplay; clipboard-write; encrypted-media; gyroscope; picture-in-picture; web-share\" referrerpolicy=\"strict-origin-when-cross-origin\" allowfullscreen><\/iframe><\/p>\n<p>&nbsp;<\/p>\n<p><img loading=\"lazy\" decoding=\"async\" class=\"alignnone size-full wp-image-61416\" src=\"https:\/\/vocesparalelas.com.ar\/sitio\/wp-content\/uploads\/2023\/07\/ARZOBISPADO-EDIFICIO.jpg\" alt=\"\" width=\"800\" height=\"600\" srcset=\"https:\/\/vocesparalelas.com.ar\/sitio\/wp-content\/uploads\/2023\/07\/ARZOBISPADO-EDIFICIO.jpg 800w, https:\/\/vocesparalelas.com.ar\/sitio\/wp-content\/uploads\/2023\/07\/ARZOBISPADO-EDIFICIO-300x225.jpg 300w, https:\/\/vocesparalelas.com.ar\/sitio\/wp-content\/uploads\/2023\/07\/ARZOBISPADO-EDIFICIO-768x576.jpg 768w\" sizes=\"auto, (max-width: 800px) 100vw, 800px\" \/><\/p>\n","protected":false},"excerpt":{"rendered":"<p>Por el Arzobispo de San Juan de Cuyo, Monse\u00f1or Jorge Eduardo Lozano Te estoy escribiendo desde Roma. Viaj\u00e9 para una<\/p>\n","protected":false},"author":3,"featured_media":20281,"comment_status":"closed","ping_status":"closed","sticky":false,"template":"","format":"standard","meta":{"_acf_changed":false,"_seopress_robots_primary_cat":"none","_seopress_titles_title":"","_seopress_titles_desc":"","_seopress_robots_index":"","colormag_page_container_layout":"default_layout","colormag_page_sidebar_layout":"default_layout","footnotes":""},"categories":[10,7],"tags":[],"class_list":["post-78469","post","type-post","status-publish","format-standard","has-post-thumbnail","hentry","category-opiniones","category-videos"],"acf":[],"_links":{"self":[{"href":"https:\/\/vocesparalelas.com.ar\/sitio\/wp-json\/wp\/v2\/posts\/78469","targetHints":{"allow":["GET"]}}],"collection":[{"href":"https:\/\/vocesparalelas.com.ar\/sitio\/wp-json\/wp\/v2\/posts"}],"about":[{"href":"https:\/\/vocesparalelas.com.ar\/sitio\/wp-json\/wp\/v2\/types\/post"}],"author":[{"embeddable":true,"href":"https:\/\/vocesparalelas.com.ar\/sitio\/wp-json\/wp\/v2\/users\/3"}],"replies":[{"embeddable":true,"href":"https:\/\/vocesparalelas.com.ar\/sitio\/wp-json\/wp\/v2\/comments?post=78469"}],"version-history":[{"count":1,"href":"https:\/\/vocesparalelas.com.ar\/sitio\/wp-json\/wp\/v2\/posts\/78469\/revisions"}],"predecessor-version":[{"id":78472,"href":"https:\/\/vocesparalelas.com.ar\/sitio\/wp-json\/wp\/v2\/posts\/78469\/revisions\/78472"}],"wp:featuredmedia":[{"embeddable":true,"href":"https:\/\/vocesparalelas.com.ar\/sitio\/wp-json\/wp\/v2\/media\/20281"}],"wp:attachment":[{"href":"https:\/\/vocesparalelas.com.ar\/sitio\/wp-json\/wp\/v2\/media?parent=78469"}],"wp:term":[{"taxonomy":"category","embeddable":true,"href":"https:\/\/vocesparalelas.com.ar\/sitio\/wp-json\/wp\/v2\/categories?post=78469"},{"taxonomy":"post_tag","embeddable":true,"href":"https:\/\/vocesparalelas.com.ar\/sitio\/wp-json\/wp\/v2\/tags?post=78469"}],"curies":[{"name":"wp","href":"https:\/\/api.w.org\/{rel}","templated":true}]}}