{"id":78448,"date":"2024-10-25T18:47:16","date_gmt":"2024-10-25T21:47:16","guid":{"rendered":"https:\/\/vocesparalelas.com.ar\/sitio\/?p=78448"},"modified":"2024-10-25T20:47:43","modified_gmt":"2024-10-25T23:47:43","slug":"excelente-exposicion-de-trabajos-en-la-escuela-hablemos-de-dengue-en-la-escuela-marcelino-guardiola-en-san-juan","status":"publish","type":"post","link":"https:\/\/vocesparalelas.com.ar\/sitio\/excelente-exposicion-de-trabajos-en-la-escuela-hablemos-de-dengue-en-la-escuela-marcelino-guardiola-en-san-juan\/","title":{"rendered":"Excelente exposici\u00f3n de trabajos \u201cEn la escuela hablemos de dengue\u201d en la Escuela Marcelino Guardiola en San Juan"},"content":{"rendered":"<p>El ministro de Salud del Gobierno de San Juan, Dr. Am\u00edlcar Dobladez y la ministra de Educaci\u00f3n, Lic. Silvia Fuentes, acompa\u00f1ados por la secretaria de Educaci\u00f3n, Lic. Mariela Lueje, visitaron la Escuela Marcelino Guardiola, Departamento Rawson, para conocer la muestra realizada por los estudiantes, denominada \u201cEn la escuela hablemos de dengue\u201d.<\/p>\n<p>Tambi\u00e9n estuvieron presentes la directora de la Escuela Marcelino Guardiola, Prof. Nancy Caballero, y las supervisoras Prof. Liliana Carrizo y Prof. Paula de los R\u00edos.<\/p>\n<p>En un trabajo mancomunado entre los ministerios de Salud y Educaci\u00f3n, se llev\u00f3 adelante la actividad que tuvo como objetivo la capacitaci\u00f3n de docentes, supervisores y directivos y su posterior recepci\u00f3n por parte de los alumnos a trav\u00e9s de jornadas de trabajo sobre dengue.<\/p>\n<p>M\u00e1s tarde, los estudiantes de las distintas Escuelas de San Juan pudieron volcar lo aprendido en diferentes muestras, para finalizar con la exposici\u00f3n dirigida a la comunidad.<\/p>\n<p>Los equipos de Salud realizaron las capacitaciones de manera virtual en las escuelas\u00a0 y desarrollaron tem\u00e1ticas como dengue, su vector, medidas de prevenci\u00f3n, diagn\u00f3stico y tratamiento.<\/p>\n<p>Por ello, el ministro de Salud, Dr. Amilcar Dobladez\u00a0 expres\u00f3 que \u00abestoy gratamente sorprendido por el trabajo que han hecho la directora, las maestras, la supervisora, los alumnos, los pap\u00e1s. Esto nos da la pauta que la mejor forma de llevar la prevenci\u00f3n y crear conciencia de esta enfermedad son con chicos\u201d.<\/p>\n<p>\u201cLa prevenci\u00f3n es la mejor herramienta que tenemos para cuidar la salud. Y la prevenci\u00f3n es educaci\u00f3n y se genera en las escuelas. La verdad es que es muy representativo lo que han hecho, es muy claro de c\u00f3mo cuidarnos. Hay que trabajar en equipo, en conjunto. Y ac\u00e1 se ha visto un equipo que es Salud y Educaci\u00f3n\u201d.<\/p>\n<p>Seguidamente, la ministra de Educaci\u00f3, Lic. Silvia Fuentes ponder\u00f3 que \u00abesto es lo que se hace en la escuela. Aprender, aprender jugando, trabajando. La verdad que yo me voy con el coraz\u00f3n lleno de alegr\u00eda de ver lo bonito que han trabajado. Solamente queda una sola cosa, llegar con lo que hemos aprendido a cada uno de nuestros hogares. Simplemente felicitaciones a todos los que han trabajado y tambi\u00e9n un agradecimiento a los pap\u00e1s por colaborar con la escuela\u201d.<\/p>\n<p>Esta misma muestra fue replicada por alumnos de las distintas escuelas de San Juan explicando cada una de las etapas en la prevenci\u00f3n de dengue y las acciones a seguir, en base a lo aprendido en las capacitaciones y jornadas de trabajo.<\/p>\n<p><img loading=\"lazy\" decoding=\"async\" class=\"alignnone size-full wp-image-78452\" src=\"https:\/\/vocesparalelas.com.ar\/sitio\/wp-content\/uploads\/2024\/10\/ESCUELA-DENGUE-02.jpg\" alt=\"\" width=\"800\" height=\"533\" srcset=\"https:\/\/vocesparalelas.com.ar\/sitio\/wp-content\/uploads\/2024\/10\/ESCUELA-DENGUE-02.jpg 800w, https:\/\/vocesparalelas.com.ar\/sitio\/wp-content\/uploads\/2024\/10\/ESCUELA-DENGUE-02-300x200.jpg 300w, https:\/\/vocesparalelas.com.ar\/sitio\/wp-content\/uploads\/2024\/10\/ESCUELA-DENGUE-02-768x512.jpg 768w\" sizes=\"auto, (max-width: 800px) 100vw, 800px\" \/><\/p>\n<p>&nbsp;<\/p>\n","protected":false},"excerpt":{"rendered":"<p>El ministro de Salud del Gobierno de San Juan, Dr. Am\u00edlcar Dobladez y la ministra de Educaci\u00f3n, Lic. Silvia Fuentes,<\/p>\n","protected":false},"author":3,"featured_media":78451,"comment_status":"closed","ping_status":"closed","sticky":false,"template":"","format":"standard","meta":{"_acf_changed":false,"_seopress_robots_primary_cat":"none","_seopress_titles_title":"","_seopress_titles_desc":"","_seopress_robots_index":"","colormag_page_container_layout":"default_layout","colormag_page_sidebar_layout":"default_layout","footnotes":""},"categories":[1],"tags":[],"class_list":["post-78448","post","type-post","status-publish","format-standard","has-post-thumbnail","hentry","category-destacadas"],"acf":[],"_links":{"self":[{"href":"https:\/\/vocesparalelas.com.ar\/sitio\/wp-json\/wp\/v2\/posts\/78448","targetHints":{"allow":["GET"]}}],"collection":[{"href":"https:\/\/vocesparalelas.com.ar\/sitio\/wp-json\/wp\/v2\/posts"}],"about":[{"href":"https:\/\/vocesparalelas.com.ar\/sitio\/wp-json\/wp\/v2\/types\/post"}],"author":[{"embeddable":true,"href":"https:\/\/vocesparalelas.com.ar\/sitio\/wp-json\/wp\/v2\/users\/3"}],"replies":[{"embeddable":true,"href":"https:\/\/vocesparalelas.com.ar\/sitio\/wp-json\/wp\/v2\/comments?post=78448"}],"version-history":[{"count":1,"href":"https:\/\/vocesparalelas.com.ar\/sitio\/wp-json\/wp\/v2\/posts\/78448\/revisions"}],"predecessor-version":[{"id":78453,"href":"https:\/\/vocesparalelas.com.ar\/sitio\/wp-json\/wp\/v2\/posts\/78448\/revisions\/78453"}],"wp:featuredmedia":[{"embeddable":true,"href":"https:\/\/vocesparalelas.com.ar\/sitio\/wp-json\/wp\/v2\/media\/78451"}],"wp:attachment":[{"href":"https:\/\/vocesparalelas.com.ar\/sitio\/wp-json\/wp\/v2\/media?parent=78448"}],"wp:term":[{"taxonomy":"category","embeddable":true,"href":"https:\/\/vocesparalelas.com.ar\/sitio\/wp-json\/wp\/v2\/categories?post=78448"},{"taxonomy":"post_tag","embeddable":true,"href":"https:\/\/vocesparalelas.com.ar\/sitio\/wp-json\/wp\/v2\/tags?post=78448"}],"curies":[{"name":"wp","href":"https:\/\/api.w.org\/{rel}","templated":true}]}}