{"id":78386,"date":"2024-10-24T22:40:35","date_gmt":"2024-10-25T01:40:35","guid":{"rendered":"https:\/\/vocesparalelas.com.ar\/sitio\/?p=78386"},"modified":"2024-10-25T20:50:07","modified_gmt":"2024-10-25T23:50:07","slug":"mas-de-10-000-alumnos-del-secundario-de-san-juan-participaron-del-operativo-aprender-argentina-2024","status":"publish","type":"post","link":"https:\/\/vocesparalelas.com.ar\/sitio\/mas-de-10-000-alumnos-del-secundario-de-san-juan-participaron-del-operativo-aprender-argentina-2024\/","title":{"rendered":"M\u00e1s de 10.000 alumnos del Secundario de San Juan participaron del Operativo Aprender Argentina 2024"},"content":{"rendered":"<p>El Ministerio de Educaci\u00f3n del Gobierno de San Juan comunica que el Operativo Aprender Nacional Argentina 2024 de nivel secundario se desarroll\u00f3 en San Juan con m\u00e1s de 10.000 alumnos en m\u00e1s de 200 escuelas, tanto de gesti\u00f3n estatal como privada. La evaluaci\u00f3n fue censal y se evalu\u00f3 a trav\u00e9s con opci\u00f3n m\u00faltiple y respuestas cerradas en Lengua y Matem\u00e1tica.<\/p>\n<p>Por resoluci\u00f3n provincial 16484-ME-2024, San Juan cumpli\u00f3\u00a0 con esta prueba de car\u00e1cter nacional en Argentina. En rigor, el Jueves, 24 de Octubre, participaron 10.493 alumnos en el Operativo Aprender, distribuidos en 214 escuelas validadas, 168 de gesti\u00f3n estatal y 46 de gesti\u00f3n privada.<\/p>\n<p>Todo el proceso cont\u00f3 con observadores federales, ya que dos personas llegaron de la provincia de La Rioja para tal fin, a la vez que hubo un veedor por cada escuela.<\/p>\n<p>La evaluaci\u00f3n fue a trav\u00e9s de un cuestionario con opciones m\u00faltiples y respuestas cerradas en Lengua y Matem\u00e1tica, a la vez que hubo un cuestionario complementario de contexto para indagar sobre otros aspectos de la vida escolar, con el objetivo de obtener informaci\u00f3n sobre las caracter\u00edsticas de las condiciones de ense\u00f1anza y aprendizaje.<\/p>\n<p><span style=\"color: #ff6600;\"><strong>\u00bfQu\u00e9 se evalu\u00f3?\u00a0<\/strong><\/span><\/p>\n<p>Los estudiantes realizaron la evaluaci\u00f3n con opci\u00f3n m\u00faltiple y respuestas cerradas. En lengua se evalu\u00f3 la comprensi\u00f3n lectora de diversos tipos de textos en torno a tres capacidades cognitivas: extraer informaci\u00f3n de un texto; interpretar el significado global y local de un texto, haciendo inferencias; y reflexionar y evaluar lo le\u00eddo apelando a la propia experiencia, conocimientos e ideas.<\/p>\n<p>En matem\u00e1tica se evalu\u00f3 la resoluci\u00f3n de problemas. Los contenidos incluyen las propiedades de los n\u00fameros, funciones, ecuaciones e inecuaciones, geometr\u00eda y medida, y estad\u00edstica y probabilidad.<\/p>\n<p>Adem\u00e1s de la prueba estandarizada, como es habitual, se aplic\u00f3 cuestionarios complementarios de contexto a estudiantes y equipos directivos para indagar sobre otros aspectos relacionados con la situaci\u00f3n familiar de los chicos, el clima escolar y las condiciones de ense\u00f1anza y aprendizaje.<\/p>\n<p>La prueba no implica suspensi\u00f3n de clases. Sus resultados nacionales y por provincia estar\u00e1n disponibles a principio del 2025. Adem\u00e1s, a fines de 2025, cada escuela recibir\u00e1 un reporte con la informaci\u00f3n de sus estudiantes, con el objetivo de \u201corientar la toma de decisiones\u201d, seg\u00fan se indica en la \u00faltima versi\u00f3n del Plan Nacional de Evaluaci\u00f3n Educativa 2023-2024, aprobada en mayo por el Consejo Federal de Educaci\u00f3n.<\/p>\n<p><img loading=\"lazy\" decoding=\"async\" class=\"alignnone size-full wp-image-28629\" src=\"https:\/\/vocesparalelas.com.ar\/sitio\/wp-content\/uploads\/2020\/05\/MINISTERIO-EDUCACION-SJ.jpg\" alt=\"\" width=\"800\" height=\"533\" srcset=\"https:\/\/vocesparalelas.com.ar\/sitio\/wp-content\/uploads\/2020\/05\/MINISTERIO-EDUCACION-SJ.jpg 800w, https:\/\/vocesparalelas.com.ar\/sitio\/wp-content\/uploads\/2020\/05\/MINISTERIO-EDUCACION-SJ-300x200.jpg 300w, https:\/\/vocesparalelas.com.ar\/sitio\/wp-content\/uploads\/2020\/05\/MINISTERIO-EDUCACION-SJ-768x512.jpg 768w\" sizes=\"auto, (max-width: 800px) 100vw, 800px\" \/><\/p>\n","protected":false},"excerpt":{"rendered":"<p>El Ministerio de Educaci\u00f3n del Gobierno de San Juan comunica que el Operativo Aprender Nacional Argentina 2024 de nivel secundario<\/p>\n","protected":false},"author":3,"featured_media":44397,"comment_status":"closed","ping_status":"closed","sticky":false,"template":"","format":"standard","meta":{"_acf_changed":false,"_seopress_robots_primary_cat":"none","_seopress_titles_title":"","_seopress_titles_desc":"","_seopress_robots_index":"","colormag_page_container_layout":"default_layout","colormag_page_sidebar_layout":"default_layout","footnotes":""},"categories":[5],"tags":[],"class_list":["post-78386","post","type-post","status-publish","format-standard","has-post-thumbnail","hentry","category-ofrecimientos"],"acf":[],"_links":{"self":[{"href":"https:\/\/vocesparalelas.com.ar\/sitio\/wp-json\/wp\/v2\/posts\/78386","targetHints":{"allow":["GET"]}}],"collection":[{"href":"https:\/\/vocesparalelas.com.ar\/sitio\/wp-json\/wp\/v2\/posts"}],"about":[{"href":"https:\/\/vocesparalelas.com.ar\/sitio\/wp-json\/wp\/v2\/types\/post"}],"author":[{"embeddable":true,"href":"https:\/\/vocesparalelas.com.ar\/sitio\/wp-json\/wp\/v2\/users\/3"}],"replies":[{"embeddable":true,"href":"https:\/\/vocesparalelas.com.ar\/sitio\/wp-json\/wp\/v2\/comments?post=78386"}],"version-history":[{"count":1,"href":"https:\/\/vocesparalelas.com.ar\/sitio\/wp-json\/wp\/v2\/posts\/78386\/revisions"}],"predecessor-version":[{"id":78389,"href":"https:\/\/vocesparalelas.com.ar\/sitio\/wp-json\/wp\/v2\/posts\/78386\/revisions\/78389"}],"wp:featuredmedia":[{"embeddable":true,"href":"https:\/\/vocesparalelas.com.ar\/sitio\/wp-json\/wp\/v2\/media\/44397"}],"wp:attachment":[{"href":"https:\/\/vocesparalelas.com.ar\/sitio\/wp-json\/wp\/v2\/media?parent=78386"}],"wp:term":[{"taxonomy":"category","embeddable":true,"href":"https:\/\/vocesparalelas.com.ar\/sitio\/wp-json\/wp\/v2\/categories?post=78386"},{"taxonomy":"post_tag","embeddable":true,"href":"https:\/\/vocesparalelas.com.ar\/sitio\/wp-json\/wp\/v2\/tags?post=78386"}],"curies":[{"name":"wp","href":"https:\/\/api.w.org\/{rel}","templated":true}]}}