{"id":78350,"date":"2024-10-23T17:34:45","date_gmt":"2024-10-23T20:34:45","guid":{"rendered":"https:\/\/vocesparalelas.com.ar\/sitio\/?p=78350"},"modified":"2024-10-24T22:07:40","modified_gmt":"2024-10-25T01:07:40","slug":"una-programacion-con-propuestas-artisticas-para-una-variedad-de-gustos-en-san-juan","status":"publish","type":"post","link":"https:\/\/vocesparalelas.com.ar\/sitio\/una-programacion-con-propuestas-artisticas-para-una-variedad-de-gustos-en-san-juan\/","title":{"rendered":"Una programaci\u00f3n con propuestas art\u00edsticas para una variedad de gustos en San Juan"},"content":{"rendered":"<p>Una oferta cultural en San Juan que abarca desde m\u00fasica de c\u00e1mara y \u00f3pera, hasta folclore moderno y poes\u00eda visual, con una programaci\u00f3n con propuestas art\u00edsticas para una variedad de gustos.<\/p>\n<p>El jueves 24 de octubre a las 21:00 en el Auditorio Juan Victoria, \u00abCiclo de m\u00fasica de C\u00e1mara\u201d dependiente de la UNSJ-FFHA CCAO con el \u201cCuarteto de Saxofones de la UNSJ\u201d, que interpretar\u00e1n obras de E. Bozza, A. Piazzolla, P. Iturralde, entre otros. Las entradas son libres y gratuitas.<\/p>\n<p><iframe loading=\"lazy\" title=\"UNSJ CUARTETO SAXOFONES UNSJ\" width=\"800\" height=\"450\" src=\"https:\/\/www.youtube.com\/embed\/aJdJooC063s?feature=oembed\" frameborder=\"0\" allow=\"accelerometer; autoplay; clipboard-write; encrypted-media; gyroscope; picture-in-picture; web-share\" referrerpolicy=\"strict-origin-when-cross-origin\" allowfullscreen><\/iframe><\/p>\n<p>Chalet Cantoni, Casa Cultural, el Jueves 24 de octubre a partir de las 19:00, \u00abTARDE DE BOCETOS\u2019\u2019, es una iniciativa del Club Atl\u00e9tico del Fanzine, para bocetar tus ideas, pasar un momento agradable y creativo a partir de las siguientes experiencias: POES\u00cdA por Cami Grgic y Cristian Marin, collage por Ceci Mas, Bel\u00e9n Zagarra y Adriana Luna, y graffiti por Cilo1 y Ders. \u00abLa actividad es arancelada con un costo de $ 3.000 para p\u00fablico general, mayor de 18 a\u00f1os. Los estudiantes de la FAUD tienen un descuento del 50% y la oportunidad de sumar cr\u00e9ditos acad\u00e9micos. El cupo es limitado con inscripciones previas por formulario<\/p>\n<p><a href=\"https:\/\/docs.google.com\/forms\/d\/e\/1FAIpQLSeuVPb98EL3fUqACE_fByBTcBbYrjHJNd36E3fY_1k47oDYA\/viewform\">https:\/\/docs.google.com\/forms\/d\/e\/1FAIpQLSeuVPb98EL3fUqACE_fByBTcBbYrjHJNd36E3fY_1k47oDYA\/viewform<\/a><\/p>\n<p>El viernes 25 de octubre, el Teatro Sarmiento se llena de folclore moderno con\u00a0Ahyre, una de las bandas m\u00e1s prometedoras del nuevo folclore. Este talentoso cuarteto, integrado por Juan Jos\u00e9 Vasconcellos, Sebasti\u00e1n Gim\u00e9nez, Hernando Monico y Federico Maldonado, nos presenta su nueva gira \u00abEn concierto\u00bb. A partir de las 19, la funci\u00f3n es apto para todo p\u00fablico, las entradas se podr\u00e1n adquirir en tu tuentrada.com, el valor de las mismas es a partir de $15.000 hasta $25.000<\/p>\n<p><iframe loading=\"lazy\" title=\"AHYRE - TAN LEJOS (Video Oficial)\" width=\"800\" height=\"450\" src=\"https:\/\/www.youtube.com\/embed\/DvTiFIbzbds?feature=oembed\" frameborder=\"0\" allow=\"accelerometer; autoplay; clipboard-write; encrypted-media; gyroscope; picture-in-picture; web-share\" referrerpolicy=\"strict-origin-when-cross-origin\" allowfullscreen><\/iframe><\/p>\n<p>El Teatro del Bicentenario dependiente del Ministerio de Turismo, Cultura y Deporte, con el apoyo de la Fundaci\u00f3n Banco San Juan, Proyecto Jos\u00e9 Mar\u00eda y el Consulado General de Italia en Mendoza, ponen en escena en nuestra Sala Principal\u201cIL CAMPANELLO\u201d. Se trata de una versi\u00f3n novedosa y descontracturada de la \u00f3pera de Gaetano Donizetti, con producci\u00f3n del Teatro Col\u00f3n de Buenos Aires y reposici\u00f3n integral a cargo del Teatro Bicentenario. Las entradas tienen un costo desde $6.000 y se pueden adquirir en boleter\u00eda del Teatro con descuentos exclusivos (ticket joven, ticket ya!, plan familia y descuento para jubilados) y a trav\u00e9s de\u00a0<a href=\"https:\/\/www.tuentrada.com\/\">TuEntrada.com.<\/a><\/p>\n<p>El s\u00e1bado 26 de octubre 21:30 en el Auditorio Juan Victoria, se presentar\u00e1 el\u00a0\u00abPrimer Festival de M\u00fasica Popular San Juan 2024 Argentina\u201d, con funci\u00f3n \u201cSurco Abierto\u201d, con artistas invitados, Clarinar de Mujeres, Mar\u00eda Jos\u00e9 Guillemain, Natalia D\u00e1vila, Yanina Rojo, Pierina Ciallella, Silvana Poblete. En esta ocasi\u00f3n se homenajear\u00e1 a Violeta Parra, Chavela Vargas, Chabuca Granda, Maria Elena Walsh, Eladia Bl\u00e1zquez, Mercedes Sosa.<\/p>\n<p>En el Chalet Cantoni Casa Cultural, este s\u00e1bado 26 de octubre a partir de las 19,\u00a0Rodri Cactus\u00a0presenta su primer \u00e1lbum en vivo\u00a0\u201cCollage De Emociones\u201d. En la apertura del escenario nos acompa\u00f1a VHS, desde Mendoza, presentando su nuevo disco \u201cChica indie\u201d, estrenado en julio de este a\u00f1o. Toda la jornada estar\u00e1 musicalizada por Gabzz con un DJ Set popero \u2013 electr\u00f3nico. Los tickets se encuentran a la venta en EntradaWeb.<\/p>\n<p>Para finalizar el fin de semana, el domingo 27 de octubre El auditorio Juan Victoria ofrecer\u00e1\u00a0Canciones De Amor\u00a0a las 20:00. Las entradas son a beneficio de la\u00a0Asociaci\u00f3n Guerreros por la Vida San Juan, instituci\u00f3n formada por padres de ni\u00f1os y adolescentes oncol\u00f3gicos, que trabaja desde 2020, el valor de las mismas es $2000.<\/p>\n<p>&nbsp;<\/p>\n<p><img loading=\"lazy\" decoding=\"async\" class=\"alignnone size-full wp-image-65642\" src=\"https:\/\/vocesparalelas.com.ar\/sitio\/wp-content\/uploads\/2023\/11\/GOBIERNO-SAN-JUAN.jpg\" alt=\"\" width=\"800\" height=\"600\" srcset=\"https:\/\/vocesparalelas.com.ar\/sitio\/wp-content\/uploads\/2023\/11\/GOBIERNO-SAN-JUAN.jpg 800w, https:\/\/vocesparalelas.com.ar\/sitio\/wp-content\/uploads\/2023\/11\/GOBIERNO-SAN-JUAN-300x225.jpg 300w, https:\/\/vocesparalelas.com.ar\/sitio\/wp-content\/uploads\/2023\/11\/GOBIERNO-SAN-JUAN-768x576.jpg 768w\" sizes=\"auto, (max-width: 800px) 100vw, 800px\" \/><\/p>\n","protected":false},"excerpt":{"rendered":"<p>Una oferta cultural en San Juan que abarca desde m\u00fasica de c\u00e1mara y \u00f3pera, hasta folclore moderno y poes\u00eda visual,<\/p>\n","protected":false},"author":3,"featured_media":1815,"comment_status":"closed","ping_status":"closed","sticky":false,"template":"","format":"standard","meta":{"_acf_changed":false,"_seopress_robots_primary_cat":"none","_seopress_titles_title":"","_seopress_titles_desc":"","_seopress_robots_index":"","colormag_page_container_layout":"default_layout","colormag_page_sidebar_layout":"default_layout","footnotes":""},"categories":[20,7],"tags":[],"class_list":["post-78350","post","type-post","status-publish","format-standard","has-post-thumbnail","hentry","category-cartelera","category-videos"],"acf":[],"_links":{"self":[{"href":"https:\/\/vocesparalelas.com.ar\/sitio\/wp-json\/wp\/v2\/posts\/78350","targetHints":{"allow":["GET"]}}],"collection":[{"href":"https:\/\/vocesparalelas.com.ar\/sitio\/wp-json\/wp\/v2\/posts"}],"about":[{"href":"https:\/\/vocesparalelas.com.ar\/sitio\/wp-json\/wp\/v2\/types\/post"}],"author":[{"embeddable":true,"href":"https:\/\/vocesparalelas.com.ar\/sitio\/wp-json\/wp\/v2\/users\/3"}],"replies":[{"embeddable":true,"href":"https:\/\/vocesparalelas.com.ar\/sitio\/wp-json\/wp\/v2\/comments?post=78350"}],"version-history":[{"count":2,"href":"https:\/\/vocesparalelas.com.ar\/sitio\/wp-json\/wp\/v2\/posts\/78350\/revisions"}],"predecessor-version":[{"id":78354,"href":"https:\/\/vocesparalelas.com.ar\/sitio\/wp-json\/wp\/v2\/posts\/78350\/revisions\/78354"}],"wp:featuredmedia":[{"embeddable":true,"href":"https:\/\/vocesparalelas.com.ar\/sitio\/wp-json\/wp\/v2\/media\/1815"}],"wp:attachment":[{"href":"https:\/\/vocesparalelas.com.ar\/sitio\/wp-json\/wp\/v2\/media?parent=78350"}],"wp:term":[{"taxonomy":"category","embeddable":true,"href":"https:\/\/vocesparalelas.com.ar\/sitio\/wp-json\/wp\/v2\/categories?post=78350"},{"taxonomy":"post_tag","embeddable":true,"href":"https:\/\/vocesparalelas.com.ar\/sitio\/wp-json\/wp\/v2\/tags?post=78350"}],"curies":[{"name":"wp","href":"https:\/\/api.w.org\/{rel}","templated":true}]}}