{"id":78334,"date":"2024-10-23T19:23:21","date_gmt":"2024-10-23T22:23:21","guid":{"rendered":"https:\/\/vocesparalelas.com.ar\/sitio\/?p=78334"},"modified":"2024-10-25T00:27:09","modified_gmt":"2024-10-25T03:27:09","slug":"capacitacion-mineria-en-san-juan-y-argentina","status":"publish","type":"post","link":"https:\/\/vocesparalelas.com.ar\/sitio\/capacitacion-mineria-en-san-juan-y-argentina\/","title":{"rendered":"Capacitaci\u00f3n \u00abMiner\u00eda en San Juan y Argentina\u00bb"},"content":{"rendered":"<p>El Ministerio de Miner\u00eda del Gobierno de San Juan informa que contin\u00faa abierta la inscripci\u00f3n para la formaci\u00f3n docente en Miner\u00eda hasta el Viernes, 25 de Octubre, misma fecha en que comienza el curso.<\/p>\n<p>La capacitaci\u00f3n se imparte en las Aulas H\u00edbridas de los Departamentos Iglesia, J\u00e1chal, Valle F\u00e9rtil y Calingasta, distribuida en tres m\u00f3dulos el 25 de Octubre, 01 y 08 de Noviembre.<\/p>\n<p>El programa, que se desarrolla en un formato h\u00edbrido, es decir de manera virtual y presencial, y tiene una duraci\u00f3n de seis horas. Las clases son expositivas, para promover la comprensi\u00f3n de los conceptos te\u00f3ricos y definiciones presentadas.<\/p>\n<p>Esta capacitaci\u00f3n, es un esfuerzo conjunto de los ministerios de Miner\u00eda y Educaci\u00f3n del Gobierno de San Juan, y ofrece una oportunidad para que los educadores ampl\u00eden su conocimiento sobre un sector esencial para la econom\u00eda y el desarrollo regional, proporcionando as\u00ed una educaci\u00f3n m\u00e1s completa y actualizada a sus estudiantes.<\/p>\n<p>Los contenidos abarcan temas esenciales como el estado actual de la miner\u00eda en San Juan y Argentina, y las etapas del proceso minero: prospecci\u00f3n, exploraci\u00f3n, desarrollo, explotaci\u00f3n, procesamiento de minerales, comercializaci\u00f3n y cierre de minas.<\/p>\n<p>Tambi\u00e9n se analizan los m\u00e9todos y t\u00e9cnicas utilizados, la legislaci\u00f3n minera y ambiental, y los procedimientos para la elaboraci\u00f3n y presentaci\u00f3n del Informe de Impacto Ambiental y la obtenci\u00f3n de la Declaraci\u00f3n de Impacto Ambiental.<\/p>\n<p><strong><span style=\"color: #ff6600;\">Inscripci\u00f3n\u00a0<\/span>\u00a0<\/strong><\/p>\n<p><a href=\"https:\/\/forms.gle\/LNdZfzcHubf9TJit5\">https:\/\/forms.gle\/LNdZfzcHubf9TJit5<\/a><\/p>\n<p>&nbsp;<\/p>\n<p><img loading=\"lazy\" decoding=\"async\" class=\"alignnone size-full wp-image-73990\" src=\"https:\/\/vocesparalelas.com.ar\/sitio\/wp-content\/uploads\/2024\/06\/MINERIA-GUALCAMAYO.jpg\" alt=\"\" width=\"800\" height=\"418\" srcset=\"https:\/\/vocesparalelas.com.ar\/sitio\/wp-content\/uploads\/2024\/06\/MINERIA-GUALCAMAYO.jpg 800w, https:\/\/vocesparalelas.com.ar\/sitio\/wp-content\/uploads\/2024\/06\/MINERIA-GUALCAMAYO-300x157.jpg 300w, https:\/\/vocesparalelas.com.ar\/sitio\/wp-content\/uploads\/2024\/06\/MINERIA-GUALCAMAYO-768x401.jpg 768w, https:\/\/vocesparalelas.com.ar\/sitio\/wp-content\/uploads\/2024\/06\/MINERIA-GUALCAMAYO-390x205.jpg 390w\" sizes=\"auto, (max-width: 800px) 100vw, 800px\" \/><\/p>\n","protected":false},"excerpt":{"rendered":"<p>El Ministerio de Miner\u00eda del Gobierno de San Juan informa que contin\u00faa abierta la inscripci\u00f3n para la formaci\u00f3n docente en<\/p>\n","protected":false},"author":3,"featured_media":27844,"comment_status":"closed","ping_status":"closed","sticky":false,"template":"","format":"standard","meta":{"_acf_changed":false,"_seopress_robots_primary_cat":"none","_seopress_titles_title":"","_seopress_titles_desc":"","_seopress_robots_index":"","colormag_page_container_layout":"default_layout","colormag_page_sidebar_layout":"default_layout","footnotes":""},"categories":[9],"tags":[],"class_list":["post-78334","post","type-post","status-publish","format-standard","has-post-thumbnail","hentry","category-cursos"],"acf":[],"_links":{"self":[{"href":"https:\/\/vocesparalelas.com.ar\/sitio\/wp-json\/wp\/v2\/posts\/78334","targetHints":{"allow":["GET"]}}],"collection":[{"href":"https:\/\/vocesparalelas.com.ar\/sitio\/wp-json\/wp\/v2\/posts"}],"about":[{"href":"https:\/\/vocesparalelas.com.ar\/sitio\/wp-json\/wp\/v2\/types\/post"}],"author":[{"embeddable":true,"href":"https:\/\/vocesparalelas.com.ar\/sitio\/wp-json\/wp\/v2\/users\/3"}],"replies":[{"embeddable":true,"href":"https:\/\/vocesparalelas.com.ar\/sitio\/wp-json\/wp\/v2\/comments?post=78334"}],"version-history":[{"count":1,"href":"https:\/\/vocesparalelas.com.ar\/sitio\/wp-json\/wp\/v2\/posts\/78334\/revisions"}],"predecessor-version":[{"id":78337,"href":"https:\/\/vocesparalelas.com.ar\/sitio\/wp-json\/wp\/v2\/posts\/78334\/revisions\/78337"}],"wp:featuredmedia":[{"embeddable":true,"href":"https:\/\/vocesparalelas.com.ar\/sitio\/wp-json\/wp\/v2\/media\/27844"}],"wp:attachment":[{"href":"https:\/\/vocesparalelas.com.ar\/sitio\/wp-json\/wp\/v2\/media?parent=78334"}],"wp:term":[{"taxonomy":"category","embeddable":true,"href":"https:\/\/vocesparalelas.com.ar\/sitio\/wp-json\/wp\/v2\/categories?post=78334"},{"taxonomy":"post_tag","embeddable":true,"href":"https:\/\/vocesparalelas.com.ar\/sitio\/wp-json\/wp\/v2\/tags?post=78334"}],"curies":[{"name":"wp","href":"https:\/\/api.w.org\/{rel}","templated":true}]}}