{"id":78329,"date":"2024-10-23T19:01:36","date_gmt":"2024-10-23T22:01:36","guid":{"rendered":"https:\/\/vocesparalelas.com.ar\/sitio\/?p=78329"},"modified":"2024-10-25T00:26:07","modified_gmt":"2024-10-25T03:26:07","slug":"entradas-agotadas-para-el-forum-innovacion-y-energia-para-crecer-de-la-fns-2024-en-san-juan","status":"publish","type":"post","link":"https:\/\/vocesparalelas.com.ar\/sitio\/entradas-agotadas-para-el-forum-innovacion-y-energia-para-crecer-de-la-fns-2024-en-san-juan\/","title":{"rendered":"Entradas agotadas para el F\u00f3rum \u201cInnovaci\u00f3n y Energ\u00eda para Crecer\u201d de la FNS 2024 en San Juan"},"content":{"rendered":"<p>Por primera vez, la edici\u00f3n 2024 de la Fiesta Nacional del Sol incorpora un f\u00f3rum inspirador para emprendedores, empresarios, las industrias y la comunidad sanjuanina, a trav\u00e9s del Ministerio de Producci\u00f3n, Trabajo e Innovaci\u00f3n.<\/p>\n<p>Desde el ministerio informaron que se agotaron las entradas del evento EMPREZAR Inspira, que se realiza junto a la Uni\u00f3n Industrial y que por primera vez ser\u00e1 parte de la FNS bajo el lema de \u201cInnovaci\u00f3n y Energ\u00eda para Crecer\u201d.<\/p>\n<p>Este f\u00f3rum que busca transformar su visi\u00f3n de los negocios, descubrir tendencias y conectar con otras empresas estar\u00e1 ubicado en el Teatro del Bicentenario para que los sanjuaninos disfruten en un espacio privilegiado escuchar a los referentes del mundo empresarial.<\/p>\n<p><iframe loading=\"lazy\" title=\"Somos Energ\u00eda\" width=\"800\" height=\"450\" src=\"https:\/\/www.youtube.com\/embed\/0aVJEzWLMpI?feature=oembed\" frameborder=\"0\" allow=\"accelerometer; autoplay; clipboard-write; encrypted-media; gyroscope; picture-in-picture; web-share\" referrerpolicy=\"strict-origin-when-cross-origin\" allowfullscreen><\/iframe><\/p>\n<p><strong><span style=\"color: #ff6600;\">Programa<\/span><\/strong><\/p>\n<h3><strong><span style=\"color: #ff6600;\">Jueves, 31 de Octubre<\/span><\/strong><\/h3>\n<ul>\n<li>15:30 hs: Acreditaciones.<\/li>\n<li>16:00 hs: Apertura FNS Forum y EMPREZAR Inspira \u2013 Palabras de apertura. Presentador: Nicol\u00e1s Valentino<\/li>\n<\/ul>\n<p><strong><span style=\"color: #ff6600;\">Speakers<\/span><\/strong><\/p>\n<ul>\n<li>Inteligencia artificial procesos de transformaci\u00f3n,\u00a0Fernando Montero Bolognini \u2013 Globant. \u2013 Managing Director Globant Buenos Aires.<\/li>\n<li>Liderando en tiempos de transformaci\u00f3n,\u00a0Isela Costantini \u2013 CEO Grupo Financiero GST and Board Member.<\/li>\n<li>Superpoderes para aprender e innovar durante toda la vida,\u00a0Gerry Garbulsky \u2013 Creador de Aprender de Grandes.<\/li>\n<\/ul>\n<p><span style=\"color: #ff6600;\"><strong>Viernes, 01 de Noviembre<\/strong><\/span><\/p>\n<ul>\n<li>15:30 hs Acreditaciones<\/li>\n<\/ul>\n<p><strong><span style=\"color: #ff6600;\">Speakers<\/span><\/strong><\/p>\n<ul>\n<li>La m\u00e1quina de los sue\u00f1os,\u00a0Santiago G\u00f3mez Cora \u2013 Head Coach de los Pumas 7S.<\/li>\n<li>Chica Apps: Innovando desde la pasi\u00f3n Tecnol\u00f3gica,\u00a0Camila Chavez \u2013 Emprendedora sanjuanina \u2013 Teladoc Health.<\/li>\n<li>Innovaci\u00f3n &amp; dise\u00f1o de futuro inspirado en NASA,\u00a0Jonatan Loidi \u2013 CEO y founder de Grupo SET Latam \u2013 Embajador de Experiencia Disney \u2013 NASA.<\/li>\n<\/ul>\n<p><iframe loading=\"lazy\" title=\"Somos Energ\u00eda \u2728 Fiesta Nacional del Sol 2024\" width=\"800\" height=\"450\" src=\"https:\/\/www.youtube.com\/embed\/CNmQ_L1Popc?feature=oembed\" frameborder=\"0\" allow=\"accelerometer; autoplay; clipboard-write; encrypted-media; gyroscope; picture-in-picture; web-share\" referrerpolicy=\"strict-origin-when-cross-origin\" allowfullscreen><\/iframe><\/p>\n","protected":false},"excerpt":{"rendered":"<p>Por primera vez, la edici\u00f3n 2024 de la Fiesta Nacional del Sol incorpora un f\u00f3rum inspirador para emprendedores, empresarios, las<\/p>\n","protected":false},"author":3,"featured_media":78332,"comment_status":"closed","ping_status":"closed","sticky":false,"template":"","format":"standard","meta":{"_acf_changed":false,"_seopress_robots_primary_cat":"none","_seopress_titles_title":"","_seopress_titles_desc":"","_seopress_robots_index":"","colormag_page_container_layout":"default_layout","colormag_page_sidebar_layout":"default_layout","footnotes":""},"categories":[2],"tags":[],"class_list":["post-78329","post","type-post","status-publish","format-standard","has-post-thumbnail","hentry","category-convocatorias"],"acf":[],"_links":{"self":[{"href":"https:\/\/vocesparalelas.com.ar\/sitio\/wp-json\/wp\/v2\/posts\/78329","targetHints":{"allow":["GET"]}}],"collection":[{"href":"https:\/\/vocesparalelas.com.ar\/sitio\/wp-json\/wp\/v2\/posts"}],"about":[{"href":"https:\/\/vocesparalelas.com.ar\/sitio\/wp-json\/wp\/v2\/types\/post"}],"author":[{"embeddable":true,"href":"https:\/\/vocesparalelas.com.ar\/sitio\/wp-json\/wp\/v2\/users\/3"}],"replies":[{"embeddable":true,"href":"https:\/\/vocesparalelas.com.ar\/sitio\/wp-json\/wp\/v2\/comments?post=78329"}],"version-history":[{"count":1,"href":"https:\/\/vocesparalelas.com.ar\/sitio\/wp-json\/wp\/v2\/posts\/78329\/revisions"}],"predecessor-version":[{"id":78333,"href":"https:\/\/vocesparalelas.com.ar\/sitio\/wp-json\/wp\/v2\/posts\/78329\/revisions\/78333"}],"wp:featuredmedia":[{"embeddable":true,"href":"https:\/\/vocesparalelas.com.ar\/sitio\/wp-json\/wp\/v2\/media\/78332"}],"wp:attachment":[{"href":"https:\/\/vocesparalelas.com.ar\/sitio\/wp-json\/wp\/v2\/media?parent=78329"}],"wp:term":[{"taxonomy":"category","embeddable":true,"href":"https:\/\/vocesparalelas.com.ar\/sitio\/wp-json\/wp\/v2\/categories?post=78329"},{"taxonomy":"post_tag","embeddable":true,"href":"https:\/\/vocesparalelas.com.ar\/sitio\/wp-json\/wp\/v2\/tags?post=78329"}],"curies":[{"name":"wp","href":"https:\/\/api.w.org\/{rel}","templated":true}]}}