{"id":78300,"date":"2024-10-22T22:03:22","date_gmt":"2024-10-23T01:03:22","guid":{"rendered":"https:\/\/vocesparalelas.com.ar\/sitio\/?p=78300"},"modified":"2024-10-24T01:46:38","modified_gmt":"2024-10-24T04:46:38","slug":"semana-de-las-escuelas-albergue-donde-la-educacion-y-el-cuidado-se-unen-en-san-juan","status":"publish","type":"post","link":"https:\/\/vocesparalelas.com.ar\/sitio\/semana-de-las-escuelas-albergue-donde-la-educacion-y-el-cuidado-se-unen-en-san-juan\/","title":{"rendered":"Semana de las Escuelas Albergue \u201cDonde la Educaci\u00f3n y el cuidado se unen\u201d en San Juan"},"content":{"rendered":"<p>Comenz\u00f3 la Semana de las Escuelas Albergue del Ministerio de Educaci\u00f3n del Gobierno de San Juan, con un acto y homenaje a cuatro directoras que se jubilaron. Este a\u00f1o, el lema es \u201cDonde la Educaci\u00f3n y el cuidado se unen\u201d y en marco habr\u00e1 visitas a radios, misas, actividades comunitarias, una muestra y hasta un fog\u00f3n criollo dentro del cronograma.<\/p>\n<p>La ceremonia de apertura de la Semana de las Escuelas Albergue se llev\u00f3 a cabo en la escuela Jos\u00e9 Manuel Estrada, Departamento Rawson y en representaci\u00f3n de la ministra de Educaci\u00f3n particip\u00f3 la directora de Educaci\u00f3n Primaria, Prof. Liliana Carrasco.<\/p>\n<p>Norma Aguilera, Vilma G\u00f3mez, Ver\u00f3nica Jofr\u00e9 y Mariela Sollazo fueron las docentes homenajeadas, directoras de Zona 26 que accedieron al beneficio de la jubilaci\u00f3n y recibieron un presente como agradecimiento por los a\u00f1os de trabajo.<\/p>\n<p>Los puntos art\u00edsticos estuvieron a cargo de los alumnos de la escuela Estrada, quienes interpretaron una canci\u00f3n llamada \u201cGracias a ti\u201d y luego bailaron con la m\u00fasica de \u201cMadre Tierra\u201d.<\/p>\n<p>En San Juan hay 15 escuelas albergue y un albergue, con una matr\u00edcula total de 1.100 alumnos distribuidos en Nivel Inicial, Primario, Secundario y Terciario.<\/p>\n<p>En general, los estudiantes viven en zonas alejadas y son de escasos recursos, por lo que la \u00fanica alternativa para acceder a la educaci\u00f3n es ingresar a la escuela los Lunes y retirarse a sus hogares los Viernes. A su vez, los docentes no s\u00f3lo comparten las aulas sino la rutina diaria, desde las comidas hasta los deberes.<\/p>\n<p>Siguiendo el cronograma, est\u00e1 previsto que el Martes, 22 de Octubre se realicen visitas a las radios de San Juan. mientras que el Mi\u00e9rcoles, 23 de Octubre, el D\u00eda de Acci\u00f3n de Gracias, con misas en las escuelas albergues.<\/p>\n<p>El Jueves, 24 de Octuvre, hay actividades comunitarias y la particularidad es que adem\u00e1s los alumnos pueden almorzar con los padres en las escuelas. Est\u00e1n previstas visitas de las autoridades departamentales y esa jornada culmina con fogones criollos.<\/p>\n<p>El cierre de la Semana de las Escuelas Albergues es el Viernes, 25 de Octubre, con un acto en la Plaza Seca del Centro C\u00edvico, en el que adem\u00e1s hay exposici\u00f3n de trabajos de los estudiantes, stands con oferta educativa y varias actividades art\u00edsticas.<\/p>\n<p>A su vez, durante todos los d\u00edas y en cada escuela se realizan actividades did\u00e1cticas, pedag\u00f3gicas, deportivas y muestras de trabajos.<\/p>\n<p><strong><span style=\"color: #ff6600;\">Escuelas albergue en San Juan<\/span><\/strong><\/p>\n<ul>\n<li>Jos\u00e9 Manuel Estrada, Departamento Rawson<\/li>\n<li>Josefa Ram\u00edrez De Garc\u00eda, Localidad Pedernal, Departamento Sarmiento<\/li>\n<li>Domingo French, Localidad Las Lagunas, Departamento Sarmiento<\/li>\n<li>Dr. Juan Carlos Navarro, Localidad Enc\u00f3n, Departamento 25 de Mayo<\/li>\n<li>Provincia de San Luis, Localidad Las Trancas, Departamento 25 de Mayo<\/li>\n<li>\u00c1lvarez Condarco, Localidad Villa Nueva, Departamento Calingasta<\/li>\n<li>Paso de los Andes, Localidad Malim\u00e1n, Departamento Iglesia<\/li>\n<li>Miguel Can\u00e9, Localidad Bauchaceta, Departamento Iglesia<\/li>\n<li>Albergue Rodeo, Departamento Iglesia<\/li>\n<li>Joaqu\u00edn V. Gonz\u00e1lez, Localidad Pampa Vieja, Departamento J\u00e1chal<\/li>\n<li>Dr. Federico Cantoni, Localidad Huaco, Departamento J\u00e1chal<\/li>\n<li>Casa del Ni\u00f1o, Localidad San Agust\u00edn, Departamento Valle F\u00e9rtil<\/li>\n<li>Marcos J. G\u00f3mez Narv\u00e1ez, Localidad Sierras de Elizondo, Departamento Valle F\u00e9rtil<\/li>\n<li>Buenaventura Collado, Localidad Sierras de Riveros, Departamento Valle F\u00e9rtil<\/li>\n<li>Hernando de Magallanes, Localidad Sierras de Ch\u00e1vez, Departamento Valle F\u00e9rtil<\/li>\n<\/ul>\n<p><img loading=\"lazy\" decoding=\"async\" class=\"alignnone size-full wp-image-28629\" src=\"https:\/\/vocesparalelas.com.ar\/sitio\/wp-content\/uploads\/2020\/05\/MINISTERIO-EDUCACION-SJ.jpg\" alt=\"\" width=\"800\" height=\"533\" srcset=\"https:\/\/vocesparalelas.com.ar\/sitio\/wp-content\/uploads\/2020\/05\/MINISTERIO-EDUCACION-SJ.jpg 800w, https:\/\/vocesparalelas.com.ar\/sitio\/wp-content\/uploads\/2020\/05\/MINISTERIO-EDUCACION-SJ-300x200.jpg 300w, https:\/\/vocesparalelas.com.ar\/sitio\/wp-content\/uploads\/2020\/05\/MINISTERIO-EDUCACION-SJ-768x512.jpg 768w\" sizes=\"auto, (max-width: 800px) 100vw, 800px\" \/><\/p>\n","protected":false},"excerpt":{"rendered":"<p>Comenz\u00f3 la Semana de las Escuelas Albergue del Ministerio de Educaci\u00f3n del Gobierno de San Juan, con un acto y<\/p>\n","protected":false},"author":3,"featured_media":78303,"comment_status":"closed","ping_status":"closed","sticky":false,"template":"","format":"standard","meta":{"_acf_changed":false,"_seopress_robots_primary_cat":"none","_seopress_titles_title":"","_seopress_titles_desc":"","_seopress_robots_index":"","colormag_page_container_layout":"default_layout","colormag_page_sidebar_layout":"default_layout","footnotes":""},"categories":[6],"tags":[],"class_list":["post-78300","post","type-post","status-publish","format-standard","has-post-thumbnail","hentry","category-eventos"],"acf":[],"_links":{"self":[{"href":"https:\/\/vocesparalelas.com.ar\/sitio\/wp-json\/wp\/v2\/posts\/78300","targetHints":{"allow":["GET"]}}],"collection":[{"href":"https:\/\/vocesparalelas.com.ar\/sitio\/wp-json\/wp\/v2\/posts"}],"about":[{"href":"https:\/\/vocesparalelas.com.ar\/sitio\/wp-json\/wp\/v2\/types\/post"}],"author":[{"embeddable":true,"href":"https:\/\/vocesparalelas.com.ar\/sitio\/wp-json\/wp\/v2\/users\/3"}],"replies":[{"embeddable":true,"href":"https:\/\/vocesparalelas.com.ar\/sitio\/wp-json\/wp\/v2\/comments?post=78300"}],"version-history":[{"count":1,"href":"https:\/\/vocesparalelas.com.ar\/sitio\/wp-json\/wp\/v2\/posts\/78300\/revisions"}],"predecessor-version":[{"id":78304,"href":"https:\/\/vocesparalelas.com.ar\/sitio\/wp-json\/wp\/v2\/posts\/78300\/revisions\/78304"}],"wp:featuredmedia":[{"embeddable":true,"href":"https:\/\/vocesparalelas.com.ar\/sitio\/wp-json\/wp\/v2\/media\/78303"}],"wp:attachment":[{"href":"https:\/\/vocesparalelas.com.ar\/sitio\/wp-json\/wp\/v2\/media?parent=78300"}],"wp:term":[{"taxonomy":"category","embeddable":true,"href":"https:\/\/vocesparalelas.com.ar\/sitio\/wp-json\/wp\/v2\/categories?post=78300"},{"taxonomy":"post_tag","embeddable":true,"href":"https:\/\/vocesparalelas.com.ar\/sitio\/wp-json\/wp\/v2\/tags?post=78300"}],"curies":[{"name":"wp","href":"https:\/\/api.w.org\/{rel}","templated":true}]}}