{"id":78276,"date":"2024-10-22T20:34:35","date_gmt":"2024-10-22T23:34:35","guid":{"rendered":"https:\/\/vocesparalelas.com.ar\/sitio\/?p=78276"},"modified":"2024-10-24T01:19:54","modified_gmt":"2024-10-24T04:19:54","slug":"redtulum-gratis-para-llegar-y-volver-en-la-fns-2024-somos-energia-en-san-juan","status":"publish","type":"post","link":"https:\/\/vocesparalelas.com.ar\/sitio\/redtulum-gratis-para-llegar-y-volver-en-la-fns-2024-somos-energia-en-san-juan\/","title":{"rendered":"RedTulum gratis para llegar y volver en la FNS 2024 \u00abSomos Energ\u00eda\u00bb en San Juan"},"content":{"rendered":"<p>RedTulum inform\u00f3 que coloca colectivos \u00abL\u00edneas del Sol\u00bb especiales con boleto gratuito, que salen desde los cuatro puntos cardinales para que el p\u00fablico lleguen a la Fiesta Nacional del Sol 2024 \u00abSomos Energ\u00eda\u00bb al Estadio del Bicentenario y al Vel\u00f3dromo Vicente Chancay el 31 de Octubre, 1 y 2 de Noviembre.<\/p>\n<p><iframe loading=\"lazy\" title=\"Somos Energ\u00eda\" width=\"800\" height=\"450\" src=\"https:\/\/www.youtube.com\/embed\/0aVJEzWLMpI?feature=oembed\" frameborder=\"0\" allow=\"accelerometer; autoplay; clipboard-write; encrypted-media; gyroscope; picture-in-picture; web-share\" referrerpolicy=\"strict-origin-when-cross-origin\" allowfullscreen><\/iframe><\/p>\n<p>Es un servicio especial de transporte p\u00fablico que conecta los distintos puntos de la provincia con el Estadio del Bicentenario y el Vel\u00f3dromo Vicente Chancay, para vivir la Fiesta Nacional del Sol 2024, de manera gratuita. As\u00ed lo inform\u00f3 el Ministerio de Gobierno, a trav\u00e9s de la Direcci\u00f3n de Coordinaci\u00f3n de la RedTulum.<\/p>\n<p><span style=\"color: #ff0000;\"><strong>Estas l\u00edneas comienzan su recorrido a las 18.30 hs.; en el viaje de ida y desde las 23 hs. hasta las 3 hs.; el viaje de vuelta a la ciudad.<\/strong><\/span><\/p>\n<ul>\n<li>La L\u00ednea Magenta conecta el Oeste con el Estadio. Los colectivos salen desde cuatro lugares: uno de ellos es el Parque de Rivadavia; otras dos salidas se ubican en La Bebida; mientras que en Capital salen micros desde la Estaci\u00f3n C\u00f3rdoba.<\/li>\n<li>La L\u00ednea Verde conecta el Norte de la provincia con el Estadio y el Vel\u00f3dromo: salen colectivos desde dos puntos de Chimbas y uno desde Albard\u00f3n.<\/li>\n<li>La L\u00ednea Celeste traslada a los pasajeros a la FNS desde el Este. Santa Luc\u00eda tiene tres lugares de salidas; Caucete, uno punto de salida de colectivos y 9 de Julio, dos puntos se\u00f1alizados.<\/li>\n<li>La L\u00ednea Amarilla conecta a los pasajeros desde el Sur con la FNS. Desde Rawson hay dos puntos de salida. Desde Pocito, hay dos puntos y Sarmiento, tambi\u00e9n posee dos paradas.<\/li>\n<\/ul>\n<p><iframe loading=\"lazy\" title=\"Somos Energ\u00eda \u2728 Fiesta Nacional del Sol 2024\" width=\"800\" height=\"450\" src=\"https:\/\/www.youtube.com\/embed\/CNmQ_L1Popc?feature=oembed\" frameborder=\"0\" allow=\"accelerometer; autoplay; clipboard-write; encrypted-media; gyroscope; picture-in-picture; web-share\" referrerpolicy=\"strict-origin-when-cross-origin\" allowfullscreen><\/iframe><\/p>\n<p>&nbsp;<\/p>\n<p><strong><span style=\"color: #ff0000;\">La distribuci\u00f3n organizada estrat\u00e9gicamente<\/span><\/strong><\/p>\n<p>Es importante aclarar que estos recorridos especiales transitar\u00e1n desde el punto de salida en cada departamento y se dirigir\u00e1 por Ruta 40 camino al Estadio del Bicentenario:<\/p>\n<p><strong><span style=\"color: #ff0000;\">L\u00edneas del Sol<\/span><\/strong><\/p>\n<p><strong><span style=\"color: #ff0000;\">L\u00ednea Magenta Oeste\u00a0sale desde:<\/span><\/strong><\/p>\n<ul>\n<li>Rivadavia: Parque de Rivadavia \/ La Bebida: calle Comercio (Mor\u00f3n) a la altura de la Uni\u00f3n Vecinal del Barrio Conjunto V y Pellegrini y calle Yornet<\/li>\n<li>Capital: Estaci\u00f3n C\u00f3rdoba<\/li>\n<\/ul>\n<p><strong><span style=\"color: #ff0000;\">L\u00ednea Verde Norte\u00a0sale desde:<\/span><\/strong><\/p>\n<ul>\n<li>Chimbas: Parque de Chimbas y Plaza de Chimbas<\/li>\n<li>Albard\u00f3n: Plaza de Albard\u00f3n<\/li>\n<\/ul>\n<p><strong><span style=\"color: #ff0000;\">L\u00ednea Celeste Este\u00a0sale desde:<\/span><\/strong><\/p>\n<ul>\n<li>Santa Luc\u00eda: San Lorenzo y Col\u00f3n \/ Plaza Alto de Sierra \/ Plaza de Santa Lucia<\/li>\n<li>Caucete: Terminal de \u00d3mnibus de Caucete<\/li>\n<li>9 de Julio: Plaza 9 de Julio \/Las Chacritas (desde sede Policial)<\/li>\n<\/ul>\n<p><span style=\"color: #ff0000;\"><strong>L\u00ednea Amarilla Sur<\/strong>\u00a0sale desde:<\/span><\/p>\n<ul>\n<li>Rawson: Plaza de Villa Krause \/ Rep\u00fablica del L\u00edbano y San Miguel<\/li>\n<li>Pocito: Plaza Libertad de Pocito \/ Boulevard de Carpinter\u00eda<\/li>\n<li>Sarmiento: Plaza de Media Agua \/ Plaza Los Berros<\/li>\n<\/ul>\n<p><img loading=\"lazy\" decoding=\"async\" class=\"alignnone size-full wp-image-75903\" src=\"https:\/\/vocesparalelas.com.ar\/sitio\/wp-content\/uploads\/2024\/08\/FNS-2024-02.jpg\" alt=\"\" width=\"800\" height=\"480\" srcset=\"https:\/\/vocesparalelas.com.ar\/sitio\/wp-content\/uploads\/2024\/08\/FNS-2024-02.jpg 800w, https:\/\/vocesparalelas.com.ar\/sitio\/wp-content\/uploads\/2024\/08\/FNS-2024-02-300x180.jpg 300w, https:\/\/vocesparalelas.com.ar\/sitio\/wp-content\/uploads\/2024\/08\/FNS-2024-02-768x461.jpg 768w\" sizes=\"auto, (max-width: 800px) 100vw, 800px\" \/><\/p>\n","protected":false},"excerpt":{"rendered":"<p>RedTulum inform\u00f3 que coloca colectivos \u00abL\u00edneas del Sol\u00bb especiales con boleto gratuito, que salen desde los cuatro puntos cardinales para<\/p>\n","protected":false},"author":3,"featured_media":74417,"comment_status":"closed","ping_status":"closed","sticky":false,"template":"","format":"standard","meta":{"_acf_changed":false,"_seopress_robots_primary_cat":"none","_seopress_titles_title":"","_seopress_titles_desc":"","_seopress_robots_index":"","colormag_page_container_layout":"default_layout","colormag_page_sidebar_layout":"default_layout","footnotes":""},"categories":[6,7],"tags":[],"class_list":["post-78276","post","type-post","status-publish","format-standard","has-post-thumbnail","hentry","category-eventos","category-videos"],"acf":[],"_links":{"self":[{"href":"https:\/\/vocesparalelas.com.ar\/sitio\/wp-json\/wp\/v2\/posts\/78276","targetHints":{"allow":["GET"]}}],"collection":[{"href":"https:\/\/vocesparalelas.com.ar\/sitio\/wp-json\/wp\/v2\/posts"}],"about":[{"href":"https:\/\/vocesparalelas.com.ar\/sitio\/wp-json\/wp\/v2\/types\/post"}],"author":[{"embeddable":true,"href":"https:\/\/vocesparalelas.com.ar\/sitio\/wp-json\/wp\/v2\/users\/3"}],"replies":[{"embeddable":true,"href":"https:\/\/vocesparalelas.com.ar\/sitio\/wp-json\/wp\/v2\/comments?post=78276"}],"version-history":[{"count":2,"href":"https:\/\/vocesparalelas.com.ar\/sitio\/wp-json\/wp\/v2\/posts\/78276\/revisions"}],"predecessor-version":[{"id":78288,"href":"https:\/\/vocesparalelas.com.ar\/sitio\/wp-json\/wp\/v2\/posts\/78276\/revisions\/78288"}],"wp:featuredmedia":[{"embeddable":true,"href":"https:\/\/vocesparalelas.com.ar\/sitio\/wp-json\/wp\/v2\/media\/74417"}],"wp:attachment":[{"href":"https:\/\/vocesparalelas.com.ar\/sitio\/wp-json\/wp\/v2\/media?parent=78276"}],"wp:term":[{"taxonomy":"category","embeddable":true,"href":"https:\/\/vocesparalelas.com.ar\/sitio\/wp-json\/wp\/v2\/categories?post=78276"},{"taxonomy":"post_tag","embeddable":true,"href":"https:\/\/vocesparalelas.com.ar\/sitio\/wp-json\/wp\/v2\/tags?post=78276"}],"curies":[{"name":"wp","href":"https:\/\/api.w.org\/{rel}","templated":true}]}}