{"id":78267,"date":"2024-10-21T21:13:56","date_gmt":"2024-10-22T00:13:56","guid":{"rendered":"https:\/\/vocesparalelas.com.ar\/sitio\/?p=78267"},"modified":"2024-10-24T01:21:00","modified_gmt":"2024-10-24T04:21:00","slug":"se-lanzo-el-programa-para-fortalecer-la-economia-del-conocimiento-en-san-juan","status":"publish","type":"post","link":"https:\/\/vocesparalelas.com.ar\/sitio\/se-lanzo-el-programa-para-fortalecer-la-economia-del-conocimiento-en-san-juan\/","title":{"rendered":"Se lanz\u00f3 el Programa para fortalecer la econom\u00eda del conocimiento en San Juan"},"content":{"rendered":"<p>El Lunes, 21 de Octubre,\u00a0el gobernador de San Juan, Dr. Marcelo Orrego junto al ministro de Producci\u00f3n, Innovaci\u00f3n y Trabajo, CPN Gustavo Fern\u00e1ndez, anunci\u00f3 el lanzamiento del Programa Fortalecimiento del sector de la Econom\u00eda del Conocimiento, para el que se destina $250 millones.<\/p>\n<p>A esto se sum\u00f3 que beneficiarios del Programa de Asistencia a la Innovaci\u00f3n Productiva recibieron sus certificados. Para este programa se destinaron $150 millones.<\/p>\n<p>Cabe destacar que el programa busca potenciar el sector de la Econom\u00eda del Conocimiento como eje estrat\u00e9gico para el desarrollo econ\u00f3mico y social. Esto, adem\u00e1s de fortalecer a las empresas de este sector startups y MiPymes.<\/p>\n<p>Durante el acto, el gobernador Dr. Marcelo Orrego destac\u00f3 que \u00abhoy es un d\u00eda importante, ya que se entregaron certificados relacionados con la innovaci\u00f3n productiva y la econom\u00eda del conocimiento, dos \u00e1reas clave para el desarrollo de San Juan. Este programa federal ha premiado a distintos departamentos, lo que refleja su alcance y relevancia. La diversidad econ\u00f3mica de la provincia, que abarca desde la miner\u00eda hasta la agroindustria, se complementa con la econom\u00eda del conocimiento, un sector fundamental en el mundo actual. Es crucial reconocer que estos fondos provienen de las regal\u00edas mineras, lo que permite financiar iniciativas como esta sin necesidad de reembolso\u00bb.<\/p>\n<p>Por su lado, el ministro de Producci\u00f3n, Innovaci\u00f3n y Trabajo, CPN Gustavo Fern\u00e1ndez asegur\u00f3 que \u201choy reconocemos a las empresas innovadoras que participan en el programa de innovaci\u00f3n productiva, lanzado a mediados de a\u00f1o, un programa clave que ha financiado 30 proyectos seleccionados entre 60 candidatos. Cada uno de estos proyectos recibir\u00e1 5 millones de pesos de aportes no reembolsables, sumando un total de 150 millones de pesos\u00bb.<\/p>\n<p>\u00abEstamos presentando un nuevo programa enfocado en el desarrollo de la econom\u00eda del conocimiento, con una inversi\u00f3n de 250 millones de pesos. Este programa est\u00e1 dirigido a empresas que trabajan en nanotecnolog\u00eda, software, servicios profesionales y otras actividades tecnol\u00f3gicas, con un especial inter\u00e9s en generar empleos para sanjuaninos\u00bb.<\/p>\n<p>\u00abEste es un primer paso hacia un futuro donde buscaremos ampliar estas oportunidades. Felicito a los ganadores de este primer programa de innovaci\u00f3n e invito a todos los actores del ecosistema de la econom\u00eda del conocimiento a participar en este nuevo proyecto\u00bb concluy\u00f3 el Ministro.<\/p>\n<p><iframe loading=\"lazy\" title=\"Se lanz\u00f3 un programa para fortalecer la econom\u00eda del conocimiento por $250 millones\" width=\"800\" height=\"450\" src=\"https:\/\/www.youtube.com\/embed\/ImSdvFBygGU?feature=oembed\" frameborder=\"0\" allow=\"accelerometer; autoplay; clipboard-write; encrypted-media; gyroscope; picture-in-picture; web-share\" referrerpolicy=\"strict-origin-when-cross-origin\" allowfullscreen><\/iframe><\/p>\n<p><strong><span style=\"color: #ff6600;\">Sobre el programa<\/span><\/strong><\/p>\n<p>El programa que acaba de lanzarse tiene dos aristas:<\/p>\n<p>1-Desarrollo de Proyectos en Econom\u00eda del Conocimiento (EdC): dirigido a MiPyMEs de la Econom\u00eda del Conocimiento, sobre todo startups y micro empresas de base tecnol\u00f3gica, que requieren de aportes para poner en marcha nuevos proyectos intensivos en conocimiento y acelerar sus procesos de innovaci\u00f3n y crecimiento. Se otorgan Aportes No Reembolsables (ANR) de hasta $10.000.000 para cubrir el 70% del costo total de cada proyecto.<br \/>\nPresupuesto estimado para 2024: $200.000.000 para financiar al menos 20 proyectos. Los fondos pueden destinarse a: bienes de capital, servicios tercerizados y contrataci\u00f3n de personal calificado.<\/p>\n<p>2- Promoci\u00f3n y Gesti\u00f3n del Talento en EdC: apoya actividades de formaci\u00f3n y capacitaci\u00f3n en el sector, tales como talleres, hackatones y conferencias. Se otorgan ANR de hasta $5.000.000 por proyecto aprobado, cubriendo hasta el 70% del costo.<\/p>\n<p>Presupuesto estimado para 2024: $50.000.000. Beneficiarios: Organizaciones educativas, c\u00e1maras empresariales y profesionales, y empresas. Tem\u00e1ticas elegibles: Inteligencia artificial, rob\u00f3tica, impresi\u00f3n 3D, videojuegos, fintech, blockchain, ciberseguridad, biotecnolog\u00eda, entre otros sectores productivos.<\/p>\n<p>Cabe destacar que este programa busca posicionar a San Juan como un centro de innovaci\u00f3n y desarrollo tecnol\u00f3gico, brindando oportunidades a las empresas y al talento local en \u00e1reas clave de la econom\u00eda del conocimiento para transformar la matriz productiva local.<\/p>\n<p><strong><span style=\"color: #ff6600;\">Los certificados<\/span><\/strong><\/p>\n<p>Beneficiarios del Programa de Asistencia a la Innovaci\u00f3n Productiva recibieron sus certificados. Para este programa se destinaron $150 millones. El Programa otorg\u00f3 ANR para Asistencia T\u00e9cnica, Equipamiento e Insumos a MiPyMEs que permitan desarrollar soluciones innovadoras orientadas al sector productivo, priorizando la Eficiencia H\u00eddrica, Energ\u00e9tica y Energ\u00edas Renovables.<\/p>\n<p>Se presentaron 60 proyectos, de los que se beneficiaron 30 y ya recibieron el 100% del financiamiento. Los dem\u00e1s proyectos, se derivaron para explorar otras herramientas de financiamiento.<br \/>\nLos proyectos vienen de distintos puntos de la provincia, con propuestas innovadoras en optimizaci\u00f3n de procesos, desarrollo de productos y mejoras en los servicios. Las propuestas incluyeron desde biotecnolog\u00eda y automatizaci\u00f3n de procesos, hasta mejor uso de recursos naturales o la implementaci\u00f3n de tecnolog\u00edas sustentables como la energ\u00eda solar.<\/p>\n<p>Acompa\u00f1aron adem\u00e1s al gobernador, Dr. Germ\u00e1n Von Euw, secretario de Ciencia Tecnolog\u00eda e Innovaci\u00f3n, intendenta de la Municipalidad de Capital, Dra. Susana Laciar y ministro de Miner\u00eda, Dr. Juan Pablo Perea, entre otras autoridades.<\/p>\n<p>&nbsp;<\/p>\n<p><img loading=\"lazy\" decoding=\"async\" class=\"alignnone size-full wp-image-69483\" src=\"https:\/\/vocesparalelas.com.ar\/sitio\/wp-content\/uploads\/2024\/02\/CECI-SJ-02.jpg\" alt=\"\" width=\"800\" height=\"451\" srcset=\"https:\/\/vocesparalelas.com.ar\/sitio\/wp-content\/uploads\/2024\/02\/CECI-SJ-02.jpg 800w, https:\/\/vocesparalelas.com.ar\/sitio\/wp-content\/uploads\/2024\/02\/CECI-SJ-02-300x169.jpg 300w, https:\/\/vocesparalelas.com.ar\/sitio\/wp-content\/uploads\/2024\/02\/CECI-SJ-02-768x433.jpg 768w\" sizes=\"auto, (max-width: 800px) 100vw, 800px\" \/><\/p>\n","protected":false},"excerpt":{"rendered":"<p>El Lunes, 21 de Octubre,\u00a0el gobernador de San Juan, Dr. Marcelo Orrego junto al ministro de Producci\u00f3n, Innovaci\u00f3n y Trabajo,<\/p>\n","protected":false},"author":3,"featured_media":78270,"comment_status":"closed","ping_status":"closed","sticky":false,"template":"","format":"standard","meta":{"_acf_changed":false,"_seopress_robots_primary_cat":"none","_seopress_titles_title":"","_seopress_titles_desc":"","_seopress_robots_index":"","colormag_page_container_layout":"default_layout","colormag_page_sidebar_layout":"default_layout","footnotes":""},"categories":[9,7],"tags":[],"class_list":["post-78267","post","type-post","status-publish","format-standard","has-post-thumbnail","hentry","category-cursos","category-videos"],"acf":[],"_links":{"self":[{"href":"https:\/\/vocesparalelas.com.ar\/sitio\/wp-json\/wp\/v2\/posts\/78267","targetHints":{"allow":["GET"]}}],"collection":[{"href":"https:\/\/vocesparalelas.com.ar\/sitio\/wp-json\/wp\/v2\/posts"}],"about":[{"href":"https:\/\/vocesparalelas.com.ar\/sitio\/wp-json\/wp\/v2\/types\/post"}],"author":[{"embeddable":true,"href":"https:\/\/vocesparalelas.com.ar\/sitio\/wp-json\/wp\/v2\/users\/3"}],"replies":[{"embeddable":true,"href":"https:\/\/vocesparalelas.com.ar\/sitio\/wp-json\/wp\/v2\/comments?post=78267"}],"version-history":[{"count":2,"href":"https:\/\/vocesparalelas.com.ar\/sitio\/wp-json\/wp\/v2\/posts\/78267\/revisions"}],"predecessor-version":[{"id":78273,"href":"https:\/\/vocesparalelas.com.ar\/sitio\/wp-json\/wp\/v2\/posts\/78267\/revisions\/78273"}],"wp:featuredmedia":[{"embeddable":true,"href":"https:\/\/vocesparalelas.com.ar\/sitio\/wp-json\/wp\/v2\/media\/78270"}],"wp:attachment":[{"href":"https:\/\/vocesparalelas.com.ar\/sitio\/wp-json\/wp\/v2\/media?parent=78267"}],"wp:term":[{"taxonomy":"category","embeddable":true,"href":"https:\/\/vocesparalelas.com.ar\/sitio\/wp-json\/wp\/v2\/categories?post=78267"},{"taxonomy":"post_tag","embeddable":true,"href":"https:\/\/vocesparalelas.com.ar\/sitio\/wp-json\/wp\/v2\/tags?post=78267"}],"curies":[{"name":"wp","href":"https:\/\/api.w.org\/{rel}","templated":true}]}}