{"id":78259,"date":"2024-10-21T16:18:37","date_gmt":"2024-10-21T19:18:37","guid":{"rendered":"https:\/\/vocesparalelas.com.ar\/sitio\/?p=78259"},"modified":"2024-10-22T20:56:27","modified_gmt":"2024-10-22T23:56:27","slug":"el-departamento-alumnos-de-la-fi-de-la-unsj-no-atiende-al-publico-el-24-y-25-de-octubre","status":"publish","type":"post","link":"https:\/\/vocesparalelas.com.ar\/sitio\/el-departamento-alumnos-de-la-fi-de-la-unsj-no-atiende-al-publico-el-24-y-25-de-octubre\/","title":{"rendered":"El Departamento Alumnos de la FI de la UNSJ no atiende al p\u00fablico el 24 y 25 de Octubre"},"content":{"rendered":"<p>La Facultad de Ingenier\u00eda de la Universidad Nacional de San Juan informa que el Departamento Alumnos no atiende al p\u00fablico los d\u00edas 24 y 25 de Octubre debido que el personal nodocente, participa del Taller Anual de SIU &#8211; San Juan 2024.<\/p>\n<figure id=\"attachment_23028\" aria-describedby=\"caption-attachment-23028\" style=\"width: 800px\" class=\"wp-caption alignnone\"><img loading=\"lazy\" decoding=\"async\" class=\"size-large wp-image-23028\" src=\"https:\/\/vocesparalelas.com.ar\/sitio\/wp-content\/uploads\/2019\/08\/FI-UNSJ-EDIFICIO-800x600.jpg\" alt=\"\" width=\"800\" height=\"600\" srcset=\"https:\/\/vocesparalelas.com.ar\/sitio\/wp-content\/uploads\/2019\/08\/FI-UNSJ-EDIFICIO-800x600.jpg 800w, https:\/\/vocesparalelas.com.ar\/sitio\/wp-content\/uploads\/2019\/08\/FI-UNSJ-EDIFICIO-300x225.jpg 300w, https:\/\/vocesparalelas.com.ar\/sitio\/wp-content\/uploads\/2019\/08\/FI-UNSJ-EDIFICIO-768x576.jpg 768w, https:\/\/vocesparalelas.com.ar\/sitio\/wp-content\/uploads\/2019\/08\/FI-UNSJ-EDIFICIO.jpg 888w\" sizes=\"auto, (max-width: 800px) 100vw, 800px\" \/><figcaption id=\"caption-attachment-23028\" class=\"wp-caption-text\">Facultad de Ingenier\u00eda de la Universidad Nacional de San Juan, Argentina<\/figcaption><\/figure>\n","protected":false},"excerpt":{"rendered":"<p>La Facultad de Ingenier\u00eda de la Universidad Nacional de San Juan informa que el Departamento Alumnos no atiende al p\u00fablico<\/p>\n","protected":false},"author":3,"featured_media":19821,"comment_status":"closed","ping_status":"closed","sticky":false,"template":"","format":"standard","meta":{"_acf_changed":false,"_seopress_robots_primary_cat":"none","_seopress_titles_title":"","_seopress_titles_desc":"","_seopress_robots_index":"","colormag_page_container_layout":"default_layout","colormag_page_sidebar_layout":"default_layout","footnotes":""},"categories":[6],"tags":[],"class_list":["post-78259","post","type-post","status-publish","format-standard","has-post-thumbnail","hentry","category-eventos"],"acf":[],"_links":{"self":[{"href":"https:\/\/vocesparalelas.com.ar\/sitio\/wp-json\/wp\/v2\/posts\/78259","targetHints":{"allow":["GET"]}}],"collection":[{"href":"https:\/\/vocesparalelas.com.ar\/sitio\/wp-json\/wp\/v2\/posts"}],"about":[{"href":"https:\/\/vocesparalelas.com.ar\/sitio\/wp-json\/wp\/v2\/types\/post"}],"author":[{"embeddable":true,"href":"https:\/\/vocesparalelas.com.ar\/sitio\/wp-json\/wp\/v2\/users\/3"}],"replies":[{"embeddable":true,"href":"https:\/\/vocesparalelas.com.ar\/sitio\/wp-json\/wp\/v2\/comments?post=78259"}],"version-history":[{"count":1,"href":"https:\/\/vocesparalelas.com.ar\/sitio\/wp-json\/wp\/v2\/posts\/78259\/revisions"}],"predecessor-version":[{"id":78262,"href":"https:\/\/vocesparalelas.com.ar\/sitio\/wp-json\/wp\/v2\/posts\/78259\/revisions\/78262"}],"wp:featuredmedia":[{"embeddable":true,"href":"https:\/\/vocesparalelas.com.ar\/sitio\/wp-json\/wp\/v2\/media\/19821"}],"wp:attachment":[{"href":"https:\/\/vocesparalelas.com.ar\/sitio\/wp-json\/wp\/v2\/media?parent=78259"}],"wp:term":[{"taxonomy":"category","embeddable":true,"href":"https:\/\/vocesparalelas.com.ar\/sitio\/wp-json\/wp\/v2\/categories?post=78259"},{"taxonomy":"post_tag","embeddable":true,"href":"https:\/\/vocesparalelas.com.ar\/sitio\/wp-json\/wp\/v2\/tags?post=78259"}],"curies":[{"name":"wp","href":"https:\/\/api.w.org\/{rel}","templated":true}]}}