{"id":78248,"date":"2024-10-21T15:57:53","date_gmt":"2024-10-21T18:57:53","guid":{"rendered":"https:\/\/vocesparalelas.com.ar\/sitio\/?p=78248"},"modified":"2024-10-22T20:55:50","modified_gmt":"2024-10-22T23:55:50","slug":"capacitacion-estres-por-calor-y-seguridad-en-altura-en-san-juan","status":"publish","type":"post","link":"https:\/\/vocesparalelas.com.ar\/sitio\/capacitacion-estres-por-calor-y-seguridad-en-altura-en-san-juan\/","title":{"rendered":"Capacitaci\u00f3n \u00abEstr\u00e9s por calor y seguridad en altura\u00bb en San Juan"},"content":{"rendered":"<p>El 23 de Octubre, el Ministerio de Gobierno de San Juan, a trav\u00e9s de la Secretar\u00eda de Gobierno, Justicia y DDHH, Subsecretar\u00eda de Trabajo, llevan adelante una jornada de capacitaci\u00f3n te\u00f3rico-pr\u00e1ctica enfocada en la aplicaci\u00f3n de las resoluciones S.R.T. N.\u00ba 30\/2023 y N.\u00ba 61\/2023, con el objetivo de fortalecer el conocimiento t\u00e9cnico en estr\u00e9s por calor y seguridad en altura.<\/p>\n<p>Se desarrolla en la sala de capacitaciones de la Subsecretar\u00eda de Trabajo, Santa Fe N.\u00ba 52 Oeste, 4.\u00ba Piso, con una agenda de 8:30 a 13:30 hs.<\/p>\n<p><strong><span style=\"color: #ff6600;\">Destinatarios<\/span><\/strong><\/p>\n<ul>\n<li>Profesionales t\u00e9cnicos,<\/li>\n<li>Licenciados en Higiene y Seguridad,<\/li>\n<li>Estudiantes de estas carreras<\/li>\n<li>P\u00fablico en general<\/li>\n<\/ul>\n<p><span style=\"color: #ff6600;\"><strong>Dos normativas en foco:\u00a0Estr\u00e9s por calor y seguridad en altura<\/strong><\/span><\/p>\n<p><strong><span style=\"color: #ff6600;\">Durante la jornada, se abordan las siguientes normativas:<\/span><\/strong><\/p>\n<ul>\n<li><span style=\"color: #000000;\">Resoluci\u00f3n S.R.T. N.\u00ba 30\/2023: <\/span>\u201cEspecificaciones T\u00e9cnicas sobre Carga T\u00e9rmica \u2013 Estr\u00e9s por Calor\u201d. Expositor: Alejandro Mart\u00ednez.<\/li>\n<li>Resoluci\u00f3n S.R.T. N.\u00ba 61\/2023: \u201cMedidas de Seguridad en Altura\u201d. Expositor: Fabi\u00e1n Zappa, Coordinador del \u00c1rea de la Construcci\u00f3n del Departamento de Programas Preventivos S.R.T. Zappa es arquitecto y posee un posgrado en Higiene y Seguridad en la Industria de la Construcci\u00f3n.<\/li>\n<\/ul>\n<p>Esta capacitaci\u00f3n no solo busca compartir herramientas te\u00f3ricas, sino tambi\u00e9n aplicar conceptos a trav\u00e9s de ejercicios pr\u00e1cticos, promoviendo la integraci\u00f3n del conocimiento con la experiencia en campo.<\/p>\n<p><strong><span style=\"color: #ff6600;\">Capacitaci\u00f3n continua para inspectores<\/span><\/strong><\/p>\n<p>La tem\u00e1tica se repetir\u00e1 el jueves 24 de octubre, en una segunda jornada exclusiva para el cuerpo de inspectores de la Subsecretar\u00eda de Trabajo. Esta instancia reafirma el compromiso del \u00e1rea con la formaci\u00f3n permanente, garantizando que los inspectores cuenten con herramientas actualizadas para supervisar y aplicar las normativas de manera eficaz en los diversos entornos laborales.<\/p>\n","protected":false},"excerpt":{"rendered":"<p>El 23 de Octubre, el Ministerio de Gobierno de San Juan, a trav\u00e9s de la Secretar\u00eda de Gobierno, Justicia y<\/p>\n","protected":false},"author":3,"featured_media":54603,"comment_status":"closed","ping_status":"closed","sticky":false,"template":"","format":"standard","meta":{"_acf_changed":false,"_seopress_robots_primary_cat":"none","_seopress_titles_title":"","_seopress_titles_desc":"","_seopress_robots_index":"","colormag_page_container_layout":"default_layout","colormag_page_sidebar_layout":"default_layout","footnotes":""},"categories":[9],"tags":[],"class_list":["post-78248","post","type-post","status-publish","format-standard","has-post-thumbnail","hentry","category-cursos"],"acf":[],"_links":{"self":[{"href":"https:\/\/vocesparalelas.com.ar\/sitio\/wp-json\/wp\/v2\/posts\/78248","targetHints":{"allow":["GET"]}}],"collection":[{"href":"https:\/\/vocesparalelas.com.ar\/sitio\/wp-json\/wp\/v2\/posts"}],"about":[{"href":"https:\/\/vocesparalelas.com.ar\/sitio\/wp-json\/wp\/v2\/types\/post"}],"author":[{"embeddable":true,"href":"https:\/\/vocesparalelas.com.ar\/sitio\/wp-json\/wp\/v2\/users\/3"}],"replies":[{"embeddable":true,"href":"https:\/\/vocesparalelas.com.ar\/sitio\/wp-json\/wp\/v2\/comments?post=78248"}],"version-history":[{"count":1,"href":"https:\/\/vocesparalelas.com.ar\/sitio\/wp-json\/wp\/v2\/posts\/78248\/revisions"}],"predecessor-version":[{"id":78251,"href":"https:\/\/vocesparalelas.com.ar\/sitio\/wp-json\/wp\/v2\/posts\/78248\/revisions\/78251"}],"wp:featuredmedia":[{"embeddable":true,"href":"https:\/\/vocesparalelas.com.ar\/sitio\/wp-json\/wp\/v2\/media\/54603"}],"wp:attachment":[{"href":"https:\/\/vocesparalelas.com.ar\/sitio\/wp-json\/wp\/v2\/media?parent=78248"}],"wp:term":[{"taxonomy":"category","embeddable":true,"href":"https:\/\/vocesparalelas.com.ar\/sitio\/wp-json\/wp\/v2\/categories?post=78248"},{"taxonomy":"post_tag","embeddable":true,"href":"https:\/\/vocesparalelas.com.ar\/sitio\/wp-json\/wp\/v2\/tags?post=78248"}],"curies":[{"name":"wp","href":"https:\/\/api.w.org\/{rel}","templated":true}]}}