{"id":78243,"date":"2024-10-21T17:49:33","date_gmt":"2024-10-21T20:49:33","guid":{"rendered":"https:\/\/vocesparalelas.com.ar\/sitio\/?p=78243"},"modified":"2024-10-22T20:55:03","modified_gmt":"2024-10-22T23:55:03","slug":"collage-de-emociones-en-el-chalet-cantoni-de-san-juan","status":"publish","type":"post","link":"https:\/\/vocesparalelas.com.ar\/sitio\/collage-de-emociones-en-el-chalet-cantoni-de-san-juan\/","title":{"rendered":"\u00abCollage de emociones\u00bb en el Chalet Cantoni de San Juan"},"content":{"rendered":"<p>El cantautor Rodri Cactus presenta su esperado primer \u00e1lbum \u00abCollage de emociones\u00bb el S\u00e1bado, 26 de Octubre, a las 19 hs.; en el Chalet Cantoni, Casa Cultural, con un concierto especial,<\/p>\n<p>El artista, quien ha estado trabajando en este proyecto desde julio de 2024, comparte con su p\u00fablico la sensibilidad y profundidad de sus nuevas canciones.<\/p>\n<p>El \u00e1lbum, que cuenta con el sencillo \u00abPez de peces\u00bb como primer corte, explora la conceptualidad de los v\u00ednculos emocionales que rodean a Rodrigo Mateo Espinola (Rodri Cactus). La m\u00fasica se convierte en un reflejo de su alma, ofreciendo a los oyentes a sumergirse en un \u00abcollage de emociones\u00bb.<\/p>\n<p>La noche cuenta con la participaci\u00f3n de VHS, con su nuevo disco \u00abChica indie\u00bb estrenado en julio de 2024. Paula Grau es una artista referente del rock alternativo de Mendoza y visita por primera vez San Juan en un formato \u00edntimo acompa\u00f1ando la ca\u00edda del sol.<\/p>\n<p>Toda la jornada est\u00e1 musicalizada por Gabzz con un DJ Set popero \u2013 electr\u00f3nico donde transita desde los sonidos m\u00e1s actualizados y vanguardistas hasta los cl\u00e1sicos que fundaron y marcaron la esencia del pop.<\/p>\n<p>Las entradas est\u00e1n a la venta en\u00a0entradaweb.com.<\/p>\n<p><a href=\"https:\/\/www.entradaweb.com.ar\/evento\/c99f99fb\/step\/1\">https:\/\/www.entradaweb.com.ar\/evento\/c99f99fb\/step\/1<\/a><\/p>\n<p>El Show invita a disfrutar de una noche que promete llevar a los asistentes a un viaje visual y musical \u00fanico.<\/p>\n<p>&nbsp;<\/p>\n<p><img loading=\"lazy\" decoding=\"async\" class=\"alignnone size-full wp-image-77863\" src=\"https:\/\/vocesparalelas.com.ar\/sitio\/wp-content\/uploads\/2024\/10\/CHALET-CANTONI-NUEVO.jpg\" alt=\"\" width=\"800\" height=\"533\" srcset=\"https:\/\/vocesparalelas.com.ar\/sitio\/wp-content\/uploads\/2024\/10\/CHALET-CANTONI-NUEVO.jpg 800w, https:\/\/vocesparalelas.com.ar\/sitio\/wp-content\/uploads\/2024\/10\/CHALET-CANTONI-NUEVO-300x200.jpg 300w, https:\/\/vocesparalelas.com.ar\/sitio\/wp-content\/uploads\/2024\/10\/CHALET-CANTONI-NUEVO-768x512.jpg 768w\" sizes=\"auto, (max-width: 800px) 100vw, 800px\" \/><\/p>\n","protected":false},"excerpt":{"rendered":"<p>El cantautor Rodri Cactus presenta su esperado primer \u00e1lbum \u00abCollage de emociones\u00bb el S\u00e1bado, 26 de Octubre, a las 19<\/p>\n","protected":false},"author":3,"featured_media":78246,"comment_status":"closed","ping_status":"closed","sticky":false,"template":"","format":"standard","meta":{"_acf_changed":false,"_seopress_robots_primary_cat":"none","_seopress_titles_title":"","_seopress_titles_desc":"","_seopress_robots_index":"","colormag_page_container_layout":"default_layout","colormag_page_sidebar_layout":"default_layout","footnotes":""},"categories":[20],"tags":[],"class_list":["post-78243","post","type-post","status-publish","format-standard","has-post-thumbnail","hentry","category-cartelera"],"acf":[],"_links":{"self":[{"href":"https:\/\/vocesparalelas.com.ar\/sitio\/wp-json\/wp\/v2\/posts\/78243","targetHints":{"allow":["GET"]}}],"collection":[{"href":"https:\/\/vocesparalelas.com.ar\/sitio\/wp-json\/wp\/v2\/posts"}],"about":[{"href":"https:\/\/vocesparalelas.com.ar\/sitio\/wp-json\/wp\/v2\/types\/post"}],"author":[{"embeddable":true,"href":"https:\/\/vocesparalelas.com.ar\/sitio\/wp-json\/wp\/v2\/users\/3"}],"replies":[{"embeddable":true,"href":"https:\/\/vocesparalelas.com.ar\/sitio\/wp-json\/wp\/v2\/comments?post=78243"}],"version-history":[{"count":1,"href":"https:\/\/vocesparalelas.com.ar\/sitio\/wp-json\/wp\/v2\/posts\/78243\/revisions"}],"predecessor-version":[{"id":78247,"href":"https:\/\/vocesparalelas.com.ar\/sitio\/wp-json\/wp\/v2\/posts\/78243\/revisions\/78247"}],"wp:featuredmedia":[{"embeddable":true,"href":"https:\/\/vocesparalelas.com.ar\/sitio\/wp-json\/wp\/v2\/media\/78246"}],"wp:attachment":[{"href":"https:\/\/vocesparalelas.com.ar\/sitio\/wp-json\/wp\/v2\/media?parent=78243"}],"wp:term":[{"taxonomy":"category","embeddable":true,"href":"https:\/\/vocesparalelas.com.ar\/sitio\/wp-json\/wp\/v2\/categories?post=78243"},{"taxonomy":"post_tag","embeddable":true,"href":"https:\/\/vocesparalelas.com.ar\/sitio\/wp-json\/wp\/v2\/tags?post=78243"}],"curies":[{"name":"wp","href":"https:\/\/api.w.org\/{rel}","templated":true}]}}