{"id":78215,"date":"2024-10-19T21:04:57","date_gmt":"2024-10-20T00:04:57","guid":{"rendered":"https:\/\/vocesparalelas.com.ar\/sitio\/?p=78215"},"modified":"2024-10-21T19:50:12","modified_gmt":"2024-10-21T22:50:12","slug":"dia-de-la-madre-2024-la-ternura-que-acompana-en-cada-etapa-de-la-vida","status":"publish","type":"post","link":"https:\/\/vocesparalelas.com.ar\/sitio\/dia-de-la-madre-2024-la-ternura-que-acompana-en-cada-etapa-de-la-vida\/","title":{"rendered":"D\u00eda de la Madre 2024: La ternura que acompa\u00f1a en cada etapa de la vida"},"content":{"rendered":"<p>Por el arzobispo de San Juan de Cuyo, Monse\u00f1or Jorge Eduardo Lozano<\/p>\n<p>El D\u00eda de la Madre nos invita a reflexionar sobre esa figura tan esencial y cercana, que nos acompa\u00f1a desde que vamos creciendo en su vientre con su ternura incondicional. \u00bfObservaste alguna vez la mirada sin fisuras entre una mam\u00e1 y su hijo cuando est\u00e1 lactando? Qu\u00e9 conexi\u00f3n construida con cari\u00f1o infinito. \u00bfY una mam\u00e1 embarazada, que acaricia su panza? Todo el universo tiene una expresi\u00f3n ah\u00ed. El cuidado de la vida, la esperanza en el futuro, la apertura a las sorpresas de un nuevo ser que est\u00e1 llegando a este mundo para dejar su huella \u00fanica. Al dar a luz est\u00e1 all\u00ed inaugurando un encuentro de piel y mirada; siempre presente para abrazar en las ca\u00eddas, ense\u00f1arnos a levantarnos y darnos amor en cada paso de la vida. Conforme vamos creciendo, esa ternura toma diversas formas, pero siempre permanece.<\/p>\n<p>Ellas nos ense\u00f1an las caricias y los besos, peque\u00f1os gestos que nos introducen en el lenguaje del amor. Son las que con paciencia infinita nos muestran lo que significa el afecto y nos comunican seguridad. En la infancia, muchas madres se enfrentan al desaf\u00edo de acompa\u00f1ar a sus hijos en las tareas escolares. En los barrios populares, el reto es a\u00fan mayor. La pobreza a menudo limita sus posibilidades de educaci\u00f3n, y algunas no cuentan con las herramientas o el tiempo para ayudar a sus hijos en la escuela. A pesar de su amor, la realidad de la falta de oportunidades y el peso de la desigualdad las coloca en una situaci\u00f3n compleja. Lamentablemente, en estos contextos, algunas madres se ven atrapadas por adicciones a las drogas o al alcohol, buscando una salida a sus problemas, pero esta lucha diaria no las convierte en menos madres. Siguen siendo quienes dieron vida, y muchas veces, pese a sus dificultades, buscan cuidar a sus hijos lo mejor que pueden.<\/p>\n<p>Las madres no solo gu\u00edan a sus hijos, tambi\u00e9n cuidan de los ancianos y enfermos, asumiendo un papel de cuidadoras universales. La ternura que ofrecen es una extensi\u00f3n de ese amor que no conoce fronteras ni edades. En sus manos est\u00e1 la paciencia para acompa\u00f1ar, sostener y dar esperanza en los momentos m\u00e1s dif\u00edciles. As\u00ed manifiestan que la maternidad no se reduce a la crianza de los hijos, sino que abarca a todos los que est\u00e1n bajo su protecci\u00f3n.<\/p>\n<p>En los barrios m\u00e1s golpeados por la pobreza y la exclusi\u00f3n, donde las carencias materiales son evidentes, surgen las \u201cmadres de la Patria\u201d. Son esas mujeres que, desde el anonimato, levantan su hogar y su comunidad con esfuerzo. A pesar de la pobreza y las adversidades, sacan fuerzas para criar a sus hijos, para luchar por un futuro mejor. Son un pilar en sus familias, pero tambi\u00e9n en su entorno social. Muchas veces, son ellas las que, con su ejemplo de fortaleza y resistencia, inspiran a los m\u00e1s j\u00f3venes a seguir adelante y a no rendirse ante las dificultades.<\/p>\n<p>Estas madres representan el coraz\u00f3n de los barrios, donde la solidaridad y el amor por los hijos se entrelazan con el compromiso de cuidar al otro, al vecino, al amigo. Son un testimonio de c\u00f3mo la maternidad va m\u00e1s all\u00e1 de lo biol\u00f3gico para transformarse en un acto de amor colectivo. A pesar de sus propios dolores y limitaciones, siguen siendo una fuente inagotable de afecto y ternura.<\/p>\n<p>Este D\u00eda de la Madre 2024 es un buen momento para reconocer la labor de todas estas mujeres que, con o sin recursos, con sus propios desaf\u00edos, siguen siendo faros de amor y cuidado. En cada beso, en cada caricia, en cada gesto de acompa\u00f1amiento, est\u00e1 la fuerza de la maternidad, que nunca abandona a quienes est\u00e1n a su lado. Que este d\u00eda sirva para honrar no solo a las madres que tienen todo a su alcance, sino tambi\u00e9n a aquellas que luchan d\u00eda a d\u00eda, porque en ellas se encuentra una valent\u00eda digna de admiraci\u00f3n.<\/p>\n<p>Nos dice el Papa Francisco sobre las mam\u00e1s: \u201cToda persona humana debe la vida a una madre y casi siempre debe a ella mucho de la propia existencia sucesiva, de la formaci\u00f3n humana y espiritual. (\u2026) Yo recuerdo en casa, \u00e9ramos cinco y mientras uno hac\u00eda \u2018una\u2019, el otro pensaba en hacer \u2018otra\u2019 y la pobre mam\u00e1 iba de un lado para el otro. Pero era feliz. Nos ha dado tanto. Las madres son el ant\u00eddoto m\u00e1s fuerte a la difusi\u00f3n del individualismo ego\u00edsta. \u2018Individuo\u2019 quiere decir \u2018que no puede ser dividido\u2019. Las madres, en cambio, se \u2018dividen\u2019, ellas, desde cuando acogen un hijo para darlo al mundo y hacerlo crecer. Son ellas, las madres, quienes odian mayormente la guerra, que mata a sus hijos. Muchas veces he pensado en aquellas madres cuando han recibido la carta: \u2018Le digo que su hijo ha ca\u00eddo en defensa de la patria\u2026\u2019. \u00a1Pobres mujeres, c\u00f3mo sufre una madre! Son ellas quienes testimonian la belleza de la vida\u201d.<\/p>\n<p>Est\u00e1 comenzando la \u00faltima semana del S\u00ednodo en Roma. Se vino tratando en esta pen\u00faltima semana el tema de los \u201cLugares\u201d, lugares de \u201cfragilidades, esperanza tenaz, lo humano\u201d, compart\u00eda la madre Mar\u00eda Ignacia Angelini con los padres y madres sinodales inspirando la oraci\u00f3n. \u00bfCu\u00e1l es el lugar original de encuentro que nos propone Jes\u00fas? La interioridad regenerada, ense\u00f1a la madre Ignacia, \u201cun \u00ablugar\u00bb hoy en d\u00eda ignorado en gran medida por las culturas dominantes; pero una prioridad para la convivencia sinodal\u201d. Encontr\u00e9monos, \u201cquiz\u00e1s, hoy, se trate de redescubrir la fecundidad de los lugares en los que compartir el hambre y la esperanza humilde y tenaz. Lazos de compartir confianza y armon\u00eda entre los buscadores de fraternidad\u201d. Acompa\u00f1emos con nuestra oraci\u00f3n estos caminos que nos hermanan.<\/p>\n<p>&nbsp;<\/p>\n<p><iframe loading=\"lazy\" title=\"SAN JUAN MONSE\u00d1OR JORGE LOZANO\" width=\"800\" height=\"450\" src=\"https:\/\/www.youtube.com\/embed\/9fdLqR0db1w?feature=oembed\" frameborder=\"0\" allow=\"accelerometer; autoplay; clipboard-write; encrypted-media; gyroscope; picture-in-picture; web-share\" referrerpolicy=\"strict-origin-when-cross-origin\" allowfullscreen><\/iframe><\/p>\n<p>&nbsp;<\/p>\n<p><img loading=\"lazy\" decoding=\"async\" class=\"alignnone size-full wp-image-61416\" src=\"https:\/\/vocesparalelas.com.ar\/sitio\/wp-content\/uploads\/2023\/07\/ARZOBISPADO-EDIFICIO.jpg\" alt=\"\" width=\"800\" height=\"600\" srcset=\"https:\/\/vocesparalelas.com.ar\/sitio\/wp-content\/uploads\/2023\/07\/ARZOBISPADO-EDIFICIO.jpg 800w, https:\/\/vocesparalelas.com.ar\/sitio\/wp-content\/uploads\/2023\/07\/ARZOBISPADO-EDIFICIO-300x225.jpg 300w, https:\/\/vocesparalelas.com.ar\/sitio\/wp-content\/uploads\/2023\/07\/ARZOBISPADO-EDIFICIO-768x576.jpg 768w\" sizes=\"auto, (max-width: 800px) 100vw, 800px\" \/><\/p>\n<p>&nbsp;<\/p>\n<p>&nbsp;<\/p>\n<p>&nbsp;<\/p>\n","protected":false},"excerpt":{"rendered":"<p>Por el arzobispo de San Juan de Cuyo, Monse\u00f1or Jorge Eduardo Lozano El D\u00eda de la Madre nos invita a<\/p>\n","protected":false},"author":3,"featured_media":20281,"comment_status":"closed","ping_status":"closed","sticky":false,"template":"","format":"standard","meta":{"_acf_changed":false,"_seopress_robots_primary_cat":"none","_seopress_titles_title":"","_seopress_titles_desc":"","_seopress_robots_index":"","colormag_page_container_layout":"default_layout","colormag_page_sidebar_layout":"default_layout","footnotes":""},"categories":[10,7],"tags":[],"class_list":["post-78215","post","type-post","status-publish","format-standard","has-post-thumbnail","hentry","category-opiniones","category-videos"],"acf":[],"_links":{"self":[{"href":"https:\/\/vocesparalelas.com.ar\/sitio\/wp-json\/wp\/v2\/posts\/78215","targetHints":{"allow":["GET"]}}],"collection":[{"href":"https:\/\/vocesparalelas.com.ar\/sitio\/wp-json\/wp\/v2\/posts"}],"about":[{"href":"https:\/\/vocesparalelas.com.ar\/sitio\/wp-json\/wp\/v2\/types\/post"}],"author":[{"embeddable":true,"href":"https:\/\/vocesparalelas.com.ar\/sitio\/wp-json\/wp\/v2\/users\/3"}],"replies":[{"embeddable":true,"href":"https:\/\/vocesparalelas.com.ar\/sitio\/wp-json\/wp\/v2\/comments?post=78215"}],"version-history":[{"count":4,"href":"https:\/\/vocesparalelas.com.ar\/sitio\/wp-json\/wp\/v2\/posts\/78215\/revisions"}],"predecessor-version":[{"id":78221,"href":"https:\/\/vocesparalelas.com.ar\/sitio\/wp-json\/wp\/v2\/posts\/78215\/revisions\/78221"}],"wp:featuredmedia":[{"embeddable":true,"href":"https:\/\/vocesparalelas.com.ar\/sitio\/wp-json\/wp\/v2\/media\/20281"}],"wp:attachment":[{"href":"https:\/\/vocesparalelas.com.ar\/sitio\/wp-json\/wp\/v2\/media?parent=78215"}],"wp:term":[{"taxonomy":"category","embeddable":true,"href":"https:\/\/vocesparalelas.com.ar\/sitio\/wp-json\/wp\/v2\/categories?post=78215"},{"taxonomy":"post_tag","embeddable":true,"href":"https:\/\/vocesparalelas.com.ar\/sitio\/wp-json\/wp\/v2\/tags?post=78215"}],"curies":[{"name":"wp","href":"https:\/\/api.w.org\/{rel}","templated":true}]}}