{"id":78200,"date":"2024-10-19T11:40:12","date_gmt":"2024-10-19T14:40:12","guid":{"rendered":"https:\/\/vocesparalelas.com.ar\/sitio\/?p=78200"},"modified":"2024-10-22T20:56:57","modified_gmt":"2024-10-22T23:56:57","slug":"la-camara-de-diputados-de-san-juan-se-sumo-a-la-concientizacion-para-la-prevencion-del-cancer-de-mama","status":"publish","type":"post","link":"https:\/\/vocesparalelas.com.ar\/sitio\/la-camara-de-diputados-de-san-juan-se-sumo-a-la-concientizacion-para-la-prevencion-del-cancer-de-mama\/","title":{"rendered":"La C\u00e1mara de Diputados de San Juan se sum\u00f3 a la concientizaci\u00f3n para la prevenci\u00f3n del C\u00e1ncer de Mama"},"content":{"rendered":"<p>Con el objetivo de informar y concientizar a la comunidad sobre la prevenci\u00f3n, detecci\u00f3n precoz y factores de riesgo relacionados con el c\u00e1ncer de mama.<\/p>\n<p>Por ello, la C\u00e1mara de Diputados de San Juan desarroll\u00f3 la Jornada de Concientizaci\u00f3n en el auditorio Emar Acosta del edificio Anexo de la Legislatura.<\/p>\n<p>La apertura del evento estuvo a cargo del vicegobernador Dr. Fabi\u00e1n Mart\u00edn, quien estuvo acompa\u00f1ado por las diputadas Lic. Mar\u00eda Rita Lascano y Alejandra Leonardo, y el diputado Dr. Juan de la Cruz C\u00f3rdoba.<\/p>\n<p>Las charlas fueron lideradas por el doctor Juan Pablo Olivera, la Licenciada Florencia Pe\u00f1a y la Licenciada Adriana Rupcic. Adem\u00e1s, se present\u00f3 el testimonio conmovedor de una paciente oncol\u00f3gica que comparti\u00f3 su experiencia personal.<\/p>\n<p>Durante su discurso, el presidente de la C\u00e1mara de Diputados de San Juan, Dr. Fabi\u00e1n Mart\u00edn puntualiz\u00f3 que \u00abel D\u00eda de la Prevenci\u00f3n del C\u00e1ncer de Mama es una fecha relevante que se celebra en todo el mundo. Es fundamental que todas las mujeres aqu\u00ed presentes puedan informarse, prevenir y comprender mejor esta problem\u00e1tica que nos afecta a todos. Es crucial trabajar en la prevenci\u00f3n dentro del sistema de salud; en muchos casos, la prevenci\u00f3n puede ser suficiente para superar momentos dif\u00edciles, mientras que la falta de ella puede tener consecuencias muy graves. Estas jornadas son extraordinarias, y agradezco a quienes disertar\u00e1n hoy, ya que brindar\u00e1n informaci\u00f3n valiosa tanto a mujeres como a hombres sobre esta cuesti\u00f3n\u201d.<\/p>\n<p>El doctor Juan Pablo Olivera destac\u00f3 que \u00abes un d\u00eda significativo y enriquecedor. Hablar sobre el c\u00e1ncer de mama y la prevenci\u00f3n no es un tema f\u00e1cil, pero abordarlo desde un lugar como la Legislatura, donde se congregan todas las expresiones pol\u00edticas, representa un gran avance para todos. Es esencial comenzar a hablar y concientizar para reducir la mortalidad asociada a esta enfermedad\u201d.<\/p>\n<p>Tras la apertura, los profesionales continuaron con sus disertaciones y la paciente oncol\u00f3gica comparti\u00f3 su testimonio, abordando aspectos como el diagn\u00f3stico, tratamiento y seguimiento de la enfermedad. Tambi\u00e9n se discutieron los factores de riesgo relacionados con estilos de vida, incluyendo la alimentaci\u00f3n, el sedentarismo, el estr\u00e9s y las toxicoman\u00edas.<\/p>\n<p>Es importante destacar que, esta actividad fue organizada por la Cl\u00ednica Oncol\u00f3gica de Excelencia &#8211; COE) &#8211; junto con la Direcci\u00f3n de Relaciones con la Comunidad y el Instituto de Capacitaci\u00f3n Parlamentaria &#8211; I.Ca.P. &#8211; de la C\u00e1mara de Diputados.<\/p>\n<p>&nbsp;<\/p>\n<p><iframe loading=\"lazy\" title=\"Disertaci\u00f3n sobre la prevenci\u00f3n del Cancer de Mama en la Legislatura\" width=\"800\" height=\"450\" src=\"https:\/\/www.youtube.com\/embed\/FOy7SXU3PuE?feature=oembed\" frameborder=\"0\" allow=\"accelerometer; autoplay; clipboard-write; encrypted-media; gyroscope; picture-in-picture; web-share\" referrerpolicy=\"strict-origin-when-cross-origin\" allowfullscreen><\/iframe><\/p>\n<p>&nbsp;<\/p>\n<p><img loading=\"lazy\" decoding=\"async\" class=\"alignnone size-full wp-image-78203\" src=\"https:\/\/vocesparalelas.com.ar\/sitio\/wp-content\/uploads\/2024\/10\/CDSJ-DISERTACION-01.jpg\" alt=\"\" width=\"800\" height=\"481\" srcset=\"https:\/\/vocesparalelas.com.ar\/sitio\/wp-content\/uploads\/2024\/10\/CDSJ-DISERTACION-01.jpg 800w, https:\/\/vocesparalelas.com.ar\/sitio\/wp-content\/uploads\/2024\/10\/CDSJ-DISERTACION-01-300x180.jpg 300w, https:\/\/vocesparalelas.com.ar\/sitio\/wp-content\/uploads\/2024\/10\/CDSJ-DISERTACION-01-768x462.jpg 768w\" sizes=\"auto, (max-width: 800px) 100vw, 800px\" \/><\/p>\n<p>&nbsp;<\/p>\n<figure id=\"attachment_37951\" aria-describedby=\"caption-attachment-37951\" style=\"width: 800px\" class=\"wp-caption alignnone\"><img loading=\"lazy\" decoding=\"async\" class=\"size-full wp-image-37951\" src=\"https:\/\/vocesparalelas.com.ar\/sitio\/wp-content\/uploads\/2021\/05\/CAMARA-EDIFICIO.jpg\" alt=\"\" width=\"800\" height=\"515\" srcset=\"https:\/\/vocesparalelas.com.ar\/sitio\/wp-content\/uploads\/2021\/05\/CAMARA-EDIFICIO.jpg 800w, https:\/\/vocesparalelas.com.ar\/sitio\/wp-content\/uploads\/2021\/05\/CAMARA-EDIFICIO-300x193.jpg 300w, https:\/\/vocesparalelas.com.ar\/sitio\/wp-content\/uploads\/2021\/05\/CAMARA-EDIFICIO-768x494.jpg 768w\" sizes=\"auto, (max-width: 800px) 100vw, 800px\" \/><figcaption id=\"caption-attachment-37951\" class=\"wp-caption-text\">Legislatura Provincial de San Juan, Rep\u00fablica Argentina<\/figcaption><\/figure>\n","protected":false},"excerpt":{"rendered":"<p>Con el objetivo de informar y concientizar a la comunidad sobre la prevenci\u00f3n, detecci\u00f3n precoz y factores de riesgo relacionados<\/p>\n","protected":false},"author":3,"featured_media":78205,"comment_status":"closed","ping_status":"closed","sticky":false,"template":"","format":"standard","meta":{"_acf_changed":false,"_seopress_robots_primary_cat":"none","_seopress_titles_title":"","_seopress_titles_desc":"","_seopress_robots_index":"","colormag_page_container_layout":"default_layout","colormag_page_sidebar_layout":"default_layout","footnotes":""},"categories":[10,7],"tags":[],"class_list":["post-78200","post","type-post","status-publish","format-standard","has-post-thumbnail","hentry","category-opiniones","category-videos"],"acf":[],"_links":{"self":[{"href":"https:\/\/vocesparalelas.com.ar\/sitio\/wp-json\/wp\/v2\/posts\/78200","targetHints":{"allow":["GET"]}}],"collection":[{"href":"https:\/\/vocesparalelas.com.ar\/sitio\/wp-json\/wp\/v2\/posts"}],"about":[{"href":"https:\/\/vocesparalelas.com.ar\/sitio\/wp-json\/wp\/v2\/types\/post"}],"author":[{"embeddable":true,"href":"https:\/\/vocesparalelas.com.ar\/sitio\/wp-json\/wp\/v2\/users\/3"}],"replies":[{"embeddable":true,"href":"https:\/\/vocesparalelas.com.ar\/sitio\/wp-json\/wp\/v2\/comments?post=78200"}],"version-history":[{"count":1,"href":"https:\/\/vocesparalelas.com.ar\/sitio\/wp-json\/wp\/v2\/posts\/78200\/revisions"}],"predecessor-version":[{"id":78206,"href":"https:\/\/vocesparalelas.com.ar\/sitio\/wp-json\/wp\/v2\/posts\/78200\/revisions\/78206"}],"wp:featuredmedia":[{"embeddable":true,"href":"https:\/\/vocesparalelas.com.ar\/sitio\/wp-json\/wp\/v2\/media\/78205"}],"wp:attachment":[{"href":"https:\/\/vocesparalelas.com.ar\/sitio\/wp-json\/wp\/v2\/media?parent=78200"}],"wp:term":[{"taxonomy":"category","embeddable":true,"href":"https:\/\/vocesparalelas.com.ar\/sitio\/wp-json\/wp\/v2\/categories?post=78200"},{"taxonomy":"post_tag","embeddable":true,"href":"https:\/\/vocesparalelas.com.ar\/sitio\/wp-json\/wp\/v2\/tags?post=78200"}],"curies":[{"name":"wp","href":"https:\/\/api.w.org\/{rel}","templated":true}]}}