{"id":78192,"date":"2024-10-18T18:26:30","date_gmt":"2024-10-18T21:26:30","guid":{"rendered":"https:\/\/vocesparalelas.com.ar\/sitio\/?p=78192"},"modified":"2024-10-19T21:36:52","modified_gmt":"2024-10-20T00:36:52","slug":"se-seleccionaron-49-proyectos-para-el-programa-mecenazgo-2024-en-san-juan","status":"publish","type":"post","link":"https:\/\/vocesparalelas.com.ar\/sitio\/se-seleccionaron-49-proyectos-para-el-programa-mecenazgo-2024-en-san-juan\/","title":{"rendered":"Se seleccionaron 49 proyectos para el Programa \u00abMecenazgo 2024\u00bb en San Juan"},"content":{"rendered":"<p>La convocatoria que realiz\u00f3 la\u00a0Ley de Mecenazgo 2024, bajo el R\u00e9gimen de Promoci\u00f3n Cultural\u00a0de la Provincia de San Juan ha seleccionado 49 proyectos de un total de 225 propuestas presentadas.<\/p>\n<p>Esta iniciativa busca estimular la participaci\u00f3n privada en el financiamiento de proyectos culturales, fomentando la diversidad y el crecimiento de la oferta creativa en la provincia.<\/p>\n<p>Las disciplinas seleccionadas abarcan diversas \u00e1reas como:\u00a0artes audiovisuales y arte digital, artesan\u00edas, danza y ballet, letras, poes\u00eda, narrativa, m\u00fasica acad\u00e9mica y popular, \u00f3pera, patrimonio cultural, producci\u00f3n de contenidos art\u00edsticos y culturales para medios, producciones literarias y teatro.<\/p>\n<p>La evaluaci\u00f3n de las propuestas estuvo a cargo del Consejo de Mecenazgo que sigui\u00f3 criterios art\u00edstico-culturales para seleccionar los proyectos m\u00e1s destacados. Los seleccionados quedan habilitados para recibir la ayuda econ\u00f3mica por parte de los patrocinadores con un monto m\u00e1ximo de $4.000.000 para personas f\u00edsicas. Para personas jur\u00eddicas el financiamiento no tiene un monto m\u00e1ximo ya que est\u00e1 sujeto seg\u00fan las caracter\u00edsticas espec\u00edficas de evaluaci\u00f3n de selecci\u00f3n del consejo de cada actividad.<\/p>\n<p>Los fondos provienen del aporte de contribuyentes privados al R\u00e9gimen General de la provincia, quienes tienen la posibilidad de destinar un porcentaje del 25% anual de sus impuestos para la financiaci\u00f3n de planes culturales.<\/p>\n<p>Con la publicaci\u00f3n de estos proyectos se pone de manifiesto la importancia de la Ley de Mecenazgo como una herramienta de promoci\u00f3n y financiamiento de iniciativas culturales en la provincia.\u00a0La Ley Provincial N\u00b0 2197-F\u00a0lleva tres a\u00f1os de vigencia y su reglamentaci\u00f3n sigue siendo un pilar imprescindible para la promoci\u00f3n de la cultura y el arte en la regi\u00f3n.<\/p>\n<p>&nbsp;<\/p>\n<p>&nbsp;<\/p>\n","protected":false},"excerpt":{"rendered":"<p>La convocatoria que realiz\u00f3 la\u00a0Ley de Mecenazgo 2024, bajo el R\u00e9gimen de Promoci\u00f3n Cultural\u00a0de la Provincia de San Juan ha<\/p>\n","protected":false},"author":3,"featured_media":15606,"comment_status":"closed","ping_status":"closed","sticky":false,"template":"","format":"standard","meta":{"_acf_changed":false,"_seopress_robots_primary_cat":"none","_seopress_titles_title":"","_seopress_titles_desc":"","_seopress_robots_index":"","colormag_page_container_layout":"default_layout","colormag_page_sidebar_layout":"default_layout","footnotes":""},"categories":[8],"tags":[],"class_list":["post-78192","post","type-post","status-publish","format-standard","has-post-thumbnail","hentry","category-concursos"],"acf":[],"_links":{"self":[{"href":"https:\/\/vocesparalelas.com.ar\/sitio\/wp-json\/wp\/v2\/posts\/78192","targetHints":{"allow":["GET"]}}],"collection":[{"href":"https:\/\/vocesparalelas.com.ar\/sitio\/wp-json\/wp\/v2\/posts"}],"about":[{"href":"https:\/\/vocesparalelas.com.ar\/sitio\/wp-json\/wp\/v2\/types\/post"}],"author":[{"embeddable":true,"href":"https:\/\/vocesparalelas.com.ar\/sitio\/wp-json\/wp\/v2\/users\/3"}],"replies":[{"embeddable":true,"href":"https:\/\/vocesparalelas.com.ar\/sitio\/wp-json\/wp\/v2\/comments?post=78192"}],"version-history":[{"count":1,"href":"https:\/\/vocesparalelas.com.ar\/sitio\/wp-json\/wp\/v2\/posts\/78192\/revisions"}],"predecessor-version":[{"id":78195,"href":"https:\/\/vocesparalelas.com.ar\/sitio\/wp-json\/wp\/v2\/posts\/78192\/revisions\/78195"}],"wp:featuredmedia":[{"embeddable":true,"href":"https:\/\/vocesparalelas.com.ar\/sitio\/wp-json\/wp\/v2\/media\/15606"}],"wp:attachment":[{"href":"https:\/\/vocesparalelas.com.ar\/sitio\/wp-json\/wp\/v2\/media?parent=78192"}],"wp:term":[{"taxonomy":"category","embeddable":true,"href":"https:\/\/vocesparalelas.com.ar\/sitio\/wp-json\/wp\/v2\/categories?post=78192"},{"taxonomy":"post_tag","embeddable":true,"href":"https:\/\/vocesparalelas.com.ar\/sitio\/wp-json\/wp\/v2\/tags?post=78192"}],"curies":[{"name":"wp","href":"https:\/\/api.w.org\/{rel}","templated":true}]}}