{"id":77922,"date":"2024-11-02T18:26:28","date_gmt":"2024-11-02T21:26:28","guid":{"rendered":"https:\/\/vocesparalelas.com.ar\/sitio\/?p=77922"},"modified":"2024-11-09T23:20:04","modified_gmt":"2024-11-10T02:20:04","slug":"amor-a-mores-una-fusion-revolucionaria-de-tango-en-el-tb-de-san-juan","status":"publish","type":"post","link":"https:\/\/vocesparalelas.com.ar\/sitio\/amor-a-mores-una-fusion-revolucionaria-de-tango-en-el-tb-de-san-juan\/","title":{"rendered":"\u00abAmor a Mores: una fusi\u00f3n revolucionaria de tango\u00bb en el TB de San Juan"},"content":{"rendered":"<p>Los tangos y milongas del gran compositor, pianista y director Mariano Mores suben a escena el Viernes, 8 de Noviembre, a las 21:30 hs, en la Sala Audit\u00f3rium del Teatro del Bicentenario con \u00abAmor a Mores: una fusi\u00f3n revolucionaria de tango\u00bb.<\/p>\n<p>La instrumentaci\u00f3n elegida para esta ocasi\u00f3n es bandone\u00f3n s\u00f3lo, piano s\u00f3lo, d\u00faos de los dos instrumentos y voces femenina y masculina acompa\u00f1adas por uno o ambos instrumentos, generando un clima musical colorido y variado.<\/p>\n<p>El espect\u00e1culo de 60 minutos de duraci\u00f3n, el p\u00fablico puede escuchar algunas de las m\u00e1s reconocidas obras compuestas por Mariano Mores, tales como las milongas instrumentales Taquito Militar, El Firulete y emotivos tangos cantados, entre otros.<\/p>\n<p>El elenco se compone por reconocidos artistas sanjuaninos con amplia trayectoria. Este incluye a los cantores Ricardo Bazzetti y Gabriela Zunino, la pianista Mariana Monta\u00f1ez, el bandoneonista Juan Jos\u00e9 Olguin y los destacados bailarines de tango Eliana Villarruel y Luciano Castro.<\/p>\n<figure id=\"attachment_77926\" aria-describedby=\"caption-attachment-77926\" style=\"width: 800px\" class=\"wp-caption alignnone\"><img loading=\"lazy\" decoding=\"async\" class=\"wp-image-77926 size-full\" src=\"https:\/\/vocesparalelas.com.ar\/sitio\/wp-content\/uploads\/2024\/10\/TANGO-ELIANA-LUCIANO.jpg\" alt=\"\" width=\"800\" height=\"800\" srcset=\"https:\/\/vocesparalelas.com.ar\/sitio\/wp-content\/uploads\/2024\/10\/TANGO-ELIANA-LUCIANO.jpg 800w, https:\/\/vocesparalelas.com.ar\/sitio\/wp-content\/uploads\/2024\/10\/TANGO-ELIANA-LUCIANO-300x300.jpg 300w, https:\/\/vocesparalelas.com.ar\/sitio\/wp-content\/uploads\/2024\/10\/TANGO-ELIANA-LUCIANO-150x150.jpg 150w, https:\/\/vocesparalelas.com.ar\/sitio\/wp-content\/uploads\/2024\/10\/TANGO-ELIANA-LUCIANO-768x768.jpg 768w\" sizes=\"auto, (max-width: 800px) 100vw, 800px\" \/><figcaption id=\"caption-attachment-77926\" class=\"wp-caption-text\">Bailarines de tango Eliana Villarruel y Luciano Castro<\/figcaption><\/figure>\n<p><strong><span style=\"color: #ff6600;\">Sobre el elenco<\/span><\/strong><\/p>\n<p>El grupo ha participado desde 2021 en brillantes espect\u00e1culos presentados en nuestra provincia: Homenaje al Bandone\u00f3n, en la Sala Auditorium del Teatro del Bicentenario, 2021, Concertango, en el Auditorio Ing. Juan Victoria, 202), La Camorra, en el Auditorio Ing. Juan Victoria, 2023, entre otros.<\/p>\n<p>En Junio 2024 Olguin junto a la pianista Mariana Monta\u00f1ez y un excelente grupo de m\u00fasicos produjo el estreno en San Juan de la obra Reuni\u00f3n Cumbre de Astor Piazzolla. Asimismo, Eliana Villarruel y Luciano Castro suman a su extenso curriculum su reciente participaci\u00f3n, como semifinalistas representando a San Juan, en el Mundial de Tango en la categor\u00eda Tango Escenario.<\/p>\n<p><strong><span style=\"color: #ff6600;\">Entrada<\/span><\/strong><\/p>\n<p>General de $5000 se encuentra disponible en la Boleter\u00eda del Teatro, de Lunes a Viernes. de 9:30 a 14:00 hs, de 16:00 a 20:00 hs, y S\u00e1bados, de 10:00 a 14:00 hs, o desde una hora antes del espect\u00e1culo.<\/p>\n<p>Tambi\u00e9n se encuentran disponibles en TuEntrada.com\u00a0<a href=\"https:\/\/tbsj.tuentrada.com\/list\/events\">https:\/\/tbsj.tuentrada.com\/list\/events<\/a><\/p>\n<p><img loading=\"lazy\" decoding=\"async\" class=\"alignnone size-large wp-image-21666\" src=\"https:\/\/vocesparalelas.com.ar\/sitio\/wp-content\/uploads\/2019\/06\/TEATRO-BICENTENARIO-10-800x600.jpg\" alt=\"\" width=\"800\" height=\"600\" srcset=\"https:\/\/vocesparalelas.com.ar\/sitio\/wp-content\/uploads\/2019\/06\/TEATRO-BICENTENARIO-10-800x600.jpg 800w, https:\/\/vocesparalelas.com.ar\/sitio\/wp-content\/uploads\/2019\/06\/TEATRO-BICENTENARIO-10-300x225.jpg 300w, https:\/\/vocesparalelas.com.ar\/sitio\/wp-content\/uploads\/2019\/06\/TEATRO-BICENTENARIO-10-768x576.jpg 768w, https:\/\/vocesparalelas.com.ar\/sitio\/wp-content\/uploads\/2019\/06\/TEATRO-BICENTENARIO-10.jpg 1000w\" sizes=\"auto, (max-width: 800px) 100vw, 800px\" \/><\/p>\n","protected":false},"excerpt":{"rendered":"<p>Los tangos y milongas del gran compositor, pianista y director Mariano Mores suben a escena el Viernes, 8 de Noviembre,<\/p>\n","protected":false},"author":3,"featured_media":77925,"comment_status":"closed","ping_status":"closed","sticky":false,"template":"","format":"standard","meta":{"_acf_changed":false,"_seopress_robots_primary_cat":"none","_seopress_titles_title":"","_seopress_titles_desc":"","_seopress_robots_index":"","colormag_page_container_layout":"default_layout","colormag_page_sidebar_layout":"default_layout","footnotes":""},"categories":[20],"tags":[],"class_list":["post-77922","post","type-post","status-publish","format-standard","has-post-thumbnail","hentry","category-cartelera"],"acf":[],"_links":{"self":[{"href":"https:\/\/vocesparalelas.com.ar\/sitio\/wp-json\/wp\/v2\/posts\/77922","targetHints":{"allow":["GET"]}}],"collection":[{"href":"https:\/\/vocesparalelas.com.ar\/sitio\/wp-json\/wp\/v2\/posts"}],"about":[{"href":"https:\/\/vocesparalelas.com.ar\/sitio\/wp-json\/wp\/v2\/types\/post"}],"author":[{"embeddable":true,"href":"https:\/\/vocesparalelas.com.ar\/sitio\/wp-json\/wp\/v2\/users\/3"}],"replies":[{"embeddable":true,"href":"https:\/\/vocesparalelas.com.ar\/sitio\/wp-json\/wp\/v2\/comments?post=77922"}],"version-history":[{"count":1,"href":"https:\/\/vocesparalelas.com.ar\/sitio\/wp-json\/wp\/v2\/posts\/77922\/revisions"}],"predecessor-version":[{"id":77927,"href":"https:\/\/vocesparalelas.com.ar\/sitio\/wp-json\/wp\/v2\/posts\/77922\/revisions\/77927"}],"wp:featuredmedia":[{"embeddable":true,"href":"https:\/\/vocesparalelas.com.ar\/sitio\/wp-json\/wp\/v2\/media\/77925"}],"wp:attachment":[{"href":"https:\/\/vocesparalelas.com.ar\/sitio\/wp-json\/wp\/v2\/media?parent=77922"}],"wp:term":[{"taxonomy":"category","embeddable":true,"href":"https:\/\/vocesparalelas.com.ar\/sitio\/wp-json\/wp\/v2\/categories?post=77922"},{"taxonomy":"post_tag","embeddable":true,"href":"https:\/\/vocesparalelas.com.ar\/sitio\/wp-json\/wp\/v2\/tags?post=77922"}],"curies":[{"name":"wp","href":"https:\/\/api.w.org\/{rel}","templated":true}]}}