{"id":77875,"date":"2024-10-11T21:17:22","date_gmt":"2024-10-12T00:17:22","guid":{"rendered":"https:\/\/vocesparalelas.com.ar\/sitio\/?p=77875"},"modified":"2024-10-12T21:04:12","modified_gmt":"2024-10-13T00:04:12","slug":"resultados-de-los-juegos-intercolegiales-2024-en-san-juan","status":"publish","type":"post","link":"https:\/\/vocesparalelas.com.ar\/sitio\/resultados-de-los-juegos-intercolegiales-2024-en-san-juan\/","title":{"rendered":"Resultados de los Juegos Intercolegiales 2024 en San Juan"},"content":{"rendered":"<p>Desde el\u00a0 Martes, 01 hasta el Jueves, 31 de Octubre, se realizan en San Juan los Juegos Intercolegiales 2024, con actividad programada en los 19 departamentos y en las disciplinas de ajedrez, atletismo, b\u00e1squetbol, f\u00fatbol, handball y voleibol.<\/p>\n<p>En un trabajo coordinado entre los Ministerios de Turismo, Cultura y Deporte y de Educaci\u00f3n del Gobierno de San Juan organizaron los Juegos intercolegiales 2024 se realizan en ambas ramas, femenina y masculina, en categor\u00edas sub 12, para el \u00faltimo a\u00f1o del nivel primario, y sub 14, para los dos primeros a\u00f1os del nivel secundario.<\/p>\n<p><strong><span style=\"color: #ff6600;\">Resultados del Lunes,\u00a0 07 de Octubre en los deportes de v\u00f3ley y atletismo en los Departamentos Capital y J\u00e1chal<\/span><\/strong><\/p>\n<p><strong><span style=\"color: #ff6600;\">Lunes, 07 de Octubre<\/span><\/strong><\/p>\n<p><strong><span style=\"color: #ff6600;\">V\u00f3ley femenino, Departamento Capital, Categor\u00eda Sub 12<\/span><\/strong><\/p>\n<p>1) Escuela Fray Mamerto Esqui\u00fa<br \/>\n2) Escuela Bernardino Rivadavia<br \/>\n3) Escuela Saint Louis<\/p>\n<p><strong><span style=\"color: #ff6600;\">V\u00f3ley masculino<\/span><\/strong><\/p>\n<p>1) Escuela Bernardino Rivadavia<br \/>\n2) Escuela Provincia de Santa Fe<br \/>\n3) Escuela Hip\u00f3lito Irigoyen<\/p>\n<p><strong><span style=\"color: #ff6600;\">Martes, 08 de Octubre<\/span><\/strong><\/p>\n<p><strong><span style=\"color: #ff6600;\">Atletismo, Departamento J\u00e1chal, Escuelas Primarias<\/span><\/strong><\/p>\n<p>1) Escuela Pedro Bonifacio Palacio<br \/>\n2) Escuela Antonio Quaranta<br \/>\n3) Escuela Rub\u00e9n Dar\u00edo<\/p>\n<p><span style=\"color: #ff6600;\"><strong>Atletismo, Departamento J\u00e1chal, Escuelas Secundarias<\/strong><\/span><\/p>\n<p><span style=\"color: #ff6600;\"><strong>Jabalina mujeres<\/strong><\/span><\/p>\n<p>1) Lucas Guevara (EPET N\u00b01)<br \/>\n2) Zaira Vera (Nivel Medio Niquivil)<br \/>\n3) Luna Tejada (Normal Fray Justo Santa Mar\u00eda de Oro)<\/p>\n<p><strong><span style=\"color: #ff6600;\">Jabalina Varones<\/span><\/strong><\/p>\n<p>1) Dylan Castro (Nivel Medio Niquivil)<br \/>\n2) William Villegas (Nivel Medio Niquivil)<br \/>\n3) Leandro Mu\u00f1oz (EPET N\u00b01)<\/p>\n<p><strong><span style=\"color: #ff6600;\">Salto en Largo mujeres<\/span><\/strong><\/p>\n<p>1) Luz Del Castillo (EPET N\u00b01)<br \/>\n2) Mar\u00eda Solares (Nivel Medio Pampa Vieja)<br \/>\n3) Abigail Garramu\u00f1o (Nivel Medio Pampa Vieja)<\/p>\n<p><strong><span style=\"color: #ff6600;\">Salto en Largo varones<\/span><\/strong><\/p>\n<p>1) Santino Mateos (Escuela Normal Fray Justo Santa Mar\u00eda de Oro)<br \/>\n2) Ian Pineda (Escuela Agrot\u00e9cnica Manuel Belgrano)<br \/>\n3) Tom\u00e1s Garc\u00e9s (Escuela Normal Fray Justo Santa Mar\u00eda de Oro)<\/p>\n<p><strong><span style=\"color: #ff6600;\">Carrera mujeres<\/span><\/strong><\/p>\n<p>1) Zaira C\u00f3rdoba (Escuela Pedro Bonifacio Palacio)<br \/>\n2) Jaqueline Villafa\u00f1e (Escuela Agrot\u00e9cnica Manuel Belgrano)<br \/>\n3) Luc\u00eda Pozo (Escuela Agrot\u00e9cnica Manuel Belgrano)<\/p>\n<p><strong><span style=\"color: #ff6600;\">Carrera varones<\/span><\/strong><\/p>\n<p>1) Gabriel Nu\u00f1ez (Escuela Pedro Bonifacio Palacio)<br \/>\n2) Valentino Vega (Escuela Nivel Medio Pampa Vieja)<br \/>\n3) Mateo Castro (Escuela Pedro Bonifacio Palacio)<\/p>\n<p><span style=\"color: #ff6600;\"><strong>Lanzamiento de Bala varones<\/strong><\/span><\/p>\n<p>1) Juan Posse (Escuela EPET N\u00b01)<br \/>\n2) Emir Rocco (Escuela de Comercio Eusebio de Jes\u00fas Dojorti)<br \/>\n3) Mat\u00edas Vallejos (Escuela de Comercio Eusebio de Jes\u00fas Dojorti)<\/p>\n<p><span style=\"color: #ff6600;\"><strong>Lanzamiento de Bala mujeres<\/strong><\/span><\/p>\n<p>1) Daira Gonz\u00e1lez (Escuela Normal Fray Justo Santa Mar\u00eda de Oro)<br \/>\n2) Victoria Ferra (Escuela Agrot\u00e9cnica de Huaco)<br \/>\n3) Ximena Molina (Escuela Videla Cuello)<\/p>\n<p>&nbsp;<\/p>\n<p><img loading=\"lazy\" decoding=\"async\" class=\"alignnone size-full wp-image-77573\" src=\"https:\/\/vocesparalelas.com.ar\/sitio\/wp-content\/uploads\/2024\/10\/INTERCOLEGIALES-2024.jpg\" alt=\"\" width=\"800\" height=\"450\" srcset=\"https:\/\/vocesparalelas.com.ar\/sitio\/wp-content\/uploads\/2024\/10\/INTERCOLEGIALES-2024.jpg 800w, https:\/\/vocesparalelas.com.ar\/sitio\/wp-content\/uploads\/2024\/10\/INTERCOLEGIALES-2024-300x169.jpg 300w, https:\/\/vocesparalelas.com.ar\/sitio\/wp-content\/uploads\/2024\/10\/INTERCOLEGIALES-2024-768x432.jpg 768w\" sizes=\"auto, (max-width: 800px) 100vw, 800px\" \/><\/p>\n","protected":false},"excerpt":{"rendered":"<p>Desde el\u00a0 Martes, 01 hasta el Jueves, 31 de Octubre, se realizan en San Juan los Juegos Intercolegiales 2024, con<\/p>\n","protected":false},"author":3,"featured_media":77878,"comment_status":"closed","ping_status":"closed","sticky":false,"template":"","format":"standard","meta":{"_acf_changed":false,"_seopress_robots_primary_cat":"none","_seopress_titles_title":"","_seopress_titles_desc":"","_seopress_robots_index":"","colormag_page_container_layout":"default_layout","colormag_page_sidebar_layout":"default_layout","footnotes":""},"categories":[5],"tags":[],"class_list":["post-77875","post","type-post","status-publish","format-standard","has-post-thumbnail","hentry","category-ofrecimientos"],"acf":[],"_links":{"self":[{"href":"https:\/\/vocesparalelas.com.ar\/sitio\/wp-json\/wp\/v2\/posts\/77875","targetHints":{"allow":["GET"]}}],"collection":[{"href":"https:\/\/vocesparalelas.com.ar\/sitio\/wp-json\/wp\/v2\/posts"}],"about":[{"href":"https:\/\/vocesparalelas.com.ar\/sitio\/wp-json\/wp\/v2\/types\/post"}],"author":[{"embeddable":true,"href":"https:\/\/vocesparalelas.com.ar\/sitio\/wp-json\/wp\/v2\/users\/3"}],"replies":[{"embeddable":true,"href":"https:\/\/vocesparalelas.com.ar\/sitio\/wp-json\/wp\/v2\/comments?post=77875"}],"version-history":[{"count":2,"href":"https:\/\/vocesparalelas.com.ar\/sitio\/wp-json\/wp\/v2\/posts\/77875\/revisions"}],"predecessor-version":[{"id":77921,"href":"https:\/\/vocesparalelas.com.ar\/sitio\/wp-json\/wp\/v2\/posts\/77875\/revisions\/77921"}],"wp:featuredmedia":[{"embeddable":true,"href":"https:\/\/vocesparalelas.com.ar\/sitio\/wp-json\/wp\/v2\/media\/77878"}],"wp:attachment":[{"href":"https:\/\/vocesparalelas.com.ar\/sitio\/wp-json\/wp\/v2\/media?parent=77875"}],"wp:term":[{"taxonomy":"category","embeddable":true,"href":"https:\/\/vocesparalelas.com.ar\/sitio\/wp-json\/wp\/v2\/categories?post=77875"},{"taxonomy":"post_tag","embeddable":true,"href":"https:\/\/vocesparalelas.com.ar\/sitio\/wp-json\/wp\/v2\/tags?post=77875"}],"curies":[{"name":"wp","href":"https:\/\/api.w.org\/{rel}","templated":true}]}}