{"id":77870,"date":"2024-10-11T14:00:14","date_gmt":"2024-10-11T17:00:14","guid":{"rendered":"https:\/\/vocesparalelas.com.ar\/sitio\/?p=77870"},"modified":"2024-10-12T21:02:58","modified_gmt":"2024-10-13T00:02:58","slug":"artistas-seleccionados-3o-bienal-nacional-de-dibujo-san-juan-2024","status":"publish","type":"post","link":"https:\/\/vocesparalelas.com.ar\/sitio\/artistas-seleccionados-3o-bienal-nacional-de-dibujo-san-juan-2024\/","title":{"rendered":"Artistas seleccionados \u00ab3\u00ba Bienal Nacional de Dibujo &#8211; San Juan 2024\u00bb"},"content":{"rendered":"<p>El Museo Provincial de Bellas Artes Franklin Rawson, Provincia de San Juan recibi\u00f3 m\u00e1s de mil proyectos art\u00edsticos provenientes de las diferentes Regiones de Argentina para la 3\u00ba Bienal Nacional de Dibujo &#8211; San Juan 2024.<\/p>\n<p><strong><span style=\"color: #ff6600;\">Distinguido jurado<\/span><\/strong><\/p>\n<ul>\n<li>Daniel Santoro, presidente del jurado, curador de la muestra 3\u00b0BND<\/li>\n<li>Roberto Amigo, historiador e investigador en arte y<\/li>\n<li>Lucas Di Pacuale, artista visual, ganador 2\u00b0 BND<\/li>\n<\/ul>\n<p>La convocatoria para participar del concurso de selecci\u00f3n y premiaci\u00f3n de obras estuvo destinado a artistas argentinos y el plazo se extendi\u00f3 del 1 de Agosto al 8 de Septiembre de 2024, con pr\u00f3rroga incluida.<\/p>\n<p>Los dibujantes seleccionados participan en la muestra central de la bienal, que se inaugura el 6 de Diciembre de 2024, donde se dan a conocer los ganadores del primer y segundo premio adquisici\u00f3n, que en esta edici\u00f3n equivalen a $1.500.000 y $1.000.000, respectivamente. Asimismo, se distingue a tres artistas con menciones honorificas.<\/p>\n<p>Cabe se\u00f1alar que el prop\u00f3sito de la BND es destacar la diversidad y vitalidad del dibujo en el \u00e1mbito nacional, en di\u00e1logo con la pluralidad de expresiones art\u00edsticas no tradicionales, respecto a la multiplicidad de herramientas, formatos, t\u00e9cnicas y po\u00e9ticas que han transformado y reconfigurado la ontolog\u00eda de la disciplina.<\/p>\n<p>El museo destaca el inter\u00e9s de los artistas que en cada edici\u00f3n se multiplica, y felicita especialmente a los seleccionados de la presente bienal.<\/p>\n<p>Para conocer los artistas seleccionados de la 3\u00ba Bienal Nacional de Dibujo &#8211; San Juan 2024, ingresa en <a href=\"https:\/\/linktr.ee\/museo_franklin_rawson\">wwew.museoranklinrawson.org<\/a><\/p>\n<p><strong><span style=\"color: #ff6600;\">Seleccionados<\/span><\/strong><\/p>\n<ul>\n<li>Acosta Galera Almendra | Catamarca<\/li>\n<li>Ag\u00fcero Nuria Salom\u00e9 | C\u00f3rdoba<\/li>\n<li>Airaudo Melina M. | C\u00f3rdoba<\/li>\n<li>Astica Capra Juan Bautista | Buenos Aires<\/li>\n<li>Barata De Tovar Vilhena Julia | Buenos Aires<\/li>\n<li>Bastos Diego Martin | C\u00f3rdoba<\/li>\n<li>Beini Laura Cecilia | Buenos Aires<\/li>\n<li>Blaseoo Azul Martina | Buenos Aires<\/li>\n<li>Bona Sebasti\u00e1n | Santa Fe<\/li>\n<li>Bormann Martin German | C\u00f3rdoba<\/li>\n<li>Calcaterra Javier | Buenos Aires<\/li>\n<li>Caporalei Mar\u00eda Jos\u00e9 | Buenos Aires<\/li>\n<li>Carissimo Rocio Abril | Buenos Aires<\/li>\n<li>Cascio Fabricio | Buenos Aires<\/li>\n<li>Catalano Kimey Eugenio | Santa Fe<\/li>\n<li>Cecchi Paula Mar\u00eda | Buenos Aires<\/li>\n<li>Charrua Jacqueline Alejandra | Buenos Aires<\/li>\n<li>Cirulli Diego Ra\u00fal | R\u00edo Negro<\/li>\n<li>Combi Mariano | Buenos Aires<\/li>\n<li>Corral Volont\u00e9 Ana Paula | C\u00f3rdoba<\/li>\n<li>Cortez Constanza | La Rioja<\/li>\n<li>Cueto Marcela Ines | Buenos Aires<\/li>\n<li>De La Mota Juli\u00e1n Gonzalo | Buenos Aires<\/li>\n<li>Demichelis Rosana | Buenos Aires<\/li>\n<li>Di Paolo Roberta | Buenos Aires<\/li>\n<li>D\u00edaz Saubidet In\u00e9s Mar\u00eda | Buenos Aires<\/li>\n<li>Forte Carla Alejandra | Buenos Aires<\/li>\n<li>Garcia Carmen | C\u00f3rdoba<\/li>\n<li>Goldaraz Ana Sofia | Buenos Aires<\/li>\n<li>G\u00f3mez J\u00e9ssica Agustina | C\u00f3rdoba<\/li>\n<li>Gonzalez Perrin Jorge Luis | Buenos Aires<\/li>\n<li>Goulu Gast\u00f3n Ignacio | Buenos Aires<\/li>\n<li>Grehan Toia | Buenos Aires<\/li>\n<li>Guascone Sandra | Buenos Aires<\/li>\n<li>Guinot Ernesto Camilo | Buenos Aires<\/li>\n<li>Heredia Francisco | Mendoza<\/li>\n<li>Herrera Mar\u00eda Gimena | Buenos Aires<\/li>\n<li>Herrera Calderon Carolina Elizabeth | San Juan<\/li>\n<li>Huergo Celina | Buenos Aires<\/li>\n<li>Iurinic Virginia | Misiones<\/li>\n<li>Juares Juan Martin | C\u00f3rdoba<\/li>\n<li>Kampelmacher Cynthia | Buenos Aires<\/li>\n<li>Kaplansky Veronica | Buenos Aires<\/li>\n<li>Kasman Pamela | Buenos Aires<\/li>\n<li>La Rosa Mart\u00edn | Buenos Aires<\/li>\n<li>Lerman Luisa | Buenos Aires<\/li>\n<li>Lescano Antonella Bel\u00e9n | Buenos Aires<\/li>\n<li>Lindner Lux | Buenos Aires<\/li>\n<li>L\u00f3pez Miguel Fabi\u00e1n | Buenos Aires<\/li>\n<li>L\u00f3pez Valeria | R\u00edo Negro<\/li>\n<li>Loson Elena | Santa Fe<\/li>\n<li>Lumerman Mar\u00eda De Luj\u00e1n | Buenos Aires<\/li>\n<li>Macri Gustavo | Buenos Aires<\/li>\n<li>Madariaga Josefina | Corrientes<\/li>\n<li>Marrapodi Florencia | Buenos Aires<\/li>\n<li>Martinez Alejandro | San Juan<\/li>\n<li>Mart\u00ednez Silvina | San Juan<\/li>\n<li>Mastronardi Nazarena | Buenos Aires<\/li>\n<li>Mena Guillermo | C\u00f3rdoba<\/li>\n<li>Mendez Sanchez Franco Nahuel | San Juan<\/li>\n<li>Mi\u00f1ones Mar\u00eda Agustina | Santa Fe<\/li>\n<li>Mirabella Rosalba Cecilia | Tucum\u00e1n<\/li>\n<li>Mons\u00fa Casti\u00f1eira Nicol\u00e1s Jos\u00e9 | C\u00f3rdoba<\/li>\n<li>Montecchiesi Silvana Elizabeth | C\u00f3rdoba<\/li>\n<li>Nahon David | Santa Fe<\/li>\n<li>Navarro Gonz\u00e1lez Nihuel Aidano | San Juan<\/li>\n<li>Novillo Corvalan Luz | C\u00f3rdoba<\/li>\n<li>Padilla Maria Del Carmen | Buenos Aires<\/li>\n<li>Pasinovich Andr\u00e9s | Buenos Aires<\/li>\n<li>Pe\u00f1a Huen\u00fa | C\u00f3rdoba<\/li>\n<li>P\u00e9rez Juan Pablo | Buenos Aires<\/li>\n<li>Piantini Alfonso | Buenos Aires<\/li>\n<li>Podder Martin Carlos | Buenos Aires<\/li>\n<li>Poggi Alexandro | La Pampa<\/li>\n<li>Pozo Luciano | Buenos Aires<\/li>\n<li>Rched Cinthia Eliana Rahie | Chaco<\/li>\n<li>R\u00edmini Mar\u00eda Bel\u00e9n | Santa Fe<\/li>\n<li>Rocino Lucas | Buenos Aires<\/li>\n<li>Rodriguez Luis Rafael | Santa Fe<\/li>\n<li>Romano Laura | Buenos Aires<\/li>\n<li>Roqu\u00e9 Bugu\u00f1\u00e1 Paula | C\u00f3rdoba<\/li>\n<li>Rossa Sof\u00eda | Santa Fe<\/li>\n<li>Ruarte Matias | San Juan<\/li>\n<li>Said Nicol\u00e1s | Buenos Aires<\/li>\n<li>Sandoval Jessica Anabel | Buenos Aires<\/li>\n<li>Scoa Gisella | C\u00f3rdoba<\/li>\n<li>Servio Olavide Martina | C\u00f3rdoba<\/li>\n<li>Sichei Mart\u00edn Carlos | Buenos Aires<\/li>\n<li>Soria Vazquez Javier | Salta<\/li>\n<li>Suarez Eugenia | Formosa<\/li>\n<li>Tranchida Fabricio Roman | Buenos Aires<\/li>\n<li>Venancio Mar\u00eda B\u00e1rbara | Buenos Aires<\/li>\n<li>Venegas Ariel | Buenos Aires<\/li>\n<li>Villanueva Mar\u00eda Celeste | C\u00f3rdoba<\/li>\n<li>Vi\u00f1as Laura | Buenos Aires<\/li>\n<li>Yurie Amira | Mendoza<\/li>\n<li>Zorz\u00f3n Martina | Santa Fe<\/li>\n<\/ul>\n<figure id=\"attachment_39924\" aria-describedby=\"caption-attachment-39924\" style=\"width: 800px\" class=\"wp-caption alignnone\"><img loading=\"lazy\" decoding=\"async\" class=\"size-full wp-image-39924\" src=\"https:\/\/vocesparalelas.com.ar\/sitio\/wp-content\/uploads\/2021\/07\/MPBAFR-OBRA-02.jpg\" alt=\"\" width=\"800\" height=\"533\" srcset=\"https:\/\/vocesparalelas.com.ar\/sitio\/wp-content\/uploads\/2021\/07\/MPBAFR-OBRA-02.jpg 800w, https:\/\/vocesparalelas.com.ar\/sitio\/wp-content\/uploads\/2021\/07\/MPBAFR-OBRA-02-300x200.jpg 300w, https:\/\/vocesparalelas.com.ar\/sitio\/wp-content\/uploads\/2021\/07\/MPBAFR-OBRA-02-768x512.jpg 768w\" sizes=\"auto, (max-width: 800px) 100vw, 800px\" \/><figcaption id=\"caption-attachment-39924\" class=\"wp-caption-text\">Museo Provincial de Bellas Artes Franklin Rawson, Provincia de San Juan, Rep\u00fablica Argentina<\/figcaption><\/figure>\n","protected":false},"excerpt":{"rendered":"<p>El Museo Provincial de Bellas Artes Franklin Rawson, Provincia de San Juan recibi\u00f3 m\u00e1s de mil proyectos art\u00edsticos provenientes de<\/p>\n","protected":false},"author":3,"featured_media":77873,"comment_status":"closed","ping_status":"closed","sticky":false,"template":"","format":"standard","meta":{"_acf_changed":false,"_seopress_robots_primary_cat":"none","_seopress_titles_title":"","_seopress_titles_desc":"","_seopress_robots_index":"","colormag_page_container_layout":"default_layout","colormag_page_sidebar_layout":"default_layout","footnotes":""},"categories":[8],"tags":[],"class_list":["post-77870","post","type-post","status-publish","format-standard","has-post-thumbnail","hentry","category-concursos"],"acf":[],"_links":{"self":[{"href":"https:\/\/vocesparalelas.com.ar\/sitio\/wp-json\/wp\/v2\/posts\/77870","targetHints":{"allow":["GET"]}}],"collection":[{"href":"https:\/\/vocesparalelas.com.ar\/sitio\/wp-json\/wp\/v2\/posts"}],"about":[{"href":"https:\/\/vocesparalelas.com.ar\/sitio\/wp-json\/wp\/v2\/types\/post"}],"author":[{"embeddable":true,"href":"https:\/\/vocesparalelas.com.ar\/sitio\/wp-json\/wp\/v2\/users\/3"}],"replies":[{"embeddable":true,"href":"https:\/\/vocesparalelas.com.ar\/sitio\/wp-json\/wp\/v2\/comments?post=77870"}],"version-history":[{"count":1,"href":"https:\/\/vocesparalelas.com.ar\/sitio\/wp-json\/wp\/v2\/posts\/77870\/revisions"}],"predecessor-version":[{"id":77874,"href":"https:\/\/vocesparalelas.com.ar\/sitio\/wp-json\/wp\/v2\/posts\/77870\/revisions\/77874"}],"wp:featuredmedia":[{"embeddable":true,"href":"https:\/\/vocesparalelas.com.ar\/sitio\/wp-json\/wp\/v2\/media\/77873"}],"wp:attachment":[{"href":"https:\/\/vocesparalelas.com.ar\/sitio\/wp-json\/wp\/v2\/media?parent=77870"}],"wp:term":[{"taxonomy":"category","embeddable":true,"href":"https:\/\/vocesparalelas.com.ar\/sitio\/wp-json\/wp\/v2\/categories?post=77870"},{"taxonomy":"post_tag","embeddable":true,"href":"https:\/\/vocesparalelas.com.ar\/sitio\/wp-json\/wp\/v2\/tags?post=77870"}],"curies":[{"name":"wp","href":"https:\/\/api.w.org\/{rel}","templated":true}]}}