{"id":77860,"date":"2024-10-10T19:55:35","date_gmt":"2024-10-10T22:55:35","guid":{"rendered":"https:\/\/vocesparalelas.com.ar\/sitio\/?p=77860"},"modified":"2024-10-12T19:51:45","modified_gmt":"2024-10-12T22:51:45","slug":"el-chalet-cantoni-un-espacio-con-historia-que-fortalece-la-cultura-de-san-juan","status":"publish","type":"post","link":"https:\/\/vocesparalelas.com.ar\/sitio\/el-chalet-cantoni-un-espacio-con-historia-que-fortalece-la-cultura-de-san-juan\/","title":{"rendered":"El Chalet Cantoni un espacio con historia que fortalece la Cultura de San Juan"},"content":{"rendered":"<p>El Ministerio de Turismo, Cultura y Deporte del Gobierno de San Juan trabaja para crear espacios que permita a los hacedores de la cultura de San Juan para que muestren las capacidades de creatividad.<\/p>\n<p>Uno de esos espacios es el Chalet Cantoni, que se encuentra en el Departamento Rivadavia que ofrece una serie de oportunidades para los creativos que construyen un emprendimiento para cubrir las necesidades de los visitantes. Ellos son los que se debe apoyar con tu compra.<\/p>\n<p>Los interesados que llegan a disfrutar el espacio cultural disfruta cada espacio desde talleres, tienda, clases de yoga, m\u00fasica. gastronom\u00eda, presentaci\u00f3n de libros, lecturas, tango, baile\u00a0 y mucho m\u00e1s. Conocerlo es necesario asistir para pasar un momento compartido.<\/p>\n<p>El Chalet Cantoni\u00a0es uno de los m\u00e1s antiguos de la provincia de San Juan. Federico, Aldo y Elio, los tres hermanos Cantoni, fueron los creadores del Bloquismo y grandes figuras de la sociedad. En 1924, Aldo, que era doctor, compr\u00f3 este caser\u00f3n y los terrenos vecinos. En \u00e9l vivi\u00f3, tuvo su consultorio y fue su residencia entre el 26 y el 28, cuando fue gobernador de San Juan.<\/p>\n<p><img loading=\"lazy\" decoding=\"async\" class=\"alignnone size-full wp-image-77867\" src=\"https:\/\/vocesparalelas.com.ar\/sitio\/wp-content\/uploads\/2024\/10\/CANTONI-HISTORIA-02.jpg\" alt=\"\" width=\"800\" height=\"533\" srcset=\"https:\/\/vocesparalelas.com.ar\/sitio\/wp-content\/uploads\/2024\/10\/CANTONI-HISTORIA-02.jpg 800w, https:\/\/vocesparalelas.com.ar\/sitio\/wp-content\/uploads\/2024\/10\/CANTONI-HISTORIA-02-300x200.jpg 300w, https:\/\/vocesparalelas.com.ar\/sitio\/wp-content\/uploads\/2024\/10\/CANTONI-HISTORIA-02-768x512.jpg 768w\" sizes=\"auto, (max-width: 800px) 100vw, 800px\" \/> <img loading=\"lazy\" decoding=\"async\" class=\"alignnone size-full wp-image-77865\" src=\"https:\/\/vocesparalelas.com.ar\/sitio\/wp-content\/uploads\/2024\/10\/CANTONI-HISTORIA-04.jpg\" alt=\"\" width=\"800\" height=\"533\" srcset=\"https:\/\/vocesparalelas.com.ar\/sitio\/wp-content\/uploads\/2024\/10\/CANTONI-HISTORIA-04.jpg 800w, https:\/\/vocesparalelas.com.ar\/sitio\/wp-content\/uploads\/2024\/10\/CANTONI-HISTORIA-04-300x200.jpg 300w, https:\/\/vocesparalelas.com.ar\/sitio\/wp-content\/uploads\/2024\/10\/CANTONI-HISTORIA-04-768x512.jpg 768w\" sizes=\"auto, (max-width: 800px) 100vw, 800px\" \/><\/p>\n<p>Por ello, Voces Paralelas desarroll\u00f3 una entrevista period\u00edstica a la Directora del Chalet Cantoni, Natalia Ventimiglia, quien explic\u00f3 el trabajo que se viene desarrollando en este espacio tan especial con el objetivo de fortalecer la Cultura mostrando lo que la gente desarrolla como medio de vida con su mayor gusto y dedicaci\u00f3n.<\/p>\n<p><iframe loading=\"lazy\" title=\"CHALET CANTONI NATALIA VENTIMIGLIA\" width=\"800\" height=\"450\" src=\"https:\/\/www.youtube.com\/embed\/lcG6Rl1VPp0?feature=oembed\" frameborder=\"0\" allow=\"accelerometer; autoplay; clipboard-write; encrypted-media; gyroscope; picture-in-picture; web-share\" referrerpolicy=\"strict-origin-when-cross-origin\" allowfullscreen><\/iframe><\/p>\n<p>&nbsp;<\/p>\n<p>El S\u00e1bado. 12 y el Domingo, 13 de Octubre, desde las 17 hs, se desarrolla la \u201cFeria Especial D\u00eda de la Madre\u201d con m\u00e1s de 60 dise\u00f1adores locales, la feria ofrece una amplia variedad de productos que van desde indumentaria y mobiliario hasta cer\u00e1mica y joyer\u00eda.<\/p>\n<p>Los asistentes pueden disfrutar de stands que exhiben lo mejor del talento de San Juan, perfecto para encontrar ese regalo especial para mam\u00e1 o simplemente para darse un gusto personal. La diversidad de opciones asegura que cada visitante encuentre algo para disfrutar.<\/p>\n<p>La feria no solo se trata de compras, sino tambi\u00e9n de una experiencia integral. Hay una oferta gastron\u00f3mica variada, m\u00fasica en vivo y un sector Kids para que toda la familia disfrute de la jornada. La entrada es libre y gratuita, convirtiendo este evento en una oportunidad ideal para pasar una tarde agradable al aire libre. Adem\u00e1s, es pet friendly, permitiendo que tus mascotas sean parte de la celebraci\u00f3n.<\/p>\n<p>El objetivo de la Tienda del Chalet es promover el trabajo de dise\u00f1adores y artesanos de San Juan, creando un espacio donde la pasi\u00f3n y la creatividad se conjugan.<\/p>\n<p><img loading=\"lazy\" decoding=\"async\" class=\"alignnone size-full wp-image-77863\" src=\"https:\/\/vocesparalelas.com.ar\/sitio\/wp-content\/uploads\/2024\/10\/CHALET-CANTONI-NUEVO.jpg\" alt=\"\" width=\"800\" height=\"533\" srcset=\"https:\/\/vocesparalelas.com.ar\/sitio\/wp-content\/uploads\/2024\/10\/CHALET-CANTONI-NUEVO.jpg 800w, https:\/\/vocesparalelas.com.ar\/sitio\/wp-content\/uploads\/2024\/10\/CHALET-CANTONI-NUEVO-300x200.jpg 300w, https:\/\/vocesparalelas.com.ar\/sitio\/wp-content\/uploads\/2024\/10\/CHALET-CANTONI-NUEVO-768x512.jpg 768w\" sizes=\"auto, (max-width: 800px) 100vw, 800px\" \/><\/p>\n","protected":false},"excerpt":{"rendered":"<p>El Ministerio de Turismo, Cultura y Deporte del Gobierno de San Juan trabaja para crear espacios que permita a los<\/p>\n","protected":false},"author":3,"featured_media":77864,"comment_status":"closed","ping_status":"closed","sticky":false,"template":"","format":"standard","meta":{"_acf_changed":false,"_seopress_robots_primary_cat":"none","_seopress_titles_title":"","_seopress_titles_desc":"","_seopress_robots_index":"","colormag_page_container_layout":"default_layout","colormag_page_sidebar_layout":"default_layout","footnotes":""},"categories":[20,7],"tags":[],"class_list":["post-77860","post","type-post","status-publish","format-standard","has-post-thumbnail","hentry","category-cartelera","category-videos"],"acf":[],"_links":{"self":[{"href":"https:\/\/vocesparalelas.com.ar\/sitio\/wp-json\/wp\/v2\/posts\/77860","targetHints":{"allow":["GET"]}}],"collection":[{"href":"https:\/\/vocesparalelas.com.ar\/sitio\/wp-json\/wp\/v2\/posts"}],"about":[{"href":"https:\/\/vocesparalelas.com.ar\/sitio\/wp-json\/wp\/v2\/types\/post"}],"author":[{"embeddable":true,"href":"https:\/\/vocesparalelas.com.ar\/sitio\/wp-json\/wp\/v2\/users\/3"}],"replies":[{"embeddable":true,"href":"https:\/\/vocesparalelas.com.ar\/sitio\/wp-json\/wp\/v2\/comments?post=77860"}],"version-history":[{"count":1,"href":"https:\/\/vocesparalelas.com.ar\/sitio\/wp-json\/wp\/v2\/posts\/77860\/revisions"}],"predecessor-version":[{"id":77869,"href":"https:\/\/vocesparalelas.com.ar\/sitio\/wp-json\/wp\/v2\/posts\/77860\/revisions\/77869"}],"wp:featuredmedia":[{"embeddable":true,"href":"https:\/\/vocesparalelas.com.ar\/sitio\/wp-json\/wp\/v2\/media\/77864"}],"wp:attachment":[{"href":"https:\/\/vocesparalelas.com.ar\/sitio\/wp-json\/wp\/v2\/media?parent=77860"}],"wp:term":[{"taxonomy":"category","embeddable":true,"href":"https:\/\/vocesparalelas.com.ar\/sitio\/wp-json\/wp\/v2\/categories?post=77860"},{"taxonomy":"post_tag","embeddable":true,"href":"https:\/\/vocesparalelas.com.ar\/sitio\/wp-json\/wp\/v2\/tags?post=77860"}],"curies":[{"name":"wp","href":"https:\/\/api.w.org\/{rel}","templated":true}]}}