{"id":77855,"date":"2024-10-10T20:28:23","date_gmt":"2024-10-10T23:28:23","guid":{"rendered":"https:\/\/vocesparalelas.com.ar\/sitio\/?p=77855"},"modified":"2024-10-12T21:00:21","modified_gmt":"2024-10-13T00:00:21","slug":"a-la-comunidad-sanjuanina-a-las-sras-y-sres-diputados-de-la-nacion-representantes-de-san-juan","status":"publish","type":"post","link":"https:\/\/vocesparalelas.com.ar\/sitio\/a-la-comunidad-sanjuanina-a-las-sras-y-sres-diputados-de-la-nacion-representantes-de-san-juan\/","title":{"rendered":"A la Comunidad Sanjuanina. A las Sras. y Sres. Diputados de la Naci\u00f3n, representantes de San Juan"},"content":{"rendered":"<p>La Universidad p\u00fablica de San Juan celebra hoy, 10 de octubre, sus 51 a\u00f1os de existencia.<\/p>\n<p>Porque celebrar tambi\u00e9n es asumir el compromiso en defensa de la universidad p\u00fablica para las generaciones venideras. Porque celebrar es advertir que San Juan no ser\u00eda lo que conocemos sin el aporte de las Ingenier\u00edas; de las Ciencias Sociales; de las Ciencias Exactas, F\u00edsicas y Naturales; de la Filosof\u00eda, las Humanidades y el Arte; sin la Arquitectura, el Urbanismo y el Dise\u00f1o; ni las Ciencias de la Salud.<\/p>\n<p>La expansi\u00f3n territorial que nos llev\u00f3 hace una d\u00e9cada a la creaci\u00f3n de la Delegaci\u00f3n de los Valles Sanjuaninos ha unido a trav\u00e9s de la ense\u00f1anza, la extensi\u00f3n y la investigaci\u00f3n a toda la provincia. Eso, hoy nos anima a nuevos desaf\u00edos de expansi\u00f3n desde la tecnolog\u00eda educativa.<\/p>\n<p>M\u00e1s de 150 a\u00f1os de historia y experiencia en educaci\u00f3n secundaria, a trav\u00e9s de nuestros tres Institutos Preuniversitarios, nos impulsan a defender la educaci\u00f3n de calidad y gratuita. La Escuela de M\u00fasica, semillero del arte y la cultura provincial, enorgullece a toda la comunidad.<\/p>\n<p>Los institutos y gabinetes de investigaciones, de extensa trayectoria y reconocimiento nacional e internacional, junto a los programas de extensi\u00f3n y la Escuela de Oficios, imbrican lo acad\u00e9mico con lo territorial y hacen de la universidad p\u00fablica, un espacio de integraci\u00f3n sociocient\u00edfica y comunitaria, enraizada en lo m\u00e1s profundo de la idiosincrasia provincial.<\/p>\n<p>Votar a favor del financiamiento de la Universidad Nacional del San Juan, y de las dem\u00e1s universidades que integran el sistema, es votar a favor a del futuro porque cuando afirmamos que sin universidades no hay futuro, decimos mucho m\u00e1s que cinco palabras. Decimos que somos un sistema nacional de educaci\u00f3n universitaria, de ciencia y tecnolog\u00eda y de creaci\u00f3n y de extensi\u00f3n y vinculaci\u00f3n territorial.<\/p>\n<p>Decimos que sin una Ley de Financiamiento Universitario el sistema no tiene garantizados los fondos para gastos de funcionamiento, mantiene al 70% de sus docentes y nodocentes por debajo de la l\u00ednea de pobreza, y deja sin garant\u00edas la continuidad del sistema de becas para estudiantes, lo que supone eliminar la posibilidad de ascenso social de estos miles de j\u00f3venes.<\/p>\n<p>Como lo expres\u00f3 el Consejo Interuniversitario Nacional (CIN), reconocemos a los 160 diputados nacionales y, en especial, a la\/os cinco diputada\/os representantes de San Juan que decidieron votar a favor del financiamiento universitario y oponerse al veto presidencial en defensa de la educaci\u00f3n p\u00fablica, gratuita y de calidad y, especialmente, de\u00a0compromiso con el futuro.<\/p>\n<p style=\"text-align: center;\"><span style=\"color: #0000ff;\"><strong>Porque sin universidad p\u00fablica no hay presente ni futuro.<\/strong><\/span><\/p>\n<p>&nbsp;<\/p>\n<p style=\"text-align: right;\">Mg. ing. Tadeo Berenguer<\/p>\n<p style=\"text-align: right;\">Rector de la Universidad Nacional de San Juan<\/p>\n<p>&nbsp;<\/p>\n<p><img loading=\"lazy\" decoding=\"async\" class=\"alignnone size-full wp-image-39681\" src=\"https:\/\/vocesparalelas.com.ar\/sitio\/wp-content\/uploads\/2021\/07\/UNSJ-EDIFICIO-01.jpg\" alt=\"\" width=\"800\" height=\"533\" srcset=\"https:\/\/vocesparalelas.com.ar\/sitio\/wp-content\/uploads\/2021\/07\/UNSJ-EDIFICIO-01.jpg 800w, https:\/\/vocesparalelas.com.ar\/sitio\/wp-content\/uploads\/2021\/07\/UNSJ-EDIFICIO-01-300x200.jpg 300w, https:\/\/vocesparalelas.com.ar\/sitio\/wp-content\/uploads\/2021\/07\/UNSJ-EDIFICIO-01-768x512.jpg 768w\" sizes=\"auto, (max-width: 800px) 100vw, 800px\" \/><\/p>\n","protected":false},"excerpt":{"rendered":"<p>La Universidad p\u00fablica de San Juan celebra hoy, 10 de octubre, sus 51 a\u00f1os de existencia. Porque celebrar tambi\u00e9n es<\/p>\n","protected":false},"author":3,"featured_media":43958,"comment_status":"closed","ping_status":"closed","sticky":false,"template":"","format":"standard","meta":{"_acf_changed":false,"_seopress_robots_primary_cat":"none","_seopress_titles_title":"","_seopress_titles_desc":"","_seopress_robots_index":"","colormag_page_container_layout":"default_layout","colormag_page_sidebar_layout":"default_layout","footnotes":""},"categories":[10],"tags":[],"class_list":["post-77855","post","type-post","status-publish","format-standard","has-post-thumbnail","hentry","category-opiniones"],"acf":[],"_links":{"self":[{"href":"https:\/\/vocesparalelas.com.ar\/sitio\/wp-json\/wp\/v2\/posts\/77855","targetHints":{"allow":["GET"]}}],"collection":[{"href":"https:\/\/vocesparalelas.com.ar\/sitio\/wp-json\/wp\/v2\/posts"}],"about":[{"href":"https:\/\/vocesparalelas.com.ar\/sitio\/wp-json\/wp\/v2\/types\/post"}],"author":[{"embeddable":true,"href":"https:\/\/vocesparalelas.com.ar\/sitio\/wp-json\/wp\/v2\/users\/3"}],"replies":[{"embeddable":true,"href":"https:\/\/vocesparalelas.com.ar\/sitio\/wp-json\/wp\/v2\/comments?post=77855"}],"version-history":[{"count":1,"href":"https:\/\/vocesparalelas.com.ar\/sitio\/wp-json\/wp\/v2\/posts\/77855\/revisions"}],"predecessor-version":[{"id":77858,"href":"https:\/\/vocesparalelas.com.ar\/sitio\/wp-json\/wp\/v2\/posts\/77855\/revisions\/77858"}],"wp:featuredmedia":[{"embeddable":true,"href":"https:\/\/vocesparalelas.com.ar\/sitio\/wp-json\/wp\/v2\/media\/43958"}],"wp:attachment":[{"href":"https:\/\/vocesparalelas.com.ar\/sitio\/wp-json\/wp\/v2\/media?parent=77855"}],"wp:term":[{"taxonomy":"category","embeddable":true,"href":"https:\/\/vocesparalelas.com.ar\/sitio\/wp-json\/wp\/v2\/categories?post=77855"},{"taxonomy":"post_tag","embeddable":true,"href":"https:\/\/vocesparalelas.com.ar\/sitio\/wp-json\/wp\/v2\/tags?post=77855"}],"curies":[{"name":"wp","href":"https:\/\/api.w.org\/{rel}","templated":true}]}}