{"id":77850,"date":"2024-10-10T20:12:08","date_gmt":"2024-10-10T23:12:08","guid":{"rendered":"https:\/\/vocesparalelas.com.ar\/sitio\/?p=77850"},"modified":"2024-10-12T20:18:59","modified_gmt":"2024-10-12T23:18:59","slug":"las-voces-del-mundo-que-clamar-por-la-liberacion-de-los-rehenes-en-gaza","status":"publish","type":"post","link":"https:\/\/vocesparalelas.com.ar\/sitio\/las-voces-del-mundo-que-clamar-por-la-liberacion-de-los-rehenes-en-gaza\/","title":{"rendered":"Las Voces del Mundo que clamar por la liberaci\u00f3n de los rehenes en Gaza"},"content":{"rendered":"<p>En Noviembre, se gest\u00f3 una idea que dio vuelta al globo: pedir el retorno de los secuestrados mediante el lenguaje universal de la m\u00fasica.<\/p>\n<p>El 7 de Octubre de 2023, alrededor de 247 personas fueron secuestradas por la organizaci\u00f3n terrorista palestina Hamas, en un mortal ataque<b>\u00a0<\/b>en el que murieron m\u00e1s de 1.200 personas.<b>\u00a0<\/b>Un alto el fuego de una semana de duraci\u00f3n provoc\u00f3 el intercambio de docenas de rehenes por decenas de prisioneros palestinos retenidos por Israel.<\/p>\n<p class=\"paragraph\" data-mrf-recirculation=\"Links inline\">Pero aproximadamente 129 rehenes permanecen en la Franja de Gaza, seg\u00fan el ej\u00e9rcito israel\u00ed.<b>\u00a0<\/b>La mayor\u00eda son hombres, pero sigue habiendo mujeres y ni\u00f1os, de acuerdo al portavoz militar Daniel Hagari. La gran mayor\u00eda son israel\u00edes, pero tambi\u00e9n hay personas de otros pa\u00edses.<\/p>\n<p class=\"paragraph\" data-mrf-recirculation=\"Links inline\">Esta situaci\u00f3n se ha apoderado de la naci\u00f3n, y el llanto de los familiares que a\u00fan claman por el regreso de sus seres queridos resuena en todo el mundo.<\/p>\n<p>En el mes de noviembre, en un intento de concientizar sobre la situaci\u00f3n cr\u00edtica de los cautivos, el\u00a0 proyecto Koolulam, asociado a las familias de los rehenes secuestrados por Hamas y el Teatro de C\u00e1mara de Tel Aviv, lanz\u00f3 un videoclip de la canci\u00f3n Like a Prayer de Madonna. Esta versi\u00f3n del tema incluye a familiares de los rehenes en Israel y a simpatizantes de m\u00e1s de 100 pa\u00edses como Argentina, Australia, Brasil, Alemania, Jap\u00f3n, Canad\u00e1 y Estados Unidos.<\/p>\n<p><iframe loading=\"lazy\" title=\"1000 M\u00fasicos Israel\u00edes se unen para reclamar el retorno de los secuestrados en Gaza\" width=\"800\" height=\"450\" src=\"https:\/\/www.youtube.com\/embed\/Oi3CjM7yzVo?feature=oembed\" frameborder=\"0\" allow=\"accelerometer; autoplay; clipboard-write; encrypted-media; gyroscope; picture-in-picture; web-share\" referrerpolicy=\"strict-origin-when-cross-origin\" allowfullscreen><\/iframe><\/p>\n<p class=\"paragraph\" data-mrf-recirculation=\"Links inline\">Michal Shahaf, cofundadora &amp; CEO global de Koolulm sostuvo que \u201ceste proyecto tiene dos objetivos principales. El primero es crear conciencia en todo el mundo sobre la importancia de recuperar a los rehenes que todav\u00eda est\u00e1n retenidos en Gaza: mujeres, ni\u00f1os, beb\u00e9s y personas mayores. Y queremos que la gente de todo el mundo comprenda la pesadilla que est\u00e1n pasando las familias aqu\u00ed y la pesadilla que est\u00e1n pasando los rehenes que est\u00e1n retenidos en Gaza, y que hagan todo lo posible para liberarlos de inmediato\u201d.<\/p>\n<p class=\"paragraph\" data-mrf-recirculation=\"Links inline\">\u201cEl segundo objetivo es mostrar a los ciudadanos de Israel cu\u00e1ntas comunidades diferentes en todo el mundo nos abrazan, nos apoyan y nos ayudan a superar esta pesadilla\u201d.<\/p>\n<p class=\"paragraph\" data-mrf-recirculation=\"Links inline\">El videoclip comienza en\u00a0Tel Aviv, mostrando a los cantantes detr\u00e1s de sillas vac\u00edas con carteles de los secuestrados e incluye un collage fotogr\u00e1fico con todos los rehenes y el hashtag\u00a0<i>#BringThemHomeNow<\/i>. Los organizadores del proyecto han manifestado su apoyo a las familias, afirmando su voluntad de \u201chacer lo que mejor sabemos hacer, cantar juntos, para crear una armon\u00eda humana que llama al mundo a devolver a los civiles, ni\u00f1os y ancianos a sus hogares\u201d.<\/p>\n<p class=\"paragraph\" data-mrf-recirculation=\"Links inline\">Shahaf afirm\u00f3 que eligieron la canci\u00f3n\u00a0Like a Prayer\u00a0porque \u201chabla sobre el deseo de escuchar la voz de alguien a quien amamos. Creemos que todas sus letras -y tambi\u00e9n la propia Madonna- apoyan el mensaje que queremos llevar y\u00a0cu\u00e1nto anhelamos obtener informaci\u00f3n de nuestros familiares\u00a0que est\u00e1n detenidos en Gaza en este momento\u201d.<\/p>\n<p class=\"paragraph\" data-mrf-recirculation=\"Links inline\">Luego del ataque, la misma\u00a0Madonna\u00a0se refiri\u00f3 al ataque de Hamas: \u201cLo que est\u00e1 sucediendo ahora entre Israel y Palestina obviamente es desgarrador. Veo ni\u00f1os arrojados de motocicletas, secuestrados, beb\u00e9s decapitados, ni\u00f1os en fiestas de paz siendo asesinados a tiros, \u00bfqu\u00e9 carajo est\u00e1 pasando en el mundo?\u201d.<\/p>\n<p class=\"paragraph\" data-mrf-recirculation=\"Links inline\">El director de Koolulam,\u00a0Ben Yefet, elabor\u00f3 un nuevo arreglo de la canci\u00f3n originalmente lanzada en 1989, que, con esta nueva interpretaci\u00f3n, adquiri\u00f3 un significado inquietante.<\/p>\n<p class=\"paragraph\" data-mrf-recirculation=\"Links inline\">La iniciativa de Koolulam ha generado un notable eco en la comunidad internacional, reflejando el poder de la m\u00fasica como herramienta de uni\u00f3n y protesta en tiempos de crisis. Las acciones de solidaridad y el eco en las redes sociales contin\u00faan en un esfuerzo por influir en una resoluci\u00f3n positiva y r\u00e1pida del secuestro masivo orquestado por Hamas.<\/p>\n<p class=\"paragraph\" data-mrf-recirculation=\"Links inline\">\u201cLa m\u00fasica es un lenguaje internacional\u201d, resume Shahaf, \u201cy\u00a0es una gran herramienta para recordarle a la gente las cosas que nos acercan, adem\u00e1s de las cosas que nos separan,\u00a0porque la m\u00fasica est\u00e1 en todas partes\u201d.<\/p>\n<p data-mrf-recirculation=\"Links inline\">Fuente: Infobae<\/p>\n","protected":false},"excerpt":{"rendered":"<p>En Noviembre, se gest\u00f3 una idea que dio vuelta al globo: pedir el retorno de los secuestrados mediante el lenguaje<\/p>\n","protected":false},"author":3,"featured_media":77853,"comment_status":"closed","ping_status":"closed","sticky":false,"template":"","format":"standard","meta":{"_acf_changed":false,"_seopress_robots_primary_cat":"none","_seopress_titles_title":"","_seopress_titles_desc":"","_seopress_robots_index":"","colormag_page_container_layout":"default_layout","colormag_page_sidebar_layout":"default_layout","footnotes":""},"categories":[10,7],"tags":[],"class_list":["post-77850","post","type-post","status-publish","format-standard","has-post-thumbnail","hentry","category-opiniones","category-videos"],"acf":[],"_links":{"self":[{"href":"https:\/\/vocesparalelas.com.ar\/sitio\/wp-json\/wp\/v2\/posts\/77850","targetHints":{"allow":["GET"]}}],"collection":[{"href":"https:\/\/vocesparalelas.com.ar\/sitio\/wp-json\/wp\/v2\/posts"}],"about":[{"href":"https:\/\/vocesparalelas.com.ar\/sitio\/wp-json\/wp\/v2\/types\/post"}],"author":[{"embeddable":true,"href":"https:\/\/vocesparalelas.com.ar\/sitio\/wp-json\/wp\/v2\/users\/3"}],"replies":[{"embeddable":true,"href":"https:\/\/vocesparalelas.com.ar\/sitio\/wp-json\/wp\/v2\/comments?post=77850"}],"version-history":[{"count":2,"href":"https:\/\/vocesparalelas.com.ar\/sitio\/wp-json\/wp\/v2\/posts\/77850\/revisions"}],"predecessor-version":[{"id":77911,"href":"https:\/\/vocesparalelas.com.ar\/sitio\/wp-json\/wp\/v2\/posts\/77850\/revisions\/77911"}],"wp:featuredmedia":[{"embeddable":true,"href":"https:\/\/vocesparalelas.com.ar\/sitio\/wp-json\/wp\/v2\/media\/77853"}],"wp:attachment":[{"href":"https:\/\/vocesparalelas.com.ar\/sitio\/wp-json\/wp\/v2\/media?parent=77850"}],"wp:term":[{"taxonomy":"category","embeddable":true,"href":"https:\/\/vocesparalelas.com.ar\/sitio\/wp-json\/wp\/v2\/categories?post=77850"},{"taxonomy":"post_tag","embeddable":true,"href":"https:\/\/vocesparalelas.com.ar\/sitio\/wp-json\/wp\/v2\/tags?post=77850"}],"curies":[{"name":"wp","href":"https:\/\/api.w.org\/{rel}","templated":true}]}}