{"id":77844,"date":"2024-10-10T19:46:48","date_gmt":"2024-10-10T22:46:48","guid":{"rendered":"https:\/\/vocesparalelas.com.ar\/sitio\/?p=77844"},"modified":"2024-10-10T19:49:45","modified_gmt":"2024-10-10T22:49:45","slug":"la-camara-de-diputados-de-san-juan-adhirio-a-la-ley-nacional-n-27-733","status":"publish","type":"post","link":"https:\/\/vocesparalelas.com.ar\/sitio\/la-camara-de-diputados-de-san-juan-adhirio-a-la-ley-nacional-n-27-733\/","title":{"rendered":"La C\u00e1mara de Diputados de San Juan adhiri\u00f3 a la Ley Nacional N\u00b0 27.733"},"content":{"rendered":"<p>Con el objetivo de regular las acciones medico asistenciales frente a la muerte perinatal para que el Estado brinde la protecci\u00f3n necesaria en el resguardo f\u00edsico y emocional de las mujeres afectadas, la C\u00e1mara de Diputados adhiri\u00f3 a la Ley Nacional N\u00b0 27.733.<\/p>\n<p>Adem\u00e1s, el cuerpo Legislativo modific\u00f3 los art\u00edculos 66\u00ba y 67\u00ba de la Ley que instituye como Patrimonio Cultural la Fiesta Nacional del Sol.<\/p>\n<p>Por otra parte, aprob\u00f3 dos convenios marcos de colaboraci\u00f3n, uno entre el Ministerio de Gobierno de San Juan y la Municipalidad de Sarmiento; y otro entre el Ministerio de Gobierno y la Alianza Francesa de San Juan. Tambi\u00e9n, ratific\u00f3 una adenda al convenio marco celebrado entre el Ministerio de Miner\u00eda y el Foro de Abogados de San Juan.<\/p>\n<p>Por \u00faltimo, declar\u00f3 de inter\u00e9s diversos eventos como: la llegada del busto de Sarmiento y actividades en conmemoraci\u00f3n al 150\u00ba aniversario de la finalizaci\u00f3n de su mandato presidencial; las actividades de concientizaci\u00f3n sobre el C\u00e1ncer de Mama en el marco del mes rosa; la XXIII Reuni\u00f3n Americana de Genealog\u00eda, XIII Congreso Iberoamericano de las Ciencias Geneal\u00f3gica y Her\u00e1ldica de la Rep\u00fablica Argentina y de San Juan de la Frontera; El Primer Ciclo de Conferencia sobre Neurodesarrollo en San Juan; Las Jornadas Cuyanas del Cap\u00edtulo de Psico-Oncolog\u00eda de APSA; La experiencia colectiva denominada Hackat\u00f3n de Sociales; El proyecto art\u00edstico y visual \u201cAqu\u00ed hacemos pasi\u00f3n\u201d; La investigaci\u00f3n ferroviaria en la provincia de San Juan; La Primera Jornada Solidaria Provincial de Profesionales de la Salud (Autor: Interbloque Cambia San Juan).<\/p>\n<p>La Decimoprimera sesi\u00f3n ordinaria estuvo encabezada por el se\u00f1or vicegobernador Fabi\u00e1n Mart\u00edn, quien estuvo acompa\u00f1ado por los secretarios Legislativo, Gustavo Velert; y Administrativo, Jorge Fern\u00e1ndez.<\/p>\n<p><span style=\"color: #800080;\"><strong>Adhesi\u00f3n a la Ley para la atenci\u00f3n de mujeres frente a la muerte perinatal<\/strong><\/span><\/p>\n<p><iframe loading=\"lazy\" title=\"DIPUTADA  STELLA CAPARR\u00d3S\" width=\"800\" height=\"450\" src=\"https:\/\/www.youtube.com\/embed\/ZdVrbG2J4Gs?feature=oembed\" frameborder=\"0\" allow=\"accelerometer; autoplay; clipboard-write; encrypted-media; gyroscope; picture-in-picture; web-share\" referrerpolicy=\"strict-origin-when-cross-origin\" allowfullscreen><\/iframe><\/p>\n<div class=\"g-block size-70\">\n<section id=\"g-mainbody\">\n<div class=\"g-grid\">\n<div class=\"g-block size-100\">\n<div class=\"g-content\">\n<div class=\"platform-content container\">\n<div class=\"row\">\n<div class=\"col\">\n<div class=\"com-content-article item-page\">\n<div class=\"com-content-article__body\">\n<p>Tras la fundamentaci\u00f3n brindada por la diputada Stella Caparros, autora del proyecto, la C\u00e1mara de Diputados aprob\u00f3, con 33 votos positivos, la adhesi\u00f3n a la Ley Nacional N\u00b0 27.733, de Procedimientos M\u00e9dico-Asistenciales para la Atenci\u00f3n de Mujeres y Personas Gestantes frente a la Muerte Perinatal.<\/p>\n<p>Durante su explicaci\u00f3n, la legisladora se\u00f1al\u00f3 que el \u201cEl objetivo es que la mujer o persona gestante sea legitimada en su derecho a expresar sus dolorosos sentimientos y pueda realizar el proceso de despedida de ese hijo\/a. Para ello se interna a las mujeres o personas gestantes en una habitaci\u00f3n especial para que puedan tener la intimidad propia de sus pautas culturales y se las asesora a ellas y\/o a quienes ellas designen, con toda la informaci\u00f3n necesaria para que puedan ejercer sus derechos: decidir conocer a su hijo\/a, conocer las causas del fallecimiento en caso que puedan detectarse, darle informaci\u00f3n respecto de alternativas de intervenciones m\u00e9dicas, se les ofrece tratamientos para apoyar su salud mental perinatal, inhibici\u00f3n de la lactancia, entre otros aspectos\u201d.<\/p>\n<p>\u201cEs decir, no se trata solo de la violencia sufrida por las mujeres y personas gestantes en el momento que reciben la tr\u00e1gica noticia, sino que se trata de un conjunto de situaciones que van desde la internaci\u00f3n en un lugar que se corresponda con su perdida, hasta la posibilidad de dar sepultura al cuerpo sin vida, pasando por el acompa\u00f1amiento por profesionales especializados el proceso y dem\u00e1s cuestiones que hacen a la concientizaci\u00f3n y difusi\u00f3n de los factores de riesgo de la muerte perinatal\u201d a\u00f1adi\u00f3 la legisladora.<\/p>\n<p>Cabe se\u00f1alar que la muerte perinatal es la tragedia personal y profesional m\u00e1s dif\u00edcil de afrontar en la pr\u00e1ctica obst\u00e9trica y neonatol\u00f3gica diaria, por ende, resulta necesario hacer visible la problem\u00e1tica de la muerte perinatal estableciendo procedimientos m\u00e9dico-asistenciales espec\u00edficos que les otorguen a las mujeres y personas gestantes, y a su entorno, la protecci\u00f3n jur\u00eddica necesaria a trav\u00e9s del acceso a la informaci\u00f3n de las acciones terap\u00e9uticas, una adecuada contenci\u00f3n y protecci\u00f3n y un trato digno.<\/p>\n<p>En la oportunidad, tambi\u00e9n hicieron sus aportes y manifestaron su postura a favor los legisladores Alejandra Leonardo, Graciela Seva y Horacio Quiroga.<\/p>\n<p><span style=\"color: #800080;\"><strong>Modificaci\u00f3n de la Ley que instituye la Fiesta Nacional del Sol<\/strong><\/span><\/p>\n<p>Luego de un debate y tras los argumentos brindados por la diputada Mar\u00eda Lascano, la Legislatura modific\u00f3 los art\u00edculos 66\u00ba y 67\u00ba de la Ley N\u00ba 411-F, que quedaron redactados de la siguiente manera:<\/p>\n<p><em>\u00a0\u201cArt\u00edculo 66.- La Fiesta Nacional del Sol, se debe realizar en la fecha que la autoridad de aplicaci\u00f3n lo disponga. Su duraci\u00f3n no debe ser menor a tres (3) d\u00edas, ni exceder los cinco (5) d\u00edas. No debe coincidir con la fecha de otra Fiesta Departamental.\u201d<\/em><\/p>\n<p><em>\u201cArt\u00edculo 67.- La autoridad de aplicaci\u00f3n es el Poder Ejecutivo a trav\u00e9s del Ministerio de Turismo, Cultura y Deporte, o el organismo que en el futuro lo reemplace.\u201d<\/em><\/p>\n<p>Este punto del orden del d\u00eda obtuvo 18 votos positivos y la abstenci\u00f3n de 16 diputados pertenecientes a los bloques Justicialista, bloque Frente Grande, bloque San Juan Vuelve, bloque Crecer y bloque Mejor Nosotros.<\/p>\n<p><span style=\"color: #800080;\"><strong>Convenio entre el Ministerio de Miner\u00eda y el Foro de Abogados<\/strong><\/span><\/p>\n<p>Despu\u00e9s, el cuerpo Parlamentario aprob\u00f3 el convenio marco de colaboraci\u00f3n entre el Ministerio de Miner\u00eda y el Foro de Abogados de San Juan. Este asunto fue fundamentado por el diputado Andr\u00e9s Castro.<\/p>\n<p>El objetivo de este acuerdo consiste en brindarse mutua asistencia t\u00e9cnica entre las partes, a fin de satisfacer necesidades de orden acad\u00e9mico, cient\u00edfico, de asesoramiento t\u00e9cnico, y capacitaci\u00f3n de proyecci\u00f3n social y comunitaria, \u00fatiles para el funcionamiento de las diversas \u00e1reas del Ministerio y que constituyen \u00e1reas de las disciplinas objeto de estudio del Foro.<\/p>\n<p><span style=\"color: #800080;\"><strong>Convenio con la Municipalidad de Sarmiento<\/strong><\/span><\/p>\n<p>Adem\u00e1s, la C\u00e1mara de Diputado ratific\u00f3 un convenio marco de colaboraci\u00f3n entre el Ministerio de Gobierno de San Juan y la Municipalidad de Sarmiento, y la Acta Complementaria N\u00b0 1 celebrado entre el Ministerio de Gobierno, la Secretar\u00eda de Relaciones Institucionales y la Municipalidad de Sarmiento, suscritos el 08 de julio de 2024. En esta ocasi\u00f3n, habl\u00f3 la diputada M\u00f3nica Gonz\u00e1lez como miembro informante.<\/p>\n<p>El citado convenio, tiene por objeto la cooperaci\u00f3n y vinculaci\u00f3n interinstitucional, para llevar a cabo acciones coordinadas de asistencia t\u00e9cnica y colaboraci\u00f3n mutua en el \u00e1mbito de sus competencias. Mientras que, la mencionada Acta Complementaria N\u00b0 1 tiene por objeto el asesoramiento, la asistencia y orientaci\u00f3n por parte del equipo t\u00e9cnico de la Direcci\u00f3n de Archivo General de la Provincia y Sistema Provincial de Archivo dependiente de la Secretar\u00eda de Relaciones Institucionales, al personal que desempe\u00f1e tareas en los circuitos administrativos de la Municipalidad en todo lo concerniente a la recepci\u00f3n, preservaci\u00f3n, conservaci\u00f3n y archivo de la documentaci\u00f3n producida en el organismo.<\/p>\n<p><span style=\"color: #800080;\"><strong>Convenio con la Alianza Francesa de San Juan<\/strong><\/span><\/p>\n<p>Tras los argumentos brindados por la diputada Alejandra Leonardo, el cuerpo Legislativo aprob\u00f3 el Convenio Marco de Colaboraci\u00f3n celebrado entre el Ministerio de Gobierno y la Asociaci\u00f3n sin fines de lucro Alianza Francesa de San Juan, y Acta Complementaria N\u00b0 1, celebrado entre el Ministerio de Gobierno, la Secretar\u00eda de Relaciones Institucionales y la Asociaci\u00f3n sin fines de lucro Alianza Francesa de San Juan, suscritos el 1 de julio de 2024.<\/p>\n<p>El objeto de este asunto consiste en la realizaci\u00f3n de acciones coordinadas de asistencia t\u00e9cnica y colaboraci\u00f3n mutua en el \u00e1mbito de sus competencias; ratificada por Decreto N\u00b0 1706-MG-2024 del 10 de septiembre de 2024.<\/p>\n<p><span style=\"color: #800080;\"><strong>Resoluciones<\/strong><\/span><\/p>\n<p>La C\u00e1mara de Diputados declar\u00f3 de inter\u00e9s:<\/p>\n<ul>\n<li>Social, cultural, y educativo, la correspondiente colocaci\u00f3n del busto de Domingo Faustino Sarmiento en el centro cultural que lleva su nombre en el Departamento sarmiento y las actividades a desarrollarse en la Provincia en el Museo Casa Natal de Sarmiento en Conmemoraci\u00f3n del 150\u00ba Aniversario de la Finalizaci\u00f3n de su Mandato Presidencial, a realizarse entre el mes de septiembre y diciembre del corriente a\u00f1o. (Interbloque Cambia San Juan)<\/li>\n<li>Cient\u00edfico, sanitario y educativo a las actividades de Concientizaci\u00f3n sobre el C\u00e1ncer de Mama, desarrolladas por el Colegio Fisiokin\u00e9sico de San Juan, en el marco de \u00abMes Rosa\u00bb. (Interbloque Cambia San Juan)<\/li>\n<li>Social y educativo el Primer Ciclo de Conferencias sobre Neurodesarrollo en San Juan a realizarse el 12 y 14 de octubre. (Interbloque Cambia San Juan)<\/li>\n<li>Educativo y acad\u00e9mica, las \u00abJornadas Cuyanas del Cap\u00edtulo de Psico-Oncolog\u00eda de APSA\u201d, que se llevar\u00e1n a cabo en la provincia de San Juan los d\u00edas 17 y 18 de octubre del 2024 en Casa Espa\u00f1a, organizado por la Asociaci\u00f3n de Psiquiatras de Argentina, Facultad de Ciencias M\u00e9dicas y Facultad de Filosof\u00eda y Humanidades de la Universidad Cat\u00f3lica de Cuyo. (Interbloque Cambia San Juan)<\/li>\n<li>Educativo, cultural y social a la \u201cHackat\u00f3n de Sociales\u00bb, que se llevar\u00e1 a cabo el d\u00eda 18 de octubre del presente a\u00f1o, en la Facultad de Ciencias Sociales de la Universidad Nacional de San Juan. (Diputado Emilio Escudero)<\/li>\n<li>Social, la Primera Jornada Solidaria Provincial de Profesionales de la Salud bajo el Lema Te sumas a cuidarnos? Seamos fermento de Caridad\u00bb. (Interbloque Cambia San Juan)<\/li>\n<li>Cultural y educativo, la XXIII Reuni\u00f3n Americana de Genealog\u00eda, XIII. Congreso Iberoamericano de las Ciencias Geneal\u00f3gica y Her\u00e1ldica, XVI Congreso Nacional de Genealog\u00eda y Her\u00e1ldica de la Rep\u00fablica Argentina y III Congreso de Genealog\u00eda y Her\u00e1ldica de San Juan de la Frontera, que se llevar\u00e1n a cabo de manera concomitante en la provincia de San Juan entre los d\u00edas 23 al 26 de octubre de 2024, organizado por el Centro de Genealog\u00eda y Her\u00e1ldica de San Juan. (Diputado Emilio Escudero)<\/li>\n<li>Cultural, educativo, tur\u00edstico y social al Proyecto art\u00edstico audiovisual \u00abAqu\u00ed hacemos con pasi\u00f3n\u00bb. (Interbloque Cambia San Juan)<\/li>\n<li>Educativo, cultural y tur\u00edstico, la \u201cInvestigaci\u00f3n ferroviaria en la provincia de san juan\u201d realizada por el Sr. Daniel Pomba. (Diputada Marta Gramajo)<\/li>\n<\/ul>\n<p>Tras finalizar el tratamiento del orden del d\u00eda, los diputados Mario Herrero y Horacio Quiroga hablaron acerca de la situaci\u00f3n actual que atraviesa la Universidad Nacional.<\/p>\n<p><img loading=\"lazy\" decoding=\"async\" class=\"alignnone size-full wp-image-77848\" src=\"https:\/\/vocesparalelas.com.ar\/sitio\/wp-content\/uploads\/2024\/10\/CDSJ-UNIVERSIDAD.jpg\" alt=\"\" width=\"800\" height=\"520\" srcset=\"https:\/\/vocesparalelas.com.ar\/sitio\/wp-content\/uploads\/2024\/10\/CDSJ-UNIVERSIDAD.jpg 800w, https:\/\/vocesparalelas.com.ar\/sitio\/wp-content\/uploads\/2024\/10\/CDSJ-UNIVERSIDAD-300x195.jpg 300w, https:\/\/vocesparalelas.com.ar\/sitio\/wp-content\/uploads\/2024\/10\/CDSJ-UNIVERSIDAD-768x499.jpg 768w\" sizes=\"auto, (max-width: 800px) 100vw, 800px\" \/><\/p>\n<p>&nbsp;<\/p>\n<\/div>\n<\/div>\n<\/div>\n<p><iframe loading=\"lazy\" title=\"11 Sesi\u00f3n Ordinaria - 10 de octubre de 2024.\" width=\"800\" height=\"450\" src=\"https:\/\/www.youtube.com\/embed\/GWg7sTa0Xuk?feature=oembed\" frameborder=\"0\" allow=\"accelerometer; autoplay; clipboard-write; encrypted-media; gyroscope; picture-in-picture; web-share\" referrerpolicy=\"strict-origin-when-cross-origin\" allowfullscreen><\/iframe><\/p>\n<figure id=\"attachment_37951\" aria-describedby=\"caption-attachment-37951\" style=\"width: 800px\" class=\"wp-caption alignnone\"><img loading=\"lazy\" decoding=\"async\" class=\"size-full wp-image-37951\" src=\"https:\/\/vocesparalelas.com.ar\/sitio\/wp-content\/uploads\/2021\/05\/CAMARA-EDIFICIO.jpg\" alt=\"\" width=\"800\" height=\"515\" srcset=\"https:\/\/vocesparalelas.com.ar\/sitio\/wp-content\/uploads\/2021\/05\/CAMARA-EDIFICIO.jpg 800w, https:\/\/vocesparalelas.com.ar\/sitio\/wp-content\/uploads\/2021\/05\/CAMARA-EDIFICIO-300x193.jpg 300w, https:\/\/vocesparalelas.com.ar\/sitio\/wp-content\/uploads\/2021\/05\/CAMARA-EDIFICIO-768x494.jpg 768w\" sizes=\"auto, (max-width: 800px) 100vw, 800px\" \/><figcaption id=\"caption-attachment-37951\" class=\"wp-caption-text\">Legislatura Provincial de San Juan, Rep\u00fablica Argentina<\/figcaption><\/figure>\n<\/div>\n<\/div>\n<\/div>\n<\/div>\n<\/div>\n<\/section>\n<\/div>\n","protected":false},"excerpt":{"rendered":"<p>Con el objetivo de regular las acciones medico asistenciales frente a la muerte perinatal para que el Estado brinde la<\/p>\n","protected":false},"author":3,"featured_media":77847,"comment_status":"closed","ping_status":"closed","sticky":false,"template":"","format":"standard","meta":{"_acf_changed":false,"_seopress_robots_primary_cat":"none","_seopress_titles_title":"","_seopress_titles_desc":"","_seopress_robots_index":"","colormag_page_container_layout":"default_layout","colormag_page_sidebar_layout":"default_layout","footnotes":""},"categories":[1,7],"tags":[],"class_list":["post-77844","post","type-post","status-publish","format-standard","has-post-thumbnail","hentry","category-destacadas","category-videos"],"acf":[],"_links":{"self":[{"href":"https:\/\/vocesparalelas.com.ar\/sitio\/wp-json\/wp\/v2\/posts\/77844","targetHints":{"allow":["GET"]}}],"collection":[{"href":"https:\/\/vocesparalelas.com.ar\/sitio\/wp-json\/wp\/v2\/posts"}],"about":[{"href":"https:\/\/vocesparalelas.com.ar\/sitio\/wp-json\/wp\/v2\/types\/post"}],"author":[{"embeddable":true,"href":"https:\/\/vocesparalelas.com.ar\/sitio\/wp-json\/wp\/v2\/users\/3"}],"replies":[{"embeddable":true,"href":"https:\/\/vocesparalelas.com.ar\/sitio\/wp-json\/wp\/v2\/comments?post=77844"}],"version-history":[{"count":1,"href":"https:\/\/vocesparalelas.com.ar\/sitio\/wp-json\/wp\/v2\/posts\/77844\/revisions"}],"predecessor-version":[{"id":77849,"href":"https:\/\/vocesparalelas.com.ar\/sitio\/wp-json\/wp\/v2\/posts\/77844\/revisions\/77849"}],"wp:featuredmedia":[{"embeddable":true,"href":"https:\/\/vocesparalelas.com.ar\/sitio\/wp-json\/wp\/v2\/media\/77847"}],"wp:attachment":[{"href":"https:\/\/vocesparalelas.com.ar\/sitio\/wp-json\/wp\/v2\/media?parent=77844"}],"wp:term":[{"taxonomy":"category","embeddable":true,"href":"https:\/\/vocesparalelas.com.ar\/sitio\/wp-json\/wp\/v2\/categories?post=77844"},{"taxonomy":"post_tag","embeddable":true,"href":"https:\/\/vocesparalelas.com.ar\/sitio\/wp-json\/wp\/v2\/tags?post=77844"}],"curies":[{"name":"wp","href":"https:\/\/api.w.org\/{rel}","templated":true}]}}