{"id":77839,"date":"2024-10-10T19:24:21","date_gmt":"2024-10-10T22:24:21","guid":{"rendered":"https:\/\/vocesparalelas.com.ar\/sitio\/?p=77839"},"modified":"2024-10-12T14:57:30","modified_gmt":"2024-10-12T17:57:30","slug":"san-juan-hacia-el-campeonato-nacional-de-malambo-femenino-2024-en-cordoba","status":"publish","type":"post","link":"https:\/\/vocesparalelas.com.ar\/sitio\/san-juan-hacia-el-campeonato-nacional-de-malambo-femenino-2024-en-cordoba\/","title":{"rendered":"San Juan hacia el Campeonato Nacional de Malambo Femenino 2024 en C\u00f3rdoba"},"content":{"rendered":"<p>En el marco de la sexta edici\u00f3n del\u00a0Campeonato Nacional de Malambo Femenino, 130 bailarines de San Juan de diferentes categor\u00edas viajaron a la provincia de C\u00f3rdoba para participar de la competencia que se desarrolla entre el 10 y 15 de Octubre de 2024.<\/p>\n<p>La delegaci\u00f3n compuesta por bailarines de distintas academias busca dejar su huella en uno de los campeonatos m\u00e1s importantes de Malambo de Argentina. El objetivo del certamen es revalorizar la danza folcl\u00f3rica y brindar a las mujeres la oportunidad de crecer en el arte del malambo.<\/p>\n<p>Por parte del Ministerio de Turismo, Cultura y Deporte del Gobierno de San Juan despidieron a la delegaci\u00f3n el subsecretario de Turismo Lic. Juan Casta\u00f1ares, el director de Artes Esc\u00e9nicas y el coordinador del Parque Provincial Ischigualasto, Juan Pablo Teja.<\/p>\n<p>El Campeonato Nacional de Malambo Femenino es una oportunidad para que las bailarinas muestren su talento y habilidad en el escenario nacional.<\/p>\n<p>Considerado un hito en la historia del malambo y el baile folcl\u00f3rico, este campeonato nacional reunir\u00e1 a las mejores bailarinas del pa\u00eds para competir y compartir su pasi\u00f3n por el arte de esta danza argentina.<\/p>\n<p><img loading=\"lazy\" decoding=\"async\" class=\"alignnone size-large wp-image-22560\" src=\"https:\/\/vocesparalelas.com.ar\/sitio\/wp-content\/uploads\/2019\/07\/UNSJ-MALAMBO-03-800x531.jpg\" alt=\"\" width=\"800\" height=\"531\" srcset=\"https:\/\/vocesparalelas.com.ar\/sitio\/wp-content\/uploads\/2019\/07\/UNSJ-MALAMBO-03-800x531.jpg 800w, https:\/\/vocesparalelas.com.ar\/sitio\/wp-content\/uploads\/2019\/07\/UNSJ-MALAMBO-03-300x199.jpg 300w, https:\/\/vocesparalelas.com.ar\/sitio\/wp-content\/uploads\/2019\/07\/UNSJ-MALAMBO-03-768x510.jpg 768w, https:\/\/vocesparalelas.com.ar\/sitio\/wp-content\/uploads\/2019\/07\/UNSJ-MALAMBO-03.jpg 1000w\" sizes=\"auto, (max-width: 800px) 100vw, 800px\" \/><\/p>\n","protected":false},"excerpt":{"rendered":"<p>En el marco de la sexta edici\u00f3n del\u00a0Campeonato Nacional de Malambo Femenino, 130 bailarines de San Juan de diferentes categor\u00edas<\/p>\n","protected":false},"author":3,"featured_media":77843,"comment_status":"closed","ping_status":"closed","sticky":false,"template":"","format":"standard","meta":{"_acf_changed":false,"_seopress_robots_primary_cat":"none","_seopress_titles_title":"","_seopress_titles_desc":"","_seopress_robots_index":"","colormag_page_container_layout":"default_layout","colormag_page_sidebar_layout":"default_layout","footnotes":""},"categories":[8],"tags":[],"class_list":["post-77839","post","type-post","status-publish","format-standard","has-post-thumbnail","hentry","category-concursos"],"acf":[],"_links":{"self":[{"href":"https:\/\/vocesparalelas.com.ar\/sitio\/wp-json\/wp\/v2\/posts\/77839","targetHints":{"allow":["GET"]}}],"collection":[{"href":"https:\/\/vocesparalelas.com.ar\/sitio\/wp-json\/wp\/v2\/posts"}],"about":[{"href":"https:\/\/vocesparalelas.com.ar\/sitio\/wp-json\/wp\/v2\/types\/post"}],"author":[{"embeddable":true,"href":"https:\/\/vocesparalelas.com.ar\/sitio\/wp-json\/wp\/v2\/users\/3"}],"replies":[{"embeddable":true,"href":"https:\/\/vocesparalelas.com.ar\/sitio\/wp-json\/wp\/v2\/comments?post=77839"}],"version-history":[{"count":1,"href":"https:\/\/vocesparalelas.com.ar\/sitio\/wp-json\/wp\/v2\/posts\/77839\/revisions"}],"predecessor-version":[{"id":77842,"href":"https:\/\/vocesparalelas.com.ar\/sitio\/wp-json\/wp\/v2\/posts\/77839\/revisions\/77842"}],"wp:featuredmedia":[{"embeddable":true,"href":"https:\/\/vocesparalelas.com.ar\/sitio\/wp-json\/wp\/v2\/media\/77843"}],"wp:attachment":[{"href":"https:\/\/vocesparalelas.com.ar\/sitio\/wp-json\/wp\/v2\/media?parent=77839"}],"wp:term":[{"taxonomy":"category","embeddable":true,"href":"https:\/\/vocesparalelas.com.ar\/sitio\/wp-json\/wp\/v2\/categories?post=77839"},{"taxonomy":"post_tag","embeddable":true,"href":"https:\/\/vocesparalelas.com.ar\/sitio\/wp-json\/wp\/v2\/tags?post=77839"}],"curies":[{"name":"wp","href":"https:\/\/api.w.org\/{rel}","templated":true}]}}