{"id":77828,"date":"2024-10-10T19:03:43","date_gmt":"2024-10-10T22:03:43","guid":{"rendered":"https:\/\/vocesparalelas.com.ar\/sitio\/?p=77828"},"modified":"2024-10-10T19:03:43","modified_gmt":"2024-10-10T22:03:43","slug":"comitiva-de-onu-mujeres-en-san-juan","status":"publish","type":"post","link":"https:\/\/vocesparalelas.com.ar\/sitio\/comitiva-de-onu-mujeres-en-san-juan\/","title":{"rendered":"Comitiva de ONU Mujeres en San Juan"},"content":{"rendered":"<p>El gobernador de San Juan, Dr. Marcelo Orrego recibi\u00f3 a la comitiva de ONU Mujeres, entidad de las Naciones Unidas dedicada a la igualdad de g\u00e9nero. Del encuentro, que se realiz\u00f3 en Casa de Gobierno.<\/p>\n<p>Participaron la ministra de Gobierno, Dra. Laura Palma; secretaria de Relaciones Institucionales, Dra. Claudia Sarmiento; de ONU Mujeres Argentina, Mariana Massaccesi; por Conexxion SAS, Mar\u00eda Lorena Sala; CPCESJ &#8211; Comisi\u00f3n de la Mujer, Andrea P\u00e9rez y Lucila Avel\u00edn; Broker Andino, Gabriela Carranza.<\/p>\n<p>En este contexto, la Secretaria de ONU Mujeres Argentina, Mariana Massaccesi explic\u00f3 que \u201cestamos visitando la provincia de San Juan para promover e impulsar la participaci\u00f3n de mujeres en la econom\u00eda y aprovechando tambi\u00e9n todas las oportunidades de crecimiento que presenta la provincia en la industria energ\u00e9tica y en la miner\u00eda en particular\u201d.<\/p>\n<p>\u00abDesde la ONU Mujeres promovemos la autonom\u00eda econ\u00f3mica de las mujeres y aumentar la participaci\u00f3n de mujeres en industrias no tradicionales o muy masculinizadas todav\u00eda, pero que presentan oportunidades de crecimiento para incluirlas en el trabajo y laboralmente\u201d.<\/p>\n<p>\u00abEstamos muy contentas por la agenda din\u00e1mica, por las acciones que viene desarrollando la provincia, y creemos que podemos potenciar y acompa\u00f1ar desde la ONU Mujeres el crecimiento de los proyectos vinculados con la autonom\u00eda econ\u00f3mica de mujeres\u00bb &#8211; sintetiz\u00f3 la Secretaria de ONU Mujeres Argentina, Mariana Massaccesi; .<\/p>\n<p><iframe loading=\"lazy\" title=\"El gobernador Orrego recibi\u00f3 a misi\u00f3n de ONU Mujeres\" width=\"800\" height=\"450\" src=\"https:\/\/www.youtube.com\/embed\/LYI8v6HEaWw?feature=oembed\" frameborder=\"0\" allow=\"accelerometer; autoplay; clipboard-write; encrypted-media; gyroscope; picture-in-picture; web-share\" referrerpolicy=\"strict-origin-when-cross-origin\" allowfullscreen><\/iframe><\/p>\n<p><strong><span style=\"color: #0000ff;\">Sobre ONU-Mujeres<\/span><\/strong><\/p>\n<p>ONU Mujeres fue establecida para acelerar el progreso que conllevar\u00e1 a mejorar las condiciones de vida de las mujeres y para responder a las necesidades que enfrentan en el mundo.<br \/>\nEn esta oportunidad, ONU Mujeres tendr\u00e1 dos jornadas de reuniones en San Juan los d\u00edas 9 y 10 de octubre, con el fin de potenciar la capacidad y fuerza de las sanjuaninas a trav\u00e9s de acuerdos con instituciones p\u00fablicas y privadas.<\/p>\n<p>&nbsp;<\/p>\n<p><img loading=\"lazy\" decoding=\"async\" class=\"alignnone size-full wp-image-65642\" src=\"https:\/\/vocesparalelas.com.ar\/sitio\/wp-content\/uploads\/2023\/11\/GOBIERNO-SAN-JUAN.jpg\" alt=\"\" width=\"800\" height=\"600\" srcset=\"https:\/\/vocesparalelas.com.ar\/sitio\/wp-content\/uploads\/2023\/11\/GOBIERNO-SAN-JUAN.jpg 800w, https:\/\/vocesparalelas.com.ar\/sitio\/wp-content\/uploads\/2023\/11\/GOBIERNO-SAN-JUAN-300x225.jpg 300w, https:\/\/vocesparalelas.com.ar\/sitio\/wp-content\/uploads\/2023\/11\/GOBIERNO-SAN-JUAN-768x576.jpg 768w\" sizes=\"auto, (max-width: 800px) 100vw, 800px\" \/><\/p>\n","protected":false},"excerpt":{"rendered":"<p>El gobernador de San Juan, Dr. Marcelo Orrego recibi\u00f3 a la comitiva de ONU Mujeres, entidad de las Naciones Unidas<\/p>\n","protected":false},"author":3,"featured_media":77831,"comment_status":"closed","ping_status":"closed","sticky":false,"template":"","format":"standard","meta":{"_acf_changed":false,"_seopress_robots_primary_cat":"none","_seopress_titles_title":"","_seopress_titles_desc":"","_seopress_robots_index":"","colormag_page_container_layout":"default_layout","colormag_page_sidebar_layout":"default_layout","footnotes":""},"categories":[1,7],"tags":[],"class_list":["post-77828","post","type-post","status-publish","format-standard","has-post-thumbnail","hentry","category-destacadas","category-videos"],"acf":[],"_links":{"self":[{"href":"https:\/\/vocesparalelas.com.ar\/sitio\/wp-json\/wp\/v2\/posts\/77828","targetHints":{"allow":["GET"]}}],"collection":[{"href":"https:\/\/vocesparalelas.com.ar\/sitio\/wp-json\/wp\/v2\/posts"}],"about":[{"href":"https:\/\/vocesparalelas.com.ar\/sitio\/wp-json\/wp\/v2\/types\/post"}],"author":[{"embeddable":true,"href":"https:\/\/vocesparalelas.com.ar\/sitio\/wp-json\/wp\/v2\/users\/3"}],"replies":[{"embeddable":true,"href":"https:\/\/vocesparalelas.com.ar\/sitio\/wp-json\/wp\/v2\/comments?post=77828"}],"version-history":[{"count":1,"href":"https:\/\/vocesparalelas.com.ar\/sitio\/wp-json\/wp\/v2\/posts\/77828\/revisions"}],"predecessor-version":[{"id":77832,"href":"https:\/\/vocesparalelas.com.ar\/sitio\/wp-json\/wp\/v2\/posts\/77828\/revisions\/77832"}],"wp:featuredmedia":[{"embeddable":true,"href":"https:\/\/vocesparalelas.com.ar\/sitio\/wp-json\/wp\/v2\/media\/77831"}],"wp:attachment":[{"href":"https:\/\/vocesparalelas.com.ar\/sitio\/wp-json\/wp\/v2\/media?parent=77828"}],"wp:term":[{"taxonomy":"category","embeddable":true,"href":"https:\/\/vocesparalelas.com.ar\/sitio\/wp-json\/wp\/v2\/categories?post=77828"},{"taxonomy":"post_tag","embeddable":true,"href":"https:\/\/vocesparalelas.com.ar\/sitio\/wp-json\/wp\/v2\/tags?post=77828"}],"curies":[{"name":"wp","href":"https:\/\/api.w.org\/{rel}","templated":true}]}}