{"id":77817,"date":"2024-10-09T20:21:34","date_gmt":"2024-10-09T23:21:34","guid":{"rendered":"https:\/\/vocesparalelas.com.ar\/sitio\/?p=77817"},"modified":"2024-10-12T11:04:02","modified_gmt":"2024-10-12T14:04:02","slug":"se-sostuvo-el-veto-presidencial-al-proyecto-de-ley-de-financiamiento-universitario-de-argentina","status":"publish","type":"post","link":"https:\/\/vocesparalelas.com.ar\/sitio\/se-sostuvo-el-veto-presidencial-al-proyecto-de-ley-de-financiamiento-universitario-de-argentina\/","title":{"rendered":"Se sostuvo el veto presidencial al proyecto de Ley de financiamiento Universitario de Argentina"},"content":{"rendered":"<p>El Gobierno se enfrent\u00f3 este mi\u00e9rcoles a la batalla legislativa para sostener el veto presidencial al proyecto de financiamiento de las casas de altos estudios y logr\u00f3 imponerse en el recinto de la C\u00e1mara de Diputados. El oficialismo mantuvo el veto presidencial en una sesi\u00f3n que, para los par\u00e1metros de Diputados, fue bastante \u00e1gil y r\u00e1pida. A la hora de la votaci\u00f3n,\u00a0el tablero mostr\u00f3 que la insistencia alcanz\u00f3 160 votos, lo que fue insuficiente para lograr los dos tercios frente a los 84 de quienes votaron en contra\u00a0y firmaron el fin de la discusi\u00f3n sobre los fondos para las casas de altos estudios.<\/p>\n<p>Aunque la definici\u00f3n estuvo abierta buena parte de la sesi\u00f3n, en los pasillos del Congreso de la Naci\u00f3n se especulaba que el Gobierno estaba cerca de alcanzar los 84 votos que le permitir\u00edan bloquear la insistencia y blindar el veto. Finalmente, ese fue el n\u00famero que consigui\u00f3 y, de esa manera, obtuvo la segunda gran victoria parlamentaria para La Libertad Avanza en la C\u00e1mara de Diputados, tras el veto a la movilidad jubilatoria. El panel se complet\u00f3 con cinco abstenciones aportadas por los cuatro diputados de Misiones del bloque Encuentro Federal y Pablo Cervi, del grupo de radicales que vienen acompa\u00f1ando al Gobierno.<\/p>\n<p>No figuraron en el panel ocho diputados ausentes:\u00a0tres de Encuentro Federal \u2014Jorge \u00c1vila, Ricardo L\u00f3pez Murphy y Alejandra Torres\u2014, quien ayer estuvo en el Palacio pero anoche adujo tener Covid; por la UCR, Fernando Carbajal; por el PRO, H\u00e9ctor Stefani; por el MID, Oscar Zago; la salte\u00f1a Yolanda Vega y Mar\u00eda Fernanda \u00c1vila, de Uni\u00f3n por la Patria, quien lleg\u00f3 al Palacio Legislativo pero avis\u00f3 a la presidencia de la C\u00e1mara que no estaba en condiciones y se retir\u00f3.<\/p>\n<p class=\"paragraph\" data-mrf-recirculation=\"Links inline\">A la hora de observar c\u00f3mo vot\u00f3 cada uno de los bloques, se encuentra que por la insistencia de la ley,\u00a0Uni\u00f3n por la Patria aport\u00f3 98 votos. La UCR sum\u00f3 27 de los 33 del bloque, ya que los diputados Luis Picat, Jos\u00e9 Tournier, Mart\u00edn Arjol y Mariano Campero \u2014cuatro de los que votaron a favor del veto por la movilidad jubilatoria\u2014 mantuvieron la misma postura y acompa\u00f1aron al Gobierno. Los dos restantes son Fernando Carbajal, quien se ausent\u00f3 con licencia, y Pablo Cervi, que se abstuvo, lo que favoreci\u00f3 el bloqueo del veto. A ese n\u00famero se sum\u00f3 el respaldo de Encuentro Federal, que aport\u00f3 13 de las 16 bancas que tiene.<\/p>\n<p class=\"paragraph\" data-mrf-recirculation=\"Links inline\">En tanto, los bloques de la Coalici\u00f3n C\u00edvica (6) y el Frente de Izquierda (5) sumaron la totalidad de sus miembros para el voto positivo. Por el PRO, hubo dos a favor de la ley: \u00c1lvaro Gonz\u00e1lez y H\u00e9ctor Baldassi. Un caso particular fue el bloque Por Santa Cruz, que tiene dos miembros. Uno acompa\u00f1\u00f3 la insistencia \u2014Sergio Acevedo\u2014 y el otro vot\u00f3 a favor del veto \u2014Jos\u00e9 Garrido\u2014. \u201cEl gobernador Vidal puso un huevo en cada canasta\u201d, se\u00f1alaban en el recinto respecto del accionar de los diputados que responden al jefe de estado provincial.<\/p>\n<p>Por la ley de presupuesto tambi\u00e9n estuvo el 50% del bloque Innovaci\u00f3n Federal. Los diputados de Salta y el de R\u00edo Negro acompa\u00f1aron, mientras que el otro 50% corresponde a los cuatro diputados de Misiones \u2014Alberto Arr\u00faa, Carlos Alberto Fern\u00e1ndez, Yamila Ruiz y Daniel Vancsik\u2014 que se abstuvieron, lo que termin\u00f3 ayudando al oficialismo.<\/p>\n<p class=\"paragraph\" data-mrf-recirculation=\"Links inline\">La diputada del bloque FE, Lourdes Arrieta, vot\u00f3 por primera vez en contra de La Libertad Avanza y acompa\u00f1\u00f3 el voto positivo, oponi\u00e9ndose al veto. En la misma l\u00ednea votaron las dos diputadas de San Juan que conforman el bloque Producci\u00f3n y Trabajo, Nancy Pic\u00f3n y Mar\u00eda de los \u00c1ngeles Moreno, que tambi\u00e9n votaron en contra del veto. Sumados todos, el total da 160 diputados en contra de la decisi\u00f3n presidencial.<\/p>\n<p class=\"paragraph\" data-mrf-recirculation=\"Links inline\">Por el lado de sostener el veto, la voz cantante la llev\u00f3 el oficialismo. La Libertad Avanza aport\u00f3 39 votos propios, el PRO hizo lo propio con 35, y se sumaron a este grupo uno de CREO \u2014Paula Omodeo\u2014, dos del MID \u2014Zago est\u00e1 de viaje\u2014, cuatro radicales(Campero, Arjol, Tournier y Picat) y tres diputados de Tucum\u00e1n del bloque Independencia, junto al diputado santacruce\u00f1o, lo que permiti\u00f3 alcanzar los 84 votos.<\/p>\n<p class=\"paragraph\" data-mrf-recirculation=\"Links inline\">En la previa a la sesi\u00f3n reinaba el pesimismo entre varios legisladores que buscaban impulsar la norma, no solo porque sospechaban que la Casa Rosada logr\u00f3 convencer a varios gobernadores que cre\u00edan de su lado, sino porque entend\u00edan que era un mal antecedente antes de la discusi\u00f3n del Presupuesto 2025. \u201cSi perdemos esto, que es el 0,14% del PBI, \u00bfC\u00f3mo vamos a discutir partidas a la hora de negociar el Presupuesto?\u201d, se\u00f1alaba un diputado peronista bastante molesto por el resultado.<\/p>\n<p data-mrf-recirculation=\"Links inline\">Fuente: Infobae<\/p>\n<p data-mrf-recirculation=\"Links inline\"><strong><span style=\"color: #ff6600;\">Aporte de Voces Paralelas<\/span><\/strong><\/p>\n<p data-mrf-recirculation=\"Links inline\">La Diputada Nacional por San Juan, Dra. Nancy Pic\u00f3n justific\u00f3 su expresi\u00f3n del apoyo a las Universidades Nacionales, es decir, vot\u00f3 por la Ley del Financiamiento Universitario de Argentina.<\/p>\n<p><iframe loading=\"lazy\" title=\"SAN JUAN DIP DRA NANCY PIC\u00d3N\" width=\"800\" height=\"450\" src=\"https:\/\/www.youtube.com\/embed\/9ctAib4F3Rg?feature=oembed\" frameborder=\"0\" allow=\"accelerometer; autoplay; clipboard-write; encrypted-media; gyroscope; picture-in-picture; web-share\" referrerpolicy=\"strict-origin-when-cross-origin\" allowfullscreen><\/iframe><\/p>\n<div class=\"share-bar-article-date-container \"><img loading=\"lazy\" decoding=\"async\" class=\"alignnone size-large wp-image-26835\" src=\"https:\/\/vocesparalelas.com.ar\/sitio\/wp-content\/uploads\/2020\/03\/CONGRESO-NACIONAL-800x533.jpg\" alt=\"\" width=\"800\" height=\"533\" srcset=\"https:\/\/vocesparalelas.com.ar\/sitio\/wp-content\/uploads\/2020\/03\/CONGRESO-NACIONAL.jpg 800w, https:\/\/vocesparalelas.com.ar\/sitio\/wp-content\/uploads\/2020\/03\/CONGRESO-NACIONAL-300x200.jpg 300w, https:\/\/vocesparalelas.com.ar\/sitio\/wp-content\/uploads\/2020\/03\/CONGRESO-NACIONAL-768x512.jpg 768w\" sizes=\"auto, (max-width: 800px) 100vw, 800px\" \/><\/div>\n<div data-mrf-recirculation=\"IL_V9CRnzrQQe6_tjM5QzwxeA\" data-testid=\"text-html\" data-mrf-experience=\"IL_V9CRnzrQQe6_tjM5QzwxeA\"><\/div>\n","protected":false},"excerpt":{"rendered":"<p>El Gobierno se enfrent\u00f3 este mi\u00e9rcoles a la batalla legislativa para sostener el veto presidencial al proyecto de financiamiento de<\/p>\n","protected":false},"author":3,"featured_media":77820,"comment_status":"closed","ping_status":"closed","sticky":false,"template":"","format":"standard","meta":{"_acf_changed":false,"_seopress_robots_primary_cat":"none","_seopress_titles_title":"","_seopress_titles_desc":"","_seopress_robots_index":"","colormag_page_container_layout":"default_layout","colormag_page_sidebar_layout":"default_layout","footnotes":""},"categories":[10,7],"tags":[],"class_list":["post-77817","post","type-post","status-publish","format-standard","has-post-thumbnail","hentry","category-opiniones","category-videos"],"acf":[],"_links":{"self":[{"href":"https:\/\/vocesparalelas.com.ar\/sitio\/wp-json\/wp\/v2\/posts\/77817","targetHints":{"allow":["GET"]}}],"collection":[{"href":"https:\/\/vocesparalelas.com.ar\/sitio\/wp-json\/wp\/v2\/posts"}],"about":[{"href":"https:\/\/vocesparalelas.com.ar\/sitio\/wp-json\/wp\/v2\/types\/post"}],"author":[{"embeddable":true,"href":"https:\/\/vocesparalelas.com.ar\/sitio\/wp-json\/wp\/v2\/users\/3"}],"replies":[{"embeddable":true,"href":"https:\/\/vocesparalelas.com.ar\/sitio\/wp-json\/wp\/v2\/comments?post=77817"}],"version-history":[{"count":4,"href":"https:\/\/vocesparalelas.com.ar\/sitio\/wp-json\/wp\/v2\/posts\/77817\/revisions"}],"predecessor-version":[{"id":77886,"href":"https:\/\/vocesparalelas.com.ar\/sitio\/wp-json\/wp\/v2\/posts\/77817\/revisions\/77886"}],"wp:featuredmedia":[{"embeddable":true,"href":"https:\/\/vocesparalelas.com.ar\/sitio\/wp-json\/wp\/v2\/media\/77820"}],"wp:attachment":[{"href":"https:\/\/vocesparalelas.com.ar\/sitio\/wp-json\/wp\/v2\/media?parent=77817"}],"wp:term":[{"taxonomy":"category","embeddable":true,"href":"https:\/\/vocesparalelas.com.ar\/sitio\/wp-json\/wp\/v2\/categories?post=77817"},{"taxonomy":"post_tag","embeddable":true,"href":"https:\/\/vocesparalelas.com.ar\/sitio\/wp-json\/wp\/v2\/tags?post=77817"}],"curies":[{"name":"wp","href":"https:\/\/api.w.org\/{rel}","templated":true}]}}