{"id":77810,"date":"2024-10-09T19:00:28","date_gmt":"2024-10-09T22:00:28","guid":{"rendered":"https:\/\/vocesparalelas.com.ar\/sitio\/?p=77810"},"modified":"2024-10-10T20:34:57","modified_gmt":"2024-10-10T23:34:57","slug":"capacitacion-aprendiendo-a-salvar-nuestra-fauna-autoctona-de-san-juan-en-rivadavia","status":"publish","type":"post","link":"https:\/\/vocesparalelas.com.ar\/sitio\/capacitacion-aprendiendo-a-salvar-nuestra-fauna-autoctona-de-san-juan-en-rivadavia\/","title":{"rendered":"Capacitaci\u00f3n \u00abAprendiendo a Salvar nuestra fauna aut\u00f3ctona de San Juan\u00bb en Rivadavia"},"content":{"rendered":"<p>La Municipalidad de la Ciudad de Rivadavia desarrolla el Programa de capacitaci\u00f3n en fauna aut\u00f3ctona de San Juan dirigida a los docentes de las Escuelas del Departamento, cuyo contenidos sean transmitidos a sus alumnos,<\/p>\n<p>El objetivo es crear conciencia en los chicos sobre la importancia de la fauna aut\u00f3ctona de San Juan.<\/p>\n<p>A trav\u00e9s de los profesionales del Centro de Rehabilitaci\u00f3n, Educaci\u00f3n Ambiental y Recreaci\u00f3n Responsable &#8211; Faun\u00edstico, se despleg\u00f3 un cronograma de capacitaciones te\u00f3ricas y pr\u00e1cticas pensadas para docentes de escuelas de primarias y secundarias del departamento.<\/p>\n<p><img loading=\"lazy\" decoding=\"async\" class=\"alignnone size-large wp-image-77815\" src=\"https:\/\/vocesparalelas.com.ar\/sitio\/wp-content\/uploads\/2024\/10\/RIVADAVIA-CAPACITACION-FAUNA-03.jpg\" alt=\"\" width=\"800\" height=\"533\" srcset=\"https:\/\/vocesparalelas.com.ar\/sitio\/wp-content\/uploads\/2024\/10\/RIVADAVIA-CAPACITACION-FAUNA-03.jpg 800w, https:\/\/vocesparalelas.com.ar\/sitio\/wp-content\/uploads\/2024\/10\/RIVADAVIA-CAPACITACION-FAUNA-03-300x200.jpg 300w, https:\/\/vocesparalelas.com.ar\/sitio\/wp-content\/uploads\/2024\/10\/RIVADAVIA-CAPACITACION-FAUNA-03-768x512.jpg 768w\" sizes=\"auto, (max-width: 800px) 100vw, 800px\" \/><\/p>\n<p>La realizaci\u00f3n de estas clases, se planific\u00f3 en dos jornadas te\u00f3rico- pr\u00e1cticas los d\u00edas 8 de Octubre y 12 de noviembre en horario de ma\u00f1ana y tarde, tanto en el Municipio de Rivadavia como en el Faun\u00edstico.<\/p>\n<p>Las clases te\u00f3ricas se desarrollan en m\u00f3dulos de dos horas bajo la modalidad presencial. Cada m\u00f3dulo incluye una explicaci\u00f3n de los temas a partir de una presentaci\u00f3n en power point generando debate a partir de casos basados en situaciones reales, aprendizaje basado en la resoluci\u00f3n de problemas y el desarrollo de actividades pr\u00e1cticas.<\/p>\n<p>La clase pr\u00e1ctica de este m\u00f3dulo es la realizaci\u00f3n de la t\u00e9cnica del \u00e1rbol de problemas, aportando soluciones para identificar un hecho vinculado a la fauna nativa que se pueda trabajar en la escuela a trav\u00e9s de un proyecto que sea posible de implementar por los docentes.<\/p>\n<p>Una vez concluida la capacitaci\u00f3n, el educando debe realizar un proyecto para ser llevado a cabo con su curso a cargo y compuesta por justificaci\u00f3n, objetivo, grupo al cual est\u00e1 orientado, asignaturas que involucra, materiales requeridos, procedimiento y evaluaci\u00f3n del ejercicio. Para la certificaci\u00f3n ministerial es necesaria la presencialidad al 100% de las clases y la presentaci\u00f3n de la planificaci\u00f3n.<\/p>\n<p><img loading=\"lazy\" decoding=\"async\" class=\"alignnone size-full wp-image-77814\" src=\"https:\/\/vocesparalelas.com.ar\/sitio\/wp-content\/uploads\/2024\/10\/RIVADAVIA-CAPACITACION-FAUNA-02.jpg\" alt=\"\" width=\"800\" height=\"533\" srcset=\"https:\/\/vocesparalelas.com.ar\/sitio\/wp-content\/uploads\/2024\/10\/RIVADAVIA-CAPACITACION-FAUNA-02.jpg 800w, https:\/\/vocesparalelas.com.ar\/sitio\/wp-content\/uploads\/2024\/10\/RIVADAVIA-CAPACITACION-FAUNA-02-300x200.jpg 300w, https:\/\/vocesparalelas.com.ar\/sitio\/wp-content\/uploads\/2024\/10\/RIVADAVIA-CAPACITACION-FAUNA-02-768x512.jpg 768w\" sizes=\"auto, (max-width: 800px) 100vw, 800px\" \/><\/p>\n<p>Bajo la denominaci\u00f3n \u201cAprendiendo a Salvar nuestra fauna\u201d, el proyecto parte de la base de que el docente es potencialmente un educador ambiental y que los educadores juegan un papel fundamental en la formaci\u00f3n de conciencias y valores de los alumnos. De esta manera, el objetivo es que los formadores adquieran y transmitan conocimientos de las especies que el Faun\u00edstico alberga, accedan a informaci\u00f3n y herramientas para generar actividades de concientizaci\u00f3n de las especies amenazadas y conozcan sobre las consecuencias de esta p\u00e9rdida de biodiversidad.<\/p>\n<p><iframe loading=\"lazy\" title=\"RIVADAVIA FAUNISTICO 1\" width=\"800\" height=\"450\" src=\"https:\/\/www.youtube.com\/embed\/amhU_iaQOzA?feature=oembed\" frameborder=\"0\" allow=\"accelerometer; autoplay; clipboard-write; encrypted-media; gyroscope; picture-in-picture; web-share\" referrerpolicy=\"strict-origin-when-cross-origin\" allowfullscreen><\/iframe><\/p>\n<p>Por ello, el Intendente de la Municipalidad de la Ciudad de Rivadavia, Sergio Miodoswsky gestiona actividades ecol\u00f3gicas y pedag\u00f3gicas para generar conciencia ambiental en los integrantes m\u00e1s j\u00f3venes de su comunidad.<\/p>\n<p>&nbsp;<\/p>\n<p><img loading=\"lazy\" decoding=\"async\" class=\"alignnone size-full wp-image-66896\" src=\"https:\/\/vocesparalelas.com.ar\/sitio\/wp-content\/uploads\/2023\/12\/RIVADAVIA-LOGO-NUEVO.jpg\" alt=\"\" width=\"800\" height=\"533\" srcset=\"https:\/\/vocesparalelas.com.ar\/sitio\/wp-content\/uploads\/2023\/12\/RIVADAVIA-LOGO-NUEVO.jpg 800w, https:\/\/vocesparalelas.com.ar\/sitio\/wp-content\/uploads\/2023\/12\/RIVADAVIA-LOGO-NUEVO-300x200.jpg 300w, https:\/\/vocesparalelas.com.ar\/sitio\/wp-content\/uploads\/2023\/12\/RIVADAVIA-LOGO-NUEVO-768x512.jpg 768w\" sizes=\"auto, (max-width: 800px) 100vw, 800px\" \/><\/p>\n","protected":false},"excerpt":{"rendered":"<p>La Municipalidad de la Ciudad de Rivadavia desarrolla el Programa de capacitaci\u00f3n en fauna aut\u00f3ctona de San Juan dirigida a<\/p>\n","protected":false},"author":3,"featured_media":77813,"comment_status":"closed","ping_status":"closed","sticky":false,"template":"","format":"standard","meta":{"_acf_changed":false,"_seopress_robots_primary_cat":"none","_seopress_titles_title":"","_seopress_titles_desc":"","_seopress_robots_index":"","colormag_page_container_layout":"default_layout","colormag_page_sidebar_layout":"default_layout","footnotes":""},"categories":[9,7],"tags":[],"class_list":["post-77810","post","type-post","status-publish","format-standard","has-post-thumbnail","hentry","category-cursos","category-videos"],"acf":[],"_links":{"self":[{"href":"https:\/\/vocesparalelas.com.ar\/sitio\/wp-json\/wp\/v2\/posts\/77810","targetHints":{"allow":["GET"]}}],"collection":[{"href":"https:\/\/vocesparalelas.com.ar\/sitio\/wp-json\/wp\/v2\/posts"}],"about":[{"href":"https:\/\/vocesparalelas.com.ar\/sitio\/wp-json\/wp\/v2\/types\/post"}],"author":[{"embeddable":true,"href":"https:\/\/vocesparalelas.com.ar\/sitio\/wp-json\/wp\/v2\/users\/3"}],"replies":[{"embeddable":true,"href":"https:\/\/vocesparalelas.com.ar\/sitio\/wp-json\/wp\/v2\/comments?post=77810"}],"version-history":[{"count":1,"href":"https:\/\/vocesparalelas.com.ar\/sitio\/wp-json\/wp\/v2\/posts\/77810\/revisions"}],"predecessor-version":[{"id":77816,"href":"https:\/\/vocesparalelas.com.ar\/sitio\/wp-json\/wp\/v2\/posts\/77810\/revisions\/77816"}],"wp:featuredmedia":[{"embeddable":true,"href":"https:\/\/vocesparalelas.com.ar\/sitio\/wp-json\/wp\/v2\/media\/77813"}],"wp:attachment":[{"href":"https:\/\/vocesparalelas.com.ar\/sitio\/wp-json\/wp\/v2\/media?parent=77810"}],"wp:term":[{"taxonomy":"category","embeddable":true,"href":"https:\/\/vocesparalelas.com.ar\/sitio\/wp-json\/wp\/v2\/categories?post=77810"},{"taxonomy":"post_tag","embeddable":true,"href":"https:\/\/vocesparalelas.com.ar\/sitio\/wp-json\/wp\/v2\/tags?post=77810"}],"curies":[{"name":"wp","href":"https:\/\/api.w.org\/{rel}","templated":true}]}}