{"id":77804,"date":"2024-10-09T23:37:57","date_gmt":"2024-10-10T02:37:57","guid":{"rendered":"https:\/\/vocesparalelas.com.ar\/sitio\/?p=77804"},"modified":"2024-10-10T23:05:03","modified_gmt":"2024-10-11T02:05:03","slug":"propuesta-del-aumento-salarial-docente-octubre-noviembre-y-diciembre-2024-del-gobierno-de-san-juan","status":"publish","type":"post","link":"https:\/\/vocesparalelas.com.ar\/sitio\/propuesta-del-aumento-salarial-docente-octubre-noviembre-y-diciembre-2024-del-gobierno-de-san-juan\/","title":{"rendered":"Propuesta del Aumento Salarial Docente \u00abOctubre, Noviembre y Diciembre 2024\u00bb del Gobierno de San Juan"},"content":{"rendered":"<p>El Mi\u00e9rcoles, 09 de Octubre de 2024, en la sala del Ministerio de Educaci\u00f3n del Gobierno de San Juan se reanudo la Paritaria Docente, despu\u00e9s que se present\u00f3 una propuesta de aumento salarial a los docentes de San Juan por parte del Gobierno y que fue rechazada por insuficiente al ser para el trimestre de 2024, el 2 % Octubre, 2 &amp; Noviembre y 2 % Diciembre que suma el 6 %.<\/p>\n<p>Es as\u00ed que, se reanud\u00f3 con la presencia de la Secretaria de Educaci\u00f3n, Lic. Mariela Lueje, el Ministro de Econom\u00eda, Finanzas y Hacienda, CPN Roberto Guti\u00e9rrez, el Secretario General de la Gobernaci\u00f3n, Lic. Emilio Achem con los representantes de los gremios Docentes de San Juan UDAP, AMET y UDA y dem\u00e1s, referente de las instituciones participantes.<\/p>\n<p>Inicia la sesi\u00f3n la Secretaria de Educaci\u00f3n, Lic. Mariela Lueje, quien dio la bienvenida a las partes y cede la palabra al Ministro de Econom\u00eda, Hacienda y Finanzas,\u00a0 CPN Roberto Guti\u00e9rrez, quien resalta la pol\u00edtica llevada adelante por el Gobierno de San Juan.<\/p>\n<p>Realiza un s\u00f3lido an\u00e1lisis de la situaci\u00f3n\u00a0econ\u00f3mica actual a nivel nacional y provincial, como as\u00ed tambi\u00e9n el reflejo de la inflaci\u00f3n\u00a0interanual y su evoluci\u00f3n, adem\u00e1s indica el enorme esfuerzo llevado a cabo por la gesti\u00f3n de\u00a0gobierno actual, buscando mejorar en cada propuesta la situaci\u00f3n econ\u00f3mica de cada sanjuanino y en especial la de los docentes, resaltando la disminuci\u00f3n en la recaudaci\u00f3n\u00a0tributaria nacional y provincial debido a la reducci\u00f3n de la actividad econ\u00f3mica.<\/p>\n<p>Luego, el Secretario General de la Gobernaci\u00f3n, Lic. Emilio Achem remarc\u00f3 el enorme esfuerzo Ilevado a cabo por el Gobierno Provincial en cuanto al pago de sueldos estatales y gastos provinciales, debido a la situaci\u00f3n econ\u00f3mica actual que atraviesa la provincia y el pais en general, poniendo de manifiesto la buena voluntad del gobierno provincial en buscar acuerdos en todo momento en base a consensos, siempre en el marco de la sostenibilidad econ\u00f3mica de la provincia y en un contexto nacional econ\u00f3mico complejo.<\/p>\n<p>Seguidamente, el Secretario de Coordinaci\u00f3n Administrativa Financiera del Ministerio de Educaci\u00f3n, CPN Luis Reynoso hizo menci\u00f3n a las prestaciones que brinda el Gobierno de San Juan a las escuelas en cuanto al otorgamiento de kit de limpieza, kit escolares, juegos de cocina y vajilla, ayudas para arreglos menores de infraestructura edilicia, etc.<\/p>\n<p>Adem\u00e1s, Secretaria de Educaci\u00f3n, Lic. Mariela Lueje recuerda que el esfuerzo hecho en conjunto entre Ministerio de Educaci\u00f3n y Producci\u00f3n pertenecientes al Gobierno Provincial, en cuanto a la ayuda proporcionada a escuelas agrot\u00e9cnicas mediante la entrega de alimentos para los animales.<\/p>\n<p><strong><span style=\"color: #ff6600;\">Propuesta del Aumento Salarial Docente del Gobierno de San Juan<\/span><\/strong><\/p>\n<p>Posteriormente, el\u00a0Ministro de Econom\u00eda, Hacienda y Finanzas, CPN Roberto Guti\u00e9rrez destac\u00f3<\/p>\n<ul>\n<li>incremento de 40 puntos al nomenclador docente otorgados durante estos primeros meses de gesti\u00f3n del Gobierno Provincial,<\/li>\n<li>el sostenimiento e inclusive el incremento de los items fondo de incentivo docente y Conectividad con fondos provinciales,<\/li>\n<li>la creaci\u00f3n del item conectividad San Juan y<\/li>\n<li>el incremento de 4 puntos en el item E60.<\/li>\n<\/ul>\n<p><strong><span style=\"color: #ff6600;\">Frente a esta realidad, la patronal, efect\u00faa una nueva propuesta que consiste<\/span><\/strong><\/p>\n<ul>\n<li>Incrementar los sueldos de Octubre, Noviembre y Diciembre de 2024, aplicando el coeficiente de variaci\u00f3n del \u00edndice I.P.C &#8211; Indice de Precios al Consumidor -, del mes anterior en cada uno de los citados meses, es decir el IPC de Septiembre aplicado al sueldo de Octubre, el de Octubre al sueldo de Noviembre y el de Noviembre al sueldo de Diciembre, siempre al valor \u00edndice de manera acumulativa, remunerativa y bonificable para todos los cargos del escalaf\u00f3n.<\/li>\n<li>Adem\u00e1s, comunica que la Nueva Conectividad San Juan correspondiente al sueldo de Septiembre ha sido liquidada como un concepto remunerativo, lo que impacta directamente para el c\u00e1lculo del aguinaldo como tambi\u00e9n de las jubilaciones.<\/li>\n<\/ul>\n<p><strong><span style=\"color: #ff6600;\">Gremios Docentes solicitan m\u00e1s mejoras<\/span><\/strong><\/p>\n<p>La parte gremial considera que a los efectos de hacer analizable por sus \u00f3rganos estatutarios la propuesta receptada, ser\u00eda necesario adicionar a la misma una mejora sustancial en algunos de los siguientes puntos:<\/p>\n<ul>\n<li>Nueva Conectividad San Juan, conforme se ven\u00eda percibiendo<\/li>\n<li>Un incremento en los Radios 4, 5, 6 y 7;<\/li>\n<li>La redistribuci\u00f3n del \u00edtem E66 conforme a la escala de antig\u00fcedad del item E60<\/li>\n<li>Un incremento progresivo en puntos al Nomenclador;<\/li>\n<li>Un incremento en puntos en el item E60.<\/li>\n<\/ul>\n<p>En funci\u00f3n de la propuesta dada, la parte gremial solicita entonces pasar a un cuarto, intermedio para someterla a consideraci\u00f3n de sus respectivos \u00f3rganos estatutarios, para el 14 de Octubre a las 14:00 hs.,<\/p>\n<p>&nbsp;<\/p>\n<p><img loading=\"lazy\" decoding=\"async\" class=\"alignnone size-full wp-image-28629\" src=\"https:\/\/vocesparalelas.com.ar\/sitio\/wp-content\/uploads\/2020\/05\/MINISTERIO-EDUCACION-SJ.jpg\" alt=\"\" width=\"800\" height=\"533\" srcset=\"https:\/\/vocesparalelas.com.ar\/sitio\/wp-content\/uploads\/2020\/05\/MINISTERIO-EDUCACION-SJ.jpg 800w, https:\/\/vocesparalelas.com.ar\/sitio\/wp-content\/uploads\/2020\/05\/MINISTERIO-EDUCACION-SJ-300x200.jpg 300w, https:\/\/vocesparalelas.com.ar\/sitio\/wp-content\/uploads\/2020\/05\/MINISTERIO-EDUCACION-SJ-768x512.jpg 768w\" sizes=\"auto, (max-width: 800px) 100vw, 800px\" \/><\/p>\n","protected":false},"excerpt":{"rendered":"<p>El Mi\u00e9rcoles, 09 de Octubre de 2024, en la sala del Ministerio de Educaci\u00f3n del Gobierno de San Juan se<\/p>\n","protected":false},"author":3,"featured_media":77807,"comment_status":"closed","ping_status":"closed","sticky":false,"template":"","format":"standard","meta":{"_acf_changed":false,"_seopress_robots_primary_cat":"none","_seopress_titles_title":"","_seopress_titles_desc":"","_seopress_robots_index":"","colormag_page_container_layout":"default_layout","colormag_page_sidebar_layout":"default_layout","footnotes":""},"categories":[5],"tags":[],"class_list":["post-77804","post","type-post","status-publish","format-standard","has-post-thumbnail","hentry","category-ofrecimientos"],"acf":[],"_links":{"self":[{"href":"https:\/\/vocesparalelas.com.ar\/sitio\/wp-json\/wp\/v2\/posts\/77804","targetHints":{"allow":["GET"]}}],"collection":[{"href":"https:\/\/vocesparalelas.com.ar\/sitio\/wp-json\/wp\/v2\/posts"}],"about":[{"href":"https:\/\/vocesparalelas.com.ar\/sitio\/wp-json\/wp\/v2\/types\/post"}],"author":[{"embeddable":true,"href":"https:\/\/vocesparalelas.com.ar\/sitio\/wp-json\/wp\/v2\/users\/3"}],"replies":[{"embeddable":true,"href":"https:\/\/vocesparalelas.com.ar\/sitio\/wp-json\/wp\/v2\/comments?post=77804"}],"version-history":[{"count":2,"href":"https:\/\/vocesparalelas.com.ar\/sitio\/wp-json\/wp\/v2\/posts\/77804\/revisions"}],"predecessor-version":[{"id":77809,"href":"https:\/\/vocesparalelas.com.ar\/sitio\/wp-json\/wp\/v2\/posts\/77804\/revisions\/77809"}],"wp:featuredmedia":[{"embeddable":true,"href":"https:\/\/vocesparalelas.com.ar\/sitio\/wp-json\/wp\/v2\/media\/77807"}],"wp:attachment":[{"href":"https:\/\/vocesparalelas.com.ar\/sitio\/wp-json\/wp\/v2\/media?parent=77804"}],"wp:term":[{"taxonomy":"category","embeddable":true,"href":"https:\/\/vocesparalelas.com.ar\/sitio\/wp-json\/wp\/v2\/categories?post=77804"},{"taxonomy":"post_tag","embeddable":true,"href":"https:\/\/vocesparalelas.com.ar\/sitio\/wp-json\/wp\/v2\/tags?post=77804"}],"curies":[{"name":"wp","href":"https:\/\/api.w.org\/{rel}","templated":true}]}}