{"id":77797,"date":"2024-10-09T21:19:19","date_gmt":"2024-10-10T00:19:19","guid":{"rendered":"https:\/\/vocesparalelas.com.ar\/sitio\/?p=77797"},"modified":"2024-10-10T20:42:02","modified_gmt":"2024-10-10T23:42:02","slug":"el-cin-repudia-la-postura-de-diputadas-y-diputados-nacionales-que-le-dieron-la-espalda-a-nuestras-universidades-publicas","status":"publish","type":"post","link":"https:\/\/vocesparalelas.com.ar\/sitio\/el-cin-repudia-la-postura-de-diputadas-y-diputados-nacionales-que-le-dieron-la-espalda-a-nuestras-universidades-publicas\/","title":{"rendered":"El CIN repudia la postura de diputadas y diputados nacionales que le dieron la espalda a nuestras universidades p\u00fablicas"},"content":{"rendered":"<p>El\u00a0Consejo Interuniversitario Nacional &#8211; CIN &#8211;\u00a0repudia la postura de diputadas y diputados nacionales que le dieron la espalda a nuestras universidades p\u00fablicas al apoyar su desfinanciamiento. Este reclamo es genuino y as\u00ed lo manifest\u00f3 la sociedad en su conjunto en las marchas federales del 23 de abril y del 2 de octubre.<\/p>\n<p>Por supuesto, agradecemos el profundo compromiso de esos 160 diputados y diputadas que comprendieron el enorme desaf\u00edo y la responsabilidad de defender la educaci\u00f3n p\u00fablica universitaria de nuestro pa\u00eds. Esas mujeres y hombres votaron con el convencimiento de resguardar el futuro de Argentina. No alcanz\u00f3 pero no bajaremos los brazos, porque hay estudiantes que se lo merecen, y las y los trabajadores tambi\u00e9n.<\/p>\n<p>Hoy el sistema universitario p\u00fablico tiene el 70 % de los salarios docentes y nodocentes por debajo de la l\u00ednea de la pobreza; las partidas asignadas ni siquiera son suficientes para el mantenimiento m\u00ednimo de la infraestructura y est\u00e1n paralizadas las obras; se encuentra en peligro la continuidad de las becas universitarias, \u00fanico instrumento para construir igualdad de oportunidades; y no se invierte en investigaci\u00f3n, ciencia y tecnolog\u00eda, fundamentales para el desarrollo de un pa\u00eds soberano. Nada de eso les import\u00f3. Privilegiaron su metro cuadrado, sus argumentos peque\u00f1os, su mirada corta y su visi\u00f3n ego\u00edsta.<\/p>\n<p>La universidad es parte de nuestra historia, de nuestra identidad como naci\u00f3n. Es el presente y el futuro del pa\u00eds y un orgullo de las y los argentinas y argentinos. No vamos a permitir que se destruya.<\/p>\n<p>&nbsp;<\/p>\n<p><img loading=\"lazy\" decoding=\"async\" class=\"alignnone size-full wp-image-39977\" src=\"https:\/\/vocesparalelas.com.ar\/sitio\/wp-content\/uploads\/2021\/07\/CIN-LOGO-1.jpg\" alt=\"\" width=\"800\" height=\"493\" srcset=\"https:\/\/vocesparalelas.com.ar\/sitio\/wp-content\/uploads\/2021\/07\/CIN-LOGO-1.jpg 800w, https:\/\/vocesparalelas.com.ar\/sitio\/wp-content\/uploads\/2021\/07\/CIN-LOGO-1-300x185.jpg 300w, https:\/\/vocesparalelas.com.ar\/sitio\/wp-content\/uploads\/2021\/07\/CIN-LOGO-1-768x473.jpg 768w\" sizes=\"auto, (max-width: 800px) 100vw, 800px\" \/><\/p>\n","protected":false},"excerpt":{"rendered":"<p>El\u00a0Consejo Interuniversitario Nacional &#8211; CIN &#8211;\u00a0repudia la postura de diputadas y diputados nacionales que le dieron la espalda a nuestras<\/p>\n","protected":false},"author":3,"featured_media":71859,"comment_status":"closed","ping_status":"closed","sticky":false,"template":"","format":"standard","meta":{"_acf_changed":false,"_seopress_robots_primary_cat":"none","_seopress_titles_title":"","_seopress_titles_desc":"","_seopress_robots_index":"","colormag_page_container_layout":"default_layout","colormag_page_sidebar_layout":"default_layout","footnotes":""},"categories":[10],"tags":[],"class_list":["post-77797","post","type-post","status-publish","format-standard","has-post-thumbnail","hentry","category-opiniones"],"acf":[],"_links":{"self":[{"href":"https:\/\/vocesparalelas.com.ar\/sitio\/wp-json\/wp\/v2\/posts\/77797","targetHints":{"allow":["GET"]}}],"collection":[{"href":"https:\/\/vocesparalelas.com.ar\/sitio\/wp-json\/wp\/v2\/posts"}],"about":[{"href":"https:\/\/vocesparalelas.com.ar\/sitio\/wp-json\/wp\/v2\/types\/post"}],"author":[{"embeddable":true,"href":"https:\/\/vocesparalelas.com.ar\/sitio\/wp-json\/wp\/v2\/users\/3"}],"replies":[{"embeddable":true,"href":"https:\/\/vocesparalelas.com.ar\/sitio\/wp-json\/wp\/v2\/comments?post=77797"}],"version-history":[{"count":1,"href":"https:\/\/vocesparalelas.com.ar\/sitio\/wp-json\/wp\/v2\/posts\/77797\/revisions"}],"predecessor-version":[{"id":77800,"href":"https:\/\/vocesparalelas.com.ar\/sitio\/wp-json\/wp\/v2\/posts\/77797\/revisions\/77800"}],"wp:featuredmedia":[{"embeddable":true,"href":"https:\/\/vocesparalelas.com.ar\/sitio\/wp-json\/wp\/v2\/media\/71859"}],"wp:attachment":[{"href":"https:\/\/vocesparalelas.com.ar\/sitio\/wp-json\/wp\/v2\/media?parent=77797"}],"wp:term":[{"taxonomy":"category","embeddable":true,"href":"https:\/\/vocesparalelas.com.ar\/sitio\/wp-json\/wp\/v2\/categories?post=77797"},{"taxonomy":"post_tag","embeddable":true,"href":"https:\/\/vocesparalelas.com.ar\/sitio\/wp-json\/wp\/v2\/tags?post=77797"}],"curies":[{"name":"wp","href":"https:\/\/api.w.org\/{rel}","templated":true}]}}