{"id":77772,"date":"2024-10-09T11:57:08","date_gmt":"2024-10-09T14:57:08","guid":{"rendered":"https:\/\/vocesparalelas.com.ar\/sitio\/?p=77772"},"modified":"2024-10-09T12:02:02","modified_gmt":"2024-10-09T15:02:02","slug":"se-desarrolla-la-decimoprimera-sesion-ordinaria-de-la-la-camara-de-diputados-de-san-juan","status":"publish","type":"post","link":"https:\/\/vocesparalelas.com.ar\/sitio\/se-desarrolla-la-decimoprimera-sesion-ordinaria-de-la-la-camara-de-diputados-de-san-juan\/","title":{"rendered":"Se desarrolla la Decimoprimera sesi\u00f3n ordinaria de la la C\u00e1mara de Diputados de San Juan"},"content":{"rendered":"<p>El Jueves, 10 de Octubre, a las 10 horas, la C\u00e1mara de Diputados de San Juan desarrolla la Decimoprimera sesi\u00f3n, donde se trata dos proyectos de Ley, uno presentado por el interbloque Cambia San Juan que propone modificar la Ley que instituye como Patrimonio Cultural la Fiesta Nacional del Sol, y otro, presentado por el bloque Justicialista que propone adherir a la Ley Nacional sobre la atenci\u00f3n de mujeres gestantes frente a la muerte perinatal.<\/p>\n<p>Por otra parte, pone a consideraci\u00f3n tres proyectos remitidos por el Poder Ejecutivo que proponen aprobar dos convenios marcos de colaboraci\u00f3n, uno entre el Ministerio de Gobierno de San Juan y la Municipalidad de Sarmiento; otro entre el Ministerio de Gobierno y la Alianza Francesa de San Juan; y tambi\u00e9n la ratificaci\u00f3n de una adenda al convenio marco celebrado entre el Ministerio de Miner\u00eda y el Foro de Abogados de San Juan.<\/p>\n<p><strong><span style=\"color: #666699;\">Por \u00faltimo, aborda nueve proyectos de Resoluci\u00f3n que proponen declarar de inter\u00e9s:<\/span><\/strong><\/p>\n<ul>\n<li>La llegada del busto de Sarmiento y actividades en conmemoraci\u00f3n al 150\u00ba aniversario de la finalizaci\u00f3n de su mandato presidencial (Autor: Interbloque Cambia San Juan);<\/li>\n<li>Las actividades de concientizaci\u00f3n sobre el C\u00e1ncer de Mama en el marco del mes rosa (Autor: Interbloque Cambia San Juan);<\/li>\n<li>La XXIII Reuni\u00f3n Americana de Genealog\u00eda, XIII Congreso Iberoamericano de las Ciencias Geneal\u00f3gica y Her\u00e1ldica de la Rep\u00fablica Argentina y de San Juan de la Frontera (Autor: Diputado Emilio Escudero);<\/li>\n<li>El Primer Ciclo de Conferencia sobre Neurodesarrollo en San Juan (Autor: Interbloque Cambia San Juan);<\/li>\n<li>Las Jornadas Cuyanas del Cap\u00edtulo de Psico-Oncolog\u00eda de APSA (Autor: Interbloque Cambia San Juan);<\/li>\n<li>La experiencia colectiva denominada Hackat\u00f3n de Sociales (Autor: Diputado Emilio Escudero);<\/li>\n<li>El proyecto art\u00edstico y visual \u201cAqu\u00ed hacemos pasi\u00f3n\u201d (Autor: Interbloque Cambia San Juan).<\/li>\n<li>La investigaci\u00f3n ferroviaria en la provincia de San Juan (Autora: diputada Marta Gramajo);<\/li>\n<li>La Primera Jornada Solidaria Provincial de Profesionales de la Salud (Autor: Interbloque Cambia San Juan);<\/li>\n<\/ul>\n<p><span style=\"color: #666699;\"><strong>Proyectos que ingresan a comisiones<\/strong><\/span><\/p>\n<p>En la Decimoprimera sesi\u00f3n\u00a0tomar\u00e1n estado parlamentario para luego ser tratados en las correspondientes comisiones\u00a0los siguientes proyectos de Ley que proponen:<\/p>\n<ul>\n<li>Regular la creaci\u00f3n, gesti\u00f3n, administraci\u00f3n, conservaci\u00f3n, investigaci\u00f3n, difusi\u00f3n y promoci\u00f3n de los museos de la provincia de San Juan. (Autora: diputada Cristina L\u00f3pez. Comisiones: Legislaci\u00f3n y Asuntos Constitucionales \u2013LAC-\/Educaci\u00f3n)<\/li>\n<li>Modificar el art\u00edculo 117 a la Ley N\u00ba 941-R, C\u00f3digo de Faltas de la provincia de San Juan. (Autor: diputado Gabriel S\u00e1nchez. Comisiones: LAC\/Justicia)<\/li>\n<li>Crear el Programa Provincial de Protecci\u00f3n y Promoci\u00f3n integral de la salud para personas que padecen Esclerosis M\u00faltiple. (Autores: diputados Luis Rueda, Gustavo Deguer y Miguel Atampiz. Comisiones: LAC\/ Salud)<\/li>\n<li>Aprobar el Acta Acuerdo en Materia de obras de Viviendas, celebrado entre la Secretar\u00eda de Desarrollo Territorial, H\u00e1bitat y Vivienda de la Naci\u00f3n y la provincia de San Juan. (Poder Ejecutivo. Comisiones: LAC\/ Obras\/ Hacienda)<\/li>\n<\/ul>\n<p>Asimismo, ingresa a la comisi\u00f3n de Justicia y Seguridad, la comunicaci\u00f3n oficial remitida por el Consejo de la Magistratura por la que se remite las ternas para cubrir las vacantes de un cargo de Fiscal de Estado de la provincia, un cargo de Juez de Paz Letrado de Iglesia y un cargo de Juez de Paz Letrado de Albard\u00f3n.<\/p>\n<p>Por otra parte, el cuerpo legislativo tomar\u00e1 conocimiento de la comunicaci\u00f3n oficial presentada por el Ministerio de Econom\u00eda, Finanzas y Hacienda, por la que se comunica sobre la\u00a0elaboraci\u00f3n del Proyecto de Ley de Presupuesto para el a\u00f1o 2025.<\/p>\n<p><strong><span style=\"color: #666699;\">Tambi\u00e9n, toma conocimiento de las siguientes comunicaciones particulares que solicitan:<\/span><\/strong><\/p>\n<ul>\n<li>Declarar de inter\u00e9s el IX Encuentro Provincial de Agentes Sanitarios, bajo el lema Unidos en equipo, fortalecemos nuestra comunidad. (Comunicaci\u00f3n presentada por Laura Blanco)<\/li>\n<li>Declarar de inter\u00e9s el evento denominado \u201cSeminario de las Coordinaciones regionales\u201d. (Comunicaci\u00f3n presentada por el Rotary)<\/li>\n<li>Anteproyecto de ley para la prohibici\u00f3n de todas las aplicaciones de transporte de personas. (Comunicaci\u00f3n presentada por el Sindicato de Pones de Taxi)<\/li>\n<li>Declarar de inter\u00e9s legislativo, educativo, cultural al proyecto Conociendo a Sarmiento. (Comunicaci\u00f3n presentada por la Asociaci\u00f3n Civil Amigos Casa Natal de Sarmiento)<\/li>\n<\/ul>\n<p><span style=\"color: #666699;\"><strong>Adem\u00e1s, ingresan a las respectivas comisiones los siguientes proyectos de Resoluci\u00f3n que proponen declarar de inter\u00e9s:<\/strong><\/span><\/p>\n<ul>\n<li>El IX Encuentro provincial de agentes sanitarios bajo el lema \u00bb Unidos en Equipo, Fortalecemos Nuestra Comunidad\u201d. (Autor: interbloque Cambia San Juan. Comisi\u00f3n: Educaci\u00f3n, Ciencia, T\u00e9cnica y Cultura).<\/li>\n<li>Las XIV Jornadas Hospitalarias Dr. Jorge Oliva. (Autor: interbloque Cambia San Juan. Comisi\u00f3n: Salud y Discapacidad).<\/li>\n<li>El Festival de Tango San Juan. (Autor: interbloque Cambia San Juan. Comisi\u00f3n: Salud y Discapacidad).<\/li>\n<li>El libro denominado la Participaci\u00f3n Vecinal- Enfoque Institucional y Jur\u00eddico, del Dr. Juan Fernando Brugge. (Autor: diputada Marisa L\u00f3pez. Comisi\u00f3n: Salud y Discapacidad).<\/li>\n<\/ul>\n<p><strong><span style=\"color: #666699;\">Por \u00faltimo, ingresan a comisiones para su an\u00e1lisis y estudio los siguientes proyectos de Comunicaci\u00f3n que solicitan:<\/span><\/strong><\/p>\n<ul>\n<li>A la Secretar\u00eda de Estado y Seguridad y Orden P\u00fablico, la colocaci\u00f3n de c\u00e1maras de seguridad en el Departamento Chimbas. (Autor: diputado Gabriel S\u00e1nchez. Comisi\u00f3n: Obras y Servicios P\u00fablicos)<\/li>\n<li>Al Ministerio de Infraestructura, Agua y Energ\u00eda a trav\u00e9s de la Secretar\u00eda de Obras y Servicios P\u00fablicos, tenga en cuenta la pavimentaci\u00f3n de la Avenida Nazario Benavidez, del Departamento Chimbas. (Autor: diputado Gabriel S\u00e1nchez. Comisi\u00f3n: Obras y Servicios P\u00fablicos)<\/li>\n<li>Al Ministerio de Salud incorporar personal m\u00e9dico con especialidad en traumatolog\u00eda en el Hospital Stella Molina del Departamento San Mar\u00edn. (Autor: diputada Marta Gramajo. Comisi\u00f3n: Salud y Discapacidad)<\/li>\n<li>Al Poder Ejecutivo y Banco San Juan S.A, la instalaci\u00f3n de y puesta en funcionamiento del servicio de un cajero autom\u00e1tico en el CIC del departamento Zonda. (Autor: diputado Miguel Atampiz. Comisi\u00f3n: Hacienda y Presupuesto)<\/li>\n<\/ul>\n<p><strong><span style=\"color: #666699;\">Sigue la Sesi\u00f3n de la C\u00e1mara de Diputados de San Juan en Vivo<\/span><\/strong><\/p>\n<p>&nbsp;<\/p>\n<p><iframe loading=\"lazy\" title=\"11 Sesi\u00f3n Ordinaria - 10 de octubre de 2024.\" width=\"800\" height=\"450\" src=\"https:\/\/www.youtube.com\/embed\/GWg7sTa0Xuk?feature=oembed\" frameborder=\"0\" allow=\"accelerometer; autoplay; clipboard-write; encrypted-media; gyroscope; picture-in-picture; web-share\" referrerpolicy=\"strict-origin-when-cross-origin\" allowfullscreen><\/iframe><\/p>\n<p>&nbsp;<\/p>\n<p>&nbsp;<\/p>\n<figure id=\"attachment_37951\" aria-describedby=\"caption-attachment-37951\" style=\"width: 800px\" class=\"wp-caption alignnone\"><img loading=\"lazy\" decoding=\"async\" class=\"size-full wp-image-37951\" src=\"https:\/\/vocesparalelas.com.ar\/sitio\/wp-content\/uploads\/2021\/05\/CAMARA-EDIFICIO.jpg\" alt=\"\" width=\"800\" height=\"515\" srcset=\"https:\/\/vocesparalelas.com.ar\/sitio\/wp-content\/uploads\/2021\/05\/CAMARA-EDIFICIO.jpg 800w, https:\/\/vocesparalelas.com.ar\/sitio\/wp-content\/uploads\/2021\/05\/CAMARA-EDIFICIO-300x193.jpg 300w, https:\/\/vocesparalelas.com.ar\/sitio\/wp-content\/uploads\/2021\/05\/CAMARA-EDIFICIO-768x494.jpg 768w\" sizes=\"auto, (max-width: 800px) 100vw, 800px\" \/><figcaption id=\"caption-attachment-37951\" class=\"wp-caption-text\">Legislatura Provincial de San Juan, Rep\u00fablica Argentina<\/figcaption><\/figure>\n","protected":false},"excerpt":{"rendered":"<p>El Jueves, 10 de Octubre, a las 10 horas, la C\u00e1mara de Diputados de San Juan desarrolla la Decimoprimera sesi\u00f3n,<\/p>\n","protected":false},"author":3,"featured_media":8062,"comment_status":"closed","ping_status":"closed","sticky":false,"template":"","format":"standard","meta":{"_acf_changed":false,"_seopress_robots_primary_cat":"none","_seopress_titles_title":"","_seopress_titles_desc":"","_seopress_robots_index":"","colormag_page_container_layout":"default_layout","colormag_page_sidebar_layout":"default_layout","footnotes":""},"categories":[1,7],"tags":[],"class_list":["post-77772","post","type-post","status-publish","format-standard","has-post-thumbnail","hentry","category-destacadas","category-videos"],"acf":[],"_links":{"self":[{"href":"https:\/\/vocesparalelas.com.ar\/sitio\/wp-json\/wp\/v2\/posts\/77772","targetHints":{"allow":["GET"]}}],"collection":[{"href":"https:\/\/vocesparalelas.com.ar\/sitio\/wp-json\/wp\/v2\/posts"}],"about":[{"href":"https:\/\/vocesparalelas.com.ar\/sitio\/wp-json\/wp\/v2\/types\/post"}],"author":[{"embeddable":true,"href":"https:\/\/vocesparalelas.com.ar\/sitio\/wp-json\/wp\/v2\/users\/3"}],"replies":[{"embeddable":true,"href":"https:\/\/vocesparalelas.com.ar\/sitio\/wp-json\/wp\/v2\/comments?post=77772"}],"version-history":[{"count":3,"href":"https:\/\/vocesparalelas.com.ar\/sitio\/wp-json\/wp\/v2\/posts\/77772\/revisions"}],"predecessor-version":[{"id":77777,"href":"https:\/\/vocesparalelas.com.ar\/sitio\/wp-json\/wp\/v2\/posts\/77772\/revisions\/77777"}],"wp:featuredmedia":[{"embeddable":true,"href":"https:\/\/vocesparalelas.com.ar\/sitio\/wp-json\/wp\/v2\/media\/8062"}],"wp:attachment":[{"href":"https:\/\/vocesparalelas.com.ar\/sitio\/wp-json\/wp\/v2\/media?parent=77772"}],"wp:term":[{"taxonomy":"category","embeddable":true,"href":"https:\/\/vocesparalelas.com.ar\/sitio\/wp-json\/wp\/v2\/categories?post=77772"},{"taxonomy":"post_tag","embeddable":true,"href":"https:\/\/vocesparalelas.com.ar\/sitio\/wp-json\/wp\/v2\/tags?post=77772"}],"curies":[{"name":"wp","href":"https:\/\/api.w.org\/{rel}","templated":true}]}}