{"id":77764,"date":"2024-10-08T19:28:00","date_gmt":"2024-10-08T22:28:00","guid":{"rendered":"https:\/\/vocesparalelas.com.ar\/sitio\/?p=77764"},"modified":"2024-10-09T23:41:11","modified_gmt":"2024-10-10T02:41:11","slug":"concurso-leer-y-comprender-para-aprender-en-rivadavia","status":"publish","type":"post","link":"https:\/\/vocesparalelas.com.ar\/sitio\/concurso-leer-y-comprender-para-aprender-en-rivadavia\/","title":{"rendered":"Concurso \u201cLeer y comprender para aprender\u201d en Rivadavia"},"content":{"rendered":"<p>La Municipalidad de la Ciudad de Rivadavia desarroll\u00f3 un programa junto al Ministerio de Educaci\u00f3n del Gobierno de San Juan por el cual los alumnos de 1\u00b0 a 6\u00b0 a\u00f1o de la Educaci\u00f3n Primaria participan de premios pedag\u00f3gicos, para estimular los h\u00e1bitos lecto-comprensivos.<\/p>\n<p>Para ello, deben sumar\u00a0 al Concurso \u201cLeer y comprender para aprender\u201d y pueden anotarse los chicos de las escuelas de primarias del Departamento Rivadavia, ya sean de gesti\u00f3n p\u00fablica como de privada. Adem\u00e1s los docentes gu\u00edas de los alumnos ganadores reciben una certificaci\u00f3n ministerial.<\/p>\n<p><strong><span style=\"color: #ff6600;\">El certamen se realiza en etapas<\/span><\/strong><\/p>\n<ul>\n<li>Inscripci\u00f3n est\u00e1n abiertas y finaliza el 10 de Octubre.<\/li>\n<li>Desde el 14 al 25 de Octubre se desarrolla la instancia escolar, donde las instituciones seleccionan a los 6 alumnos que los representen a raz\u00f3n de uno por grado. El jurado es elegido por cada una de las escuelas.<\/li>\n<li>Entre el 28 de Octubre y el 8 de Noviembre se celebra la instancia zonal por la cual las diferentes instituciones cuyos alumnos seleccionados compiten entre s\u00ed dentro de cada una de las comunas de Rivadavia como son: Centro, Norte, Sur, La Bebida y Marquesado. El jurado de esta etapa es conformado por autoridades municipales.<\/li>\n<li>El 15 de Noviembre se realiza la instancia departamental en la cual participan los ganadores de la etapa anterior, leyendo y releyendo un texto en 15 minutos y siendo evaluados por un jurado compuesto por autoridades municipales y provinciales.<\/li>\n<\/ul>\n<p>El objetivo de esta iniciativa es fomentar las habilidades espec\u00edficas de comprensi\u00f3n lectora a trav\u00e9s de los meses que dura el concurso y para su continuidad acad\u00e9mica, promover la expresi\u00f3n oral y la capacidad de argumentaci\u00f3n seg\u00fan la edad cronol\u00f3gica de cada ni\u00f1o y el h\u00e1bito por la lectura mediante un concurso cimentado en el disfrute y la sana competencia.<\/p>\n<p><strong><span style=\"color: #ff6600;\">Premios<\/span><\/strong><\/p>\n<ul>\n<li>Se hace entrega al ganador de cada categor\u00eda 1 (un) boucher de librer\u00eda C\u00faspide y 1 (un) pase para 10 (diez) personas para tener acceso gratuito por un d\u00eda al Camping Municipal de Rivadavia en temporada primavera-verano.<\/li>\n<li>Se entregan reconocimientos a\u00a0 los participantes zonales y departamentales<\/li>\n<li>A los docentes gu\u00edas de los ganadores del concurso, se les entrega la certificaci\u00f3n con Aval Ministerial, adem\u00e1s de 1 (un) pase para 5 (cinco) personas para tener acceso gratuito por un d\u00eda al camping Municipal de Rivadavia en temporada primavera-verano.<\/li>\n<\/ul>\n<p><strong><span style=\"color: #ff6600;\">Inscripciones<\/span><\/strong><\/p>\n<p>Direcci\u00f3n de Educaci\u00f3n de Rivadavia<\/p>\n<p>contacto 264 675 1988<\/p>\n<p>Es as\u00ed que, el Intendente de la Municipalidad de la Ciudad de Rivadavia, Sergio Miodowsky trabaja por la educaci\u00f3n y el perfeccionamiento como una pol\u00edtica de estado, brindando las herramientas necesarias para la inserci\u00f3n laboral de sus vecinos.<\/p>\n<p><img loading=\"lazy\" decoding=\"async\" class=\"alignnone size-full wp-image-66896\" src=\"https:\/\/vocesparalelas.com.ar\/sitio\/wp-content\/uploads\/2023\/12\/RIVADAVIA-LOGO-NUEVO.jpg\" alt=\"\" width=\"800\" height=\"533\" srcset=\"https:\/\/vocesparalelas.com.ar\/sitio\/wp-content\/uploads\/2023\/12\/RIVADAVIA-LOGO-NUEVO.jpg 800w, https:\/\/vocesparalelas.com.ar\/sitio\/wp-content\/uploads\/2023\/12\/RIVADAVIA-LOGO-NUEVO-300x200.jpg 300w, https:\/\/vocesparalelas.com.ar\/sitio\/wp-content\/uploads\/2023\/12\/RIVADAVIA-LOGO-NUEVO-768x512.jpg 768w\" sizes=\"auto, (max-width: 800px) 100vw, 800px\" \/><\/p>\n","protected":false},"excerpt":{"rendered":"<p>La Municipalidad de la Ciudad de Rivadavia desarroll\u00f3 un programa junto al Ministerio de Educaci\u00f3n del Gobierno de San Juan<\/p>\n","protected":false},"author":3,"featured_media":30925,"comment_status":"closed","ping_status":"closed","sticky":false,"template":"","format":"standard","meta":{"_acf_changed":false,"_seopress_robots_primary_cat":"none","_seopress_titles_title":"","_seopress_titles_desc":"","_seopress_robots_index":"","colormag_page_container_layout":"default_layout","colormag_page_sidebar_layout":"default_layout","footnotes":""},"categories":[8],"tags":[],"class_list":["post-77764","post","type-post","status-publish","format-standard","has-post-thumbnail","hentry","category-concursos"],"acf":[],"_links":{"self":[{"href":"https:\/\/vocesparalelas.com.ar\/sitio\/wp-json\/wp\/v2\/posts\/77764","targetHints":{"allow":["GET"]}}],"collection":[{"href":"https:\/\/vocesparalelas.com.ar\/sitio\/wp-json\/wp\/v2\/posts"}],"about":[{"href":"https:\/\/vocesparalelas.com.ar\/sitio\/wp-json\/wp\/v2\/types\/post"}],"author":[{"embeddable":true,"href":"https:\/\/vocesparalelas.com.ar\/sitio\/wp-json\/wp\/v2\/users\/3"}],"replies":[{"embeddable":true,"href":"https:\/\/vocesparalelas.com.ar\/sitio\/wp-json\/wp\/v2\/comments?post=77764"}],"version-history":[{"count":3,"href":"https:\/\/vocesparalelas.com.ar\/sitio\/wp-json\/wp\/v2\/posts\/77764\/revisions"}],"predecessor-version":[{"id":77769,"href":"https:\/\/vocesparalelas.com.ar\/sitio\/wp-json\/wp\/v2\/posts\/77764\/revisions\/77769"}],"wp:featuredmedia":[{"embeddable":true,"href":"https:\/\/vocesparalelas.com.ar\/sitio\/wp-json\/wp\/v2\/media\/30925"}],"wp:attachment":[{"href":"https:\/\/vocesparalelas.com.ar\/sitio\/wp-json\/wp\/v2\/media?parent=77764"}],"wp:term":[{"taxonomy":"category","embeddable":true,"href":"https:\/\/vocesparalelas.com.ar\/sitio\/wp-json\/wp\/v2\/categories?post=77764"},{"taxonomy":"post_tag","embeddable":true,"href":"https:\/\/vocesparalelas.com.ar\/sitio\/wp-json\/wp\/v2\/tags?post=77764"}],"curies":[{"name":"wp","href":"https:\/\/api.w.org\/{rel}","templated":true}]}}