{"id":77760,"date":"2024-10-08T18:30:54","date_gmt":"2024-10-08T21:30:54","guid":{"rendered":"https:\/\/vocesparalelas.com.ar\/sitio\/?p=77760"},"modified":"2024-10-09T22:05:15","modified_gmt":"2024-10-10T01:05:15","slug":"oportunidades-de-capacitaciones-para-los-interesados-en-la-fi-de-la-unsj","status":"publish","type":"post","link":"https:\/\/vocesparalelas.com.ar\/sitio\/oportunidades-de-capacitaciones-para-los-interesados-en-la-fi-de-la-unsj\/","title":{"rendered":"Oportunidades de capacitaciones para los interesados en la FI de la UNSJ"},"content":{"rendered":"<p>La Facultad de Ingenier\u00eda de la Universidad de San Juan ofrece un abanico de oportunidades de capacitaciones para los interesados.<\/p>\n<ul>\n<li><span style=\"color: #000000;\">Curso: Medici\u00f3n de Puesta a Tierra<\/span><\/li>\n<li>Taller Anual del Sistema de Informaci\u00f3n Universitaria SIU en San Juan<\/li>\n<li>Seminario de Eficiencia Energ\u00e9tica: la clave para reducir costos y mejorar la competitividad<\/li>\n<li>Jornada T\u00e9cnica del Esp\u00e1rrago Expo 2024<\/li>\n<li>Curso de Posgrado: Inform\u00e1tica M\u00e9dica<\/li>\n<\/ul>\n<p><span style=\"color: #ff6600;\"><strong>Curso: Medici\u00f3n de Puesta a Tierra<\/strong><\/span><\/p>\n<ul>\n<li>Inicia: 26\/10\/2024. Finaliza: 30\/11\/24.<\/li>\n<li>Destinatarios: toda persona interesada en la tem\u00e1tica.<\/li>\n<li>Consultas: Dpto. de Ingenier\u00eda Electromec\u00e1nica- Facultad de Ingenier\u00eda- UNSJ.<\/li>\n<li>M\u00e1s informaci\u00f3n:\u00a0<a href=\"https:\/\/is.gd\/lJhQWA\">https:\/\/is.gd\/lJhQWA<\/a><\/li>\n<\/ul>\n<p><span style=\"color: #0000ff;\"><strong>Taller Anual del Sistema de Informaci\u00f3n Universitaria SIU en San Juan<\/strong><\/span><\/p>\n<ul>\n<li>Durante los d\u00edas 24 y 25 de octubre, la Universidad Nacional de San Juan recibe la visita de cerca de 1.200 nodocentes de m\u00e1s de 60 universidades p\u00fablicas y privadas, quienes participar\u00e1n del Encuentro Anual del SIU. El siguiente formulario est\u00e1 destinado al personal nodocente de la UNSJ que quiera colaborar en las actividades del Taller Anual SIU:<\/li>\n<li>Enlace a formulario:\u00a0<a href=\"https:\/\/forms.gle\/6H6YvHH2HBr4enh8A\">https:\/\/forms.gle\/6H6YvHH2HBr4enh8A<\/a><\/li>\n<li>Se emite una Resoluci\u00f3n en reconocimiento a quienes colaboren.<\/li>\n<li>M\u00e1s informaci\u00f3n: Sitio del Taller SIU 2024:\u00a0<a href=\"https:\/\/portal.comunidad.siu.edu.ar\">https:\/\/portal.comunidad.siu.edu.ar<\/a><\/li>\n<\/ul>\n<p><strong><span style=\"color: #ff0000;\">Seminario de Eficiencia Energ\u00e9tica: la clave para reducir costos y mejorar la competitividad<\/span><\/strong><\/p>\n<ul>\n<li>El Departamento de Ingenier\u00eda Electromec\u00e1nica (DIE) de la Facultad de Ingenier\u00eda de la UNSJ, en conjunto con el Instituto Nacional de Tecnolog\u00eda Industrial \u2013 INTI, dicta el Seminario de Eficiencia Energ\u00e9tica, titulado \u00abLa clave para reducir costos y mejorar la competitividad\u00bb, en el marco del plan capacitaci\u00f3n y concientizaci\u00f3n, con el posterior lanzamiento de una agenda de cursos y presentaciones para el abordaje de temas espec\u00edficos en esta \u00e1rea.<\/li>\n<li>El mismo, se llevar\u00e1 a cabo el 16 y 17 de octubre de 16 a 19 h en el Sala de conferencias del Instituto de Ingenier\u00eda El\u00e9ctrica de la Facultad de Ingenier\u00eda. Destinatarios: empresas, instituciones, docentes, estudiantes y p\u00fablico en general.<\/li>\n<li>Confirmaci\u00f3n de asistencia: a trav\u00e9s de QR, se debe llenar el formulario de Inscripci\u00f3n.<\/li>\n<li>Inscripciones:\u00a0<a href=\"https:\/\/is.gd\/TWt5TB\">https:\/\/is.gd\/TWt5TB<\/a><\/li>\n<li>M\u00e1s informaci\u00f3n:\u00a0<a href=\"https:\/\/is.gd\/XH7Bbk\">https:\/\/is.gd\/XH7Bbk<\/a><\/li>\n<\/ul>\n<p><span style=\"color: #008000;\"><strong>Jornada T\u00e9cnica del Esp\u00e1rrago Expo 2024<\/strong><\/span><\/p>\n<ul>\n<li>El Jueves, 10 de Octubre, a partir de las 9:00, en el Sal\u00f3n \u00abEl Prado\u00bb en el M\u00e9dano de Oro, Rawson, se realiza la primera jornada del Esp\u00e1rrago en la provincia de San Juan.<\/li>\n<li>Esta actividad es organizada y gestionada desde la Federaci\u00f3n Universitaria San Juan, el Espacio IDEAS, Facultad de Ingenier\u00eda , la Universidad Nacional de San Juan, la Asociaci\u00f3n de Esparragueros, el INTA y el Municipio de Rawson.<\/li>\n<li>La Jornada cuenta con Resoluci\u00f3n Ministerial:\u00a0<a href=\"https:\/\/tinyurl.com\/yquzr5pz\">https:\/\/tinyurl.com\/yquzr5pz<\/a><\/li>\n<\/ul>\n<p><strong><span style=\"color: #008080;\">Curso de Posgrado: Inform\u00e1tica M\u00e9dica<\/span><\/strong><\/p>\n<ul>\n<li>Inicio: 18\/10\/24<\/li>\n<li>Destinatarios: Profesionales de la Salud<\/li>\n<li>Inform\u00e1ticos, Estudiantes de carreras vinculadas a la salud.<\/li>\n<li>Mail:\u00a0<a href=\"cursosposgradom@uccuyo.edu.ar\">cursosposgradom@uccuyo.edu.ar<\/a><\/li>\n<li>Tel\u00e9fono: 0264- 4292379 \u2013 Int. 412.<\/li>\n<\/ul>\n<p><img loading=\"lazy\" decoding=\"async\" class=\"alignnone size-large wp-image-41537\" src=\"https:\/\/vocesparalelas.com.ar\/sitio\/wp-content\/uploads\/2021\/09\/FI-UNSJ-LATERAL-800x505.jpg\" alt=\"\" width=\"800\" height=\"505\" srcset=\"https:\/\/vocesparalelas.com.ar\/sitio\/wp-content\/uploads\/2021\/09\/FI-UNSJ-LATERAL-800x505.jpg 800w, https:\/\/vocesparalelas.com.ar\/sitio\/wp-content\/uploads\/2021\/09\/FI-UNSJ-LATERAL-300x189.jpg 300w, https:\/\/vocesparalelas.com.ar\/sitio\/wp-content\/uploads\/2021\/09\/FI-UNSJ-LATERAL-768x485.jpg 768w, https:\/\/vocesparalelas.com.ar\/sitio\/wp-content\/uploads\/2021\/09\/FI-UNSJ-LATERAL.jpg 1024w\" sizes=\"auto, (max-width: 800px) 100vw, 800px\" \/><\/p>\n<p>&nbsp;<\/p>\n<p>&nbsp;<\/p>\n","protected":false},"excerpt":{"rendered":"<p>La Facultad de Ingenier\u00eda de la Universidad de San Juan ofrece un abanico de oportunidades de capacitaciones para los interesados.<\/p>\n","protected":false},"author":3,"featured_media":23028,"comment_status":"closed","ping_status":"closed","sticky":false,"template":"","format":"standard","meta":{"_acf_changed":false,"_seopress_robots_primary_cat":"none","_seopress_titles_title":"","_seopress_titles_desc":"","_seopress_robots_index":"","colormag_page_container_layout":"default_layout","colormag_page_sidebar_layout":"default_layout","footnotes":""},"categories":[9],"tags":[],"class_list":["post-77760","post","type-post","status-publish","format-standard","has-post-thumbnail","hentry","category-cursos"],"acf":[],"_links":{"self":[{"href":"https:\/\/vocesparalelas.com.ar\/sitio\/wp-json\/wp\/v2\/posts\/77760","targetHints":{"allow":["GET"]}}],"collection":[{"href":"https:\/\/vocesparalelas.com.ar\/sitio\/wp-json\/wp\/v2\/posts"}],"about":[{"href":"https:\/\/vocesparalelas.com.ar\/sitio\/wp-json\/wp\/v2\/types\/post"}],"author":[{"embeddable":true,"href":"https:\/\/vocesparalelas.com.ar\/sitio\/wp-json\/wp\/v2\/users\/3"}],"replies":[{"embeddable":true,"href":"https:\/\/vocesparalelas.com.ar\/sitio\/wp-json\/wp\/v2\/comments?post=77760"}],"version-history":[{"count":1,"href":"https:\/\/vocesparalelas.com.ar\/sitio\/wp-json\/wp\/v2\/posts\/77760\/revisions"}],"predecessor-version":[{"id":77763,"href":"https:\/\/vocesparalelas.com.ar\/sitio\/wp-json\/wp\/v2\/posts\/77760\/revisions\/77763"}],"wp:featuredmedia":[{"embeddable":true,"href":"https:\/\/vocesparalelas.com.ar\/sitio\/wp-json\/wp\/v2\/media\/23028"}],"wp:attachment":[{"href":"https:\/\/vocesparalelas.com.ar\/sitio\/wp-json\/wp\/v2\/media?parent=77760"}],"wp:term":[{"taxonomy":"category","embeddable":true,"href":"https:\/\/vocesparalelas.com.ar\/sitio\/wp-json\/wp\/v2\/categories?post=77760"},{"taxonomy":"post_tag","embeddable":true,"href":"https:\/\/vocesparalelas.com.ar\/sitio\/wp-json\/wp\/v2\/tags?post=77760"}],"curies":[{"name":"wp","href":"https:\/\/api.w.org\/{rel}","templated":true}]}}