{"id":77728,"date":"2024-10-08T12:58:48","date_gmt":"2024-10-08T15:58:48","guid":{"rendered":"https:\/\/vocesparalelas.com.ar\/sitio\/?p=77728"},"modified":"2024-10-09T12:06:21","modified_gmt":"2024-10-09T15:06:21","slug":"feria-especial-dia-de-la-madre-2024-en-el-chalet-cantoni-en-san-juan","status":"publish","type":"post","link":"https:\/\/vocesparalelas.com.ar\/sitio\/feria-especial-dia-de-la-madre-2024-en-el-chalet-cantoni-en-san-juan\/","title":{"rendered":"\u201cFeria Especial D\u00eda de la Madre 2024\u201d en el Chalet Cantoni en San Juan"},"content":{"rendered":"<p>El Chalet Cantoni se transforma en un espacio vibrante para la \u201cFeria Especial D\u00eda de la Madre\u201d, una nueva edici\u00f3n de los populares ciclos de feria de dise\u00f1o de\u00a0La Tienda del Chalet.<\/p>\n<p>El evento se desarrolla el S\u00e1bado. 12 y el Domingo, 13 de Octubre, desde las 17 hs, promete ser una celebraci\u00f3n llena de creatividad y diversidad.<\/p>\n<p>Con m\u00e1s de 60 dise\u00f1adores locales, la feria ofrece una amplia variedad de productos que van desde indumentaria y mobiliario hasta cer\u00e1mica y joyer\u00eda.<\/p>\n<p>Los asistentes pueden disfrutar de stands que exhiben lo mejor del talento de San Juan, perfecto para encontrar ese regalo especial para mam\u00e1 o simplemente para darse un gusto personal. La diversidad de opciones asegura que cada visitante encuentre algo para disfrutar.<\/p>\n<p>La feria no solo se trata de compras, sino tambi\u00e9n de una experiencia integral. Hay una oferta gastron\u00f3mica variada, m\u00fasica en vivo y un sector Kids para que toda la familia disfrute de la jornada. La entrada es libre y gratuita, convirtiendo este evento en una oportunidad ideal para pasar una tarde agradable al aire libre. Adem\u00e1s, es pet friendly, permitiendo que tus mascotas sean parte de la celebraci\u00f3n.<\/p>\n<p>El objetivo de la Tienda del Chalet es promover el trabajo de dise\u00f1adores y artesanos de San Juan, creando un espacio donde la pasi\u00f3n y la creatividad se conjugan.<\/p>\n<p>Para celebrar a mam\u00e1, ven a compartir una hermosa tarde de paseo y relax, y descubre la riqueza del dise\u00f1o local en un ambiente festivo y acogedor.<\/p>\n<p>&nbsp;<\/p>\n<p>&nbsp;<\/p>\n","protected":false},"excerpt":{"rendered":"<p>El Chalet Cantoni se transforma en un espacio vibrante para la \u201cFeria Especial D\u00eda de la Madre\u201d, una nueva edici\u00f3n<\/p>\n","protected":false},"author":3,"featured_media":46297,"comment_status":"closed","ping_status":"closed","sticky":false,"template":"","format":"standard","meta":{"_acf_changed":false,"_seopress_robots_primary_cat":"none","_seopress_titles_title":"","_seopress_titles_desc":"","_seopress_robots_index":"","colormag_page_container_layout":"default_layout","colormag_page_sidebar_layout":"default_layout","footnotes":""},"categories":[20],"tags":[],"class_list":["post-77728","post","type-post","status-publish","format-standard","has-post-thumbnail","hentry","category-cartelera"],"acf":[],"_links":{"self":[{"href":"https:\/\/vocesparalelas.com.ar\/sitio\/wp-json\/wp\/v2\/posts\/77728","targetHints":{"allow":["GET"]}}],"collection":[{"href":"https:\/\/vocesparalelas.com.ar\/sitio\/wp-json\/wp\/v2\/posts"}],"about":[{"href":"https:\/\/vocesparalelas.com.ar\/sitio\/wp-json\/wp\/v2\/types\/post"}],"author":[{"embeddable":true,"href":"https:\/\/vocesparalelas.com.ar\/sitio\/wp-json\/wp\/v2\/users\/3"}],"replies":[{"embeddable":true,"href":"https:\/\/vocesparalelas.com.ar\/sitio\/wp-json\/wp\/v2\/comments?post=77728"}],"version-history":[{"count":1,"href":"https:\/\/vocesparalelas.com.ar\/sitio\/wp-json\/wp\/v2\/posts\/77728\/revisions"}],"predecessor-version":[{"id":77731,"href":"https:\/\/vocesparalelas.com.ar\/sitio\/wp-json\/wp\/v2\/posts\/77728\/revisions\/77731"}],"wp:featuredmedia":[{"embeddable":true,"href":"https:\/\/vocesparalelas.com.ar\/sitio\/wp-json\/wp\/v2\/media\/46297"}],"wp:attachment":[{"href":"https:\/\/vocesparalelas.com.ar\/sitio\/wp-json\/wp\/v2\/media?parent=77728"}],"wp:term":[{"taxonomy":"category","embeddable":true,"href":"https:\/\/vocesparalelas.com.ar\/sitio\/wp-json\/wp\/v2\/categories?post=77728"},{"taxonomy":"post_tag","embeddable":true,"href":"https:\/\/vocesparalelas.com.ar\/sitio\/wp-json\/wp\/v2\/tags?post=77728"}],"curies":[{"name":"wp","href":"https:\/\/api.w.org\/{rel}","templated":true}]}}