{"id":77715,"date":"2024-10-07T19:25:18","date_gmt":"2024-10-07T22:25:18","guid":{"rendered":"https:\/\/vocesparalelas.com.ar\/sitio\/?p=77715"},"modified":"2024-10-07T23:26:25","modified_gmt":"2024-10-08T02:26:25","slug":"tramite-para-la-obtencion-de-la-escritura-de-la-vivienda-cancelada-del-ipv-de-san-juan","status":"publish","type":"post","link":"https:\/\/vocesparalelas.com.ar\/sitio\/tramite-para-la-obtencion-de-la-escritura-de-la-vivienda-cancelada-del-ipv-de-san-juan\/","title":{"rendered":"Tr\u00e1mite para la obtenci\u00f3n de la Escritura de la vivienda cancelada del IPV de San Juan"},"content":{"rendered":"<p>La escritura de una vivienda adjudicada por el Instituto Provincial de la Vivienda &#8211; IPV &#8211; del Ministerio de Infraestructura, Agua y Energ\u00eda del Gobierno de San Juan es un acto jur\u00eddico clave para formalizar la propiedad de un hogar.<\/p>\n<p>Este proceso otorga el t\u00edtulo de propiedad, y para quienes han cumplido con los requisitos, representa la culminaci\u00f3n del acceso a una vivienda propia. El tr\u00e1mite debe realizarse de manera personal en el Registro Notarial Especial del IPV, en el Centro C\u00edvico.<\/p>\n<p><img loading=\"lazy\" decoding=\"async\" class=\"alignnone size-full wp-image-54194\" src=\"https:\/\/vocesparalelas.com.ar\/sitio\/wp-content\/uploads\/2022\/11\/BARRIO-CASAS.jpg\" alt=\"\" width=\"800\" height=\"600\" srcset=\"https:\/\/vocesparalelas.com.ar\/sitio\/wp-content\/uploads\/2022\/11\/BARRIO-CASAS.jpg 800w, https:\/\/vocesparalelas.com.ar\/sitio\/wp-content\/uploads\/2022\/11\/BARRIO-CASAS-300x225.jpg 300w, https:\/\/vocesparalelas.com.ar\/sitio\/wp-content\/uploads\/2022\/11\/BARRIO-CASAS-768x576.jpg 768w\" sizes=\"auto, (max-width: 800px) 100vw, 800px\" \/><\/p>\n<p><strong><span style=\"color: #ff6600;\">Requisitos<\/span><\/strong><\/p>\n<ul>\n<li>Presentaci\u00f3n del DNI y la constancia de CUIL tanto del titular como del cotitular<\/li>\n<li>Acreditar el estado civil de los beneficiarios: en el caso de los casados, se debe adjuntar el acta de matrimonio actualizada y la fotocopia del DNI del c\u00f3nyuge; los divorciados, por su parte, deben presentar la sentencia de divorcio certificada; y los viudos, el acta de defunci\u00f3n de su c\u00f3nyuge.<\/li>\n<li>Es indispensable contar con la resoluci\u00f3n de adjudicaci\u00f3n de la vivienda del IPV y, si la propiedad est\u00e1 completamente pagada, la resoluci\u00f3n de cancelaci\u00f3n. Adicionalmente, es necesario obtener el certificado de Aval\u00fao Catastral y el plano de mensura apto para escriturar, ambos solicitados en la Isla de Catastro del Centro C\u00edvico.<\/li>\n<li>En caso de tratarse de un inmueble bajo el r\u00e9gimen de propiedad horizontal, se debe presentar un informe de estado parcelario, que se tramita en el quinto piso del Centro C\u00edvico.<\/li>\n<\/ul>\n<p>El procedimiento comienza una vez reunida toda la documentaci\u00f3n. Los interesados deben acercarse a la oficina del Registro Notarial Especial del IPV para entregar los papeles, tras lo cual recibir\u00e1n un comprobante de recepci\u00f3n. Posteriormente, deber\u00e1n esperar a ser contactados para continuar con el proceso. Es importante destacar que el tr\u00e1mite puede demorarse entre 8 y 12 meses, dependiendo de la cantidad de solicitudes en curso.<\/p>\n<p>Para agilizar el proceso, es posible solicitar un turno a trav\u00e9s del sitio web oficial del gobierno de San Juan<\/p>\n<p><a href=\"http:\/\/www.turnos.sanjuan.gob.ar.\">http:\/\/www.turnos.sanjuan.gob.ar.<\/a><\/p>\n<p>El tr\u00e1mite se rige por la normativa vigente, como la Resoluci\u00f3n 4450-IPV-2024.<\/p>\n<p>Para consultas adicionales, los interesados pueden contactar al IPV por tel\u00e9fono o correo electr\u00f3nico, o bien, dirigirse personalmente en los horarios de atenci\u00f3n habituales.<\/p>\n<p><img loading=\"lazy\" decoding=\"async\" class=\"alignnone size-full wp-image-65642\" src=\"https:\/\/vocesparalelas.com.ar\/sitio\/wp-content\/uploads\/2023\/11\/GOBIERNO-SAN-JUAN.jpg\" alt=\"\" width=\"800\" height=\"600\" srcset=\"https:\/\/vocesparalelas.com.ar\/sitio\/wp-content\/uploads\/2023\/11\/GOBIERNO-SAN-JUAN.jpg 800w, https:\/\/vocesparalelas.com.ar\/sitio\/wp-content\/uploads\/2023\/11\/GOBIERNO-SAN-JUAN-300x225.jpg 300w, https:\/\/vocesparalelas.com.ar\/sitio\/wp-content\/uploads\/2023\/11\/GOBIERNO-SAN-JUAN-768x576.jpg 768w\" sizes=\"auto, (max-width: 800px) 100vw, 800px\" \/><\/p>\n<p>&nbsp;<\/p>\n","protected":false},"excerpt":{"rendered":"<p>La escritura de una vivienda adjudicada por el Instituto Provincial de la Vivienda &#8211; IPV &#8211; del Ministerio de Infraestructura,<\/p>\n","protected":false},"author":3,"featured_media":10212,"comment_status":"closed","ping_status":"closed","sticky":false,"template":"","format":"standard","meta":{"_acf_changed":false,"_seopress_robots_primary_cat":"none","_seopress_titles_title":"","_seopress_titles_desc":"","_seopress_robots_index":"","colormag_page_container_layout":"default_layout","colormag_page_sidebar_layout":"default_layout","footnotes":""},"categories":[6],"tags":[],"class_list":["post-77715","post","type-post","status-publish","format-standard","has-post-thumbnail","hentry","category-eventos"],"acf":[],"_links":{"self":[{"href":"https:\/\/vocesparalelas.com.ar\/sitio\/wp-json\/wp\/v2\/posts\/77715","targetHints":{"allow":["GET"]}}],"collection":[{"href":"https:\/\/vocesparalelas.com.ar\/sitio\/wp-json\/wp\/v2\/posts"}],"about":[{"href":"https:\/\/vocesparalelas.com.ar\/sitio\/wp-json\/wp\/v2\/types\/post"}],"author":[{"embeddable":true,"href":"https:\/\/vocesparalelas.com.ar\/sitio\/wp-json\/wp\/v2\/users\/3"}],"replies":[{"embeddable":true,"href":"https:\/\/vocesparalelas.com.ar\/sitio\/wp-json\/wp\/v2\/comments?post=77715"}],"version-history":[{"count":1,"href":"https:\/\/vocesparalelas.com.ar\/sitio\/wp-json\/wp\/v2\/posts\/77715\/revisions"}],"predecessor-version":[{"id":77718,"href":"https:\/\/vocesparalelas.com.ar\/sitio\/wp-json\/wp\/v2\/posts\/77715\/revisions\/77718"}],"wp:featuredmedia":[{"embeddable":true,"href":"https:\/\/vocesparalelas.com.ar\/sitio\/wp-json\/wp\/v2\/media\/10212"}],"wp:attachment":[{"href":"https:\/\/vocesparalelas.com.ar\/sitio\/wp-json\/wp\/v2\/media?parent=77715"}],"wp:term":[{"taxonomy":"category","embeddable":true,"href":"https:\/\/vocesparalelas.com.ar\/sitio\/wp-json\/wp\/v2\/categories?post=77715"},{"taxonomy":"post_tag","embeddable":true,"href":"https:\/\/vocesparalelas.com.ar\/sitio\/wp-json\/wp\/v2\/tags?post=77715"}],"curies":[{"name":"wp","href":"https:\/\/api.w.org\/{rel}","templated":true}]}}