{"id":77710,"date":"2024-10-07T22:09:12","date_gmt":"2024-10-08T01:09:12","guid":{"rendered":"https:\/\/vocesparalelas.com.ar\/sitio\/?p=77710"},"modified":"2024-10-08T20:31:43","modified_gmt":"2024-10-08T23:31:43","slug":"cuerpos-de-bandera-nacional-argentina-y-ciudadana-del-ministerio-de-educacion-de-san-juan","status":"publish","type":"post","link":"https:\/\/vocesparalelas.com.ar\/sitio\/cuerpos-de-bandera-nacional-argentina-y-ciudadana-del-ministerio-de-educacion-de-san-juan\/","title":{"rendered":"Cuerpos de Bandera Nacional Argentina y Ciudadana del Ministerio de Educaci\u00f3n de San Juan"},"content":{"rendered":"<p>En el auditorio Eloy Camus se realiz\u00f3 la ceremonia de cambio de cuerpo de Banderas Nacional Argentina y Ciudadana del Ministerio de Educaci\u00f3n del Gobierno de San Juan.<\/p>\n<p>El acto estuvo presidida por la ministra de Educaci\u00f3n, Lic. Silvia Fuentes, adem\u00e1s le rindieron homenaje a los supervisores que accedieron el beneficio de la jubilaci\u00f3n.<\/p>\n<p>Por ello, la ministra de Educaci\u00f3n, Lic. Silvia Fuentes manifest\u00f3 que \u00abes un orgullo llevar en alto nuestra bandera. A quienes se van del cuerpo de banderas, gracias por todo lo vivido y brindado; y a los ingresantes les queda por delante un lindo camino por transitar, con mucha responsabilidad y respeto. En cuanto a las supervisoras y supervisores que comienzan a disfrutar de su jubilaci\u00f3n no s\u00f3lo dejaron huella sino que adem\u00e1s son referentes en educaci\u00f3n. Nosotros somos un equipo que escucha, por lo que ser\u00e1n personas de consulta permanente. Las puertas del Ministerio de Educaci\u00f3n quedan abiertas\u201d.<\/p>\n<p><strong><span style=\"color: #0000ff;\">Cuerpos de Banderas para el periodo 2024 &#8211; 2025 del Ministerio de Educaci\u00f3n de San Juan<\/span><\/strong><\/p>\n<p><strong><span style=\"color: #0000ff;\">Bandera Nacional Argentina<\/span><\/strong><\/p>\n<ul>\n<li>Abanderado: Prof. Erwin Laciar Leber<\/li>\n<li>1\u00ba Escolta: Prof. Ana Mar\u00eda D\u00edaz<\/li>\n<li>2\u00ba Escolta: Prof. Ivana Plaza<\/li>\n<li>3\u00ba Escolta: Prof. Ximena del Castillo<\/li>\n<li>4\u00ba Escolta: Prof. Agustina Fern\u00e1ndez Vargas<\/li>\n<li>6\u00ba Escolta: Prof. Luis Fern\u00e1ndez<\/li>\n<li>7\u00ba Escolta: Prof. Elina Castro<\/li>\n<\/ul>\n<p><strong><span style=\"color: #0000ff;\">Bandera Ciudadana<\/span><\/strong><\/p>\n<ul>\n<li>Abanderado: Prof. Mat\u00edas Segovia<\/li>\n<li>1\u00ba Escolta: Prof. Barbarita \u00c1vila<\/li>\n<li>2\u00ba Escolta: Prof. Natalia Eugenia Silva<\/li>\n<li>3\u00ba Escolta: Prof. Marianela Castro<\/li>\n<li>4\u00ba Escolta: Prof. Andrea Gabriela Accoroni Luber<\/li>\n<li>5\u00ba Escolta: Prof. Mario Sebasti\u00e1n Echegaray<\/li>\n<li>6\u00ba Escolta: Gabriela Alejandra Baloc<\/li>\n<li>7\u00ba Escolta: Prof. Emilse Daniela Arnaez<\/li>\n<\/ul>\n<p><span style=\"color: #0000ff;\"><strong>Reconocimiento a supervisores<\/strong><\/span><\/p>\n<p>En la ceremonia, las autoridades del Ministerio de Educaci\u00f3n hicieron entrega de un reconocimiento a las supervisoras y supervisores que se jubilaron. Se trata de Alicia G\u00f3mez, Silvana Anastasi, Elizabeth R\u00edmolo, Mabel Cerc\u00f3s, Jorge Antonio Gonz\u00e1lez, Alicia Bernardini y Marcela Colomer.<\/p>\n<p>Elizabeth R\u00edmolo indic\u00f3 que: \u201cLa dedicaci\u00f3n es un acto de amor, por tanto, un acto de valor. Nuestra forma apasionada de trabajar fue 100% como maestros. Y fue una hermosa elecci\u00f3n de vida\u201d.<\/p>\n<p>\u201cLos supervisores tenemos una profunda vocaci\u00f3n docente, amor y pasi\u00f3n por los temas educativos y un fuerte compromiso social porque creemos que la educaci\u00f3n es un baluarte capaz de enaltecer una sociedad. Quiero agradecer a las autoridades del Ministerio de Educaci\u00f3n por permitirnos llevar adelante nuestro trabajo en condiciones inmejorables y por reconocernos en el rol\u201d, destac\u00f3 por su parte la supervisora Gabriela Vidable.<\/p>\n<p>&nbsp;<\/p>\n<p><img loading=\"lazy\" decoding=\"async\" class=\"alignnone size-full wp-image-28629\" src=\"https:\/\/vocesparalelas.com.ar\/sitio\/wp-content\/uploads\/2020\/05\/MINISTERIO-EDUCACION-SJ.jpg\" alt=\"\" width=\"800\" height=\"533\" srcset=\"https:\/\/vocesparalelas.com.ar\/sitio\/wp-content\/uploads\/2020\/05\/MINISTERIO-EDUCACION-SJ.jpg 800w, https:\/\/vocesparalelas.com.ar\/sitio\/wp-content\/uploads\/2020\/05\/MINISTERIO-EDUCACION-SJ-300x200.jpg 300w, https:\/\/vocesparalelas.com.ar\/sitio\/wp-content\/uploads\/2020\/05\/MINISTERIO-EDUCACION-SJ-768x512.jpg 768w\" sizes=\"auto, (max-width: 800px) 100vw, 800px\" \/><\/p>\n","protected":false},"excerpt":{"rendered":"<p>En el auditorio Eloy Camus se realiz\u00f3 la ceremonia de cambio de cuerpo de Banderas Nacional Argentina y Ciudadana del<\/p>\n","protected":false},"author":3,"featured_media":77713,"comment_status":"closed","ping_status":"closed","sticky":false,"template":"","format":"standard","meta":{"_acf_changed":false,"_seopress_robots_primary_cat":"none","_seopress_titles_title":"","_seopress_titles_desc":"","_seopress_robots_index":"","colormag_page_container_layout":"default_layout","colormag_page_sidebar_layout":"default_layout","footnotes":""},"categories":[5],"tags":[],"class_list":["post-77710","post","type-post","status-publish","format-standard","has-post-thumbnail","hentry","category-ofrecimientos"],"acf":[],"_links":{"self":[{"href":"https:\/\/vocesparalelas.com.ar\/sitio\/wp-json\/wp\/v2\/posts\/77710","targetHints":{"allow":["GET"]}}],"collection":[{"href":"https:\/\/vocesparalelas.com.ar\/sitio\/wp-json\/wp\/v2\/posts"}],"about":[{"href":"https:\/\/vocesparalelas.com.ar\/sitio\/wp-json\/wp\/v2\/types\/post"}],"author":[{"embeddable":true,"href":"https:\/\/vocesparalelas.com.ar\/sitio\/wp-json\/wp\/v2\/users\/3"}],"replies":[{"embeddable":true,"href":"https:\/\/vocesparalelas.com.ar\/sitio\/wp-json\/wp\/v2\/comments?post=77710"}],"version-history":[{"count":1,"href":"https:\/\/vocesparalelas.com.ar\/sitio\/wp-json\/wp\/v2\/posts\/77710\/revisions"}],"predecessor-version":[{"id":77714,"href":"https:\/\/vocesparalelas.com.ar\/sitio\/wp-json\/wp\/v2\/posts\/77710\/revisions\/77714"}],"wp:featuredmedia":[{"embeddable":true,"href":"https:\/\/vocesparalelas.com.ar\/sitio\/wp-json\/wp\/v2\/media\/77713"}],"wp:attachment":[{"href":"https:\/\/vocesparalelas.com.ar\/sitio\/wp-json\/wp\/v2\/media?parent=77710"}],"wp:term":[{"taxonomy":"category","embeddable":true,"href":"https:\/\/vocesparalelas.com.ar\/sitio\/wp-json\/wp\/v2\/categories?post=77710"},{"taxonomy":"post_tag","embeddable":true,"href":"https:\/\/vocesparalelas.com.ar\/sitio\/wp-json\/wp\/v2\/tags?post=77710"}],"curies":[{"name":"wp","href":"https:\/\/api.w.org\/{rel}","templated":true}]}}