{"id":77698,"date":"2024-10-07T18:11:06","date_gmt":"2024-10-07T21:11:06","guid":{"rendered":"https:\/\/vocesparalelas.com.ar\/sitio\/?p=77698"},"modified":"2024-10-07T20:12:07","modified_gmt":"2024-10-07T23:12:07","slug":"analizaron-proyectos-de-ley-las-comisiones-de-la-camara-de-diputados-de-san-juan","status":"publish","type":"post","link":"https:\/\/vocesparalelas.com.ar\/sitio\/analizaron-proyectos-de-ley-las-comisiones-de-la-camara-de-diputados-de-san-juan\/","title":{"rendered":"Analizaron Proyectos de Ley las Comisiones de la C\u00e1mara de Diputados de San Juan"},"content":{"rendered":"<p>Los integrantes de las Comisiones de Obras y Servicios P\u00fablicos, y de Legislaci\u00f3n y Asuntos Constitucionales de la C\u00e1mara de Diputados de San Juan se reunieron para avanzar con el tratamiento de diversos Proyectos de Ley.<\/p>\n<p><span style=\"color: #666699;\"><strong>Comisi\u00f3n de Obras y Servicios P\u00fablicos<\/strong><\/span><\/p>\n<p>Presidida por su presidente, Enzo Cornejo, los diputados Mar\u00eda Rita Lascano, Mario Herrero, Emilio Escudero, Alejandra Leonardo, Marcelo Mallea, Franco Aranda, M\u00f3nica Gonz\u00e1lez y Luis Rueda, mantuvieron una reuni\u00f3n en el Edificio Anexo de la Legislatura Provincial.<\/p>\n<p><strong><span style=\"color: #666699;\">Debatieron los Proyectos de Ley<\/span><\/strong><\/p>\n<ul>\n<li><strong>Exp. N\u00ba 2502:<\/strong>\u00a0Convenio de Cooperaci\u00f3n entre la Direcci\u00f3n Nacional de Vialidad y la Direcci\u00f3n Provincial de Vialidad de San Juan\u00bb, suscripto en fecha 10 de Junio de 2024, por el Sr. Jefe del 9\u00ba Distrito San Juan de la Direcci\u00f3n Nacional de Vialidad, Ingeniero Enrique Edgardo Manni, y por el Se\u00f1or Director General de la Direcci\u00f3n Provincial de Vialidad, Ing. Omar del Valle Lucero, el que como Anexo forma parte integrante de la presente norma.<\/li>\n<li><strong>Exp. N\u00ba 2615:<\/strong>\u00a0Convenio de Adquisici\u00f3n Directa de Inmueble, suscripto a los 05 d\u00edas del mes de julio del a\u00f1o 2024, entre el Ing. Enrique Edgardo Manni, Jefe del 9\u00b0 Distrito San Juan, en representaci\u00f3n de la Direcci\u00f3n Nacional de Vialidad, y por la otra, el Sr. Gobernador de la Provincia de San Juan Dr. Marcelo Humberto Orrego, para la transferencia en propiedad a LA DIRECCI\u00d3N, que acepta de conformidad, de una (1) fracci\u00f3n de 4852,33m2, seg\u00fan t\u00edtulo y mensura, con destino a la ejecuci\u00f3n de la Obra: Autopista Ruta Nacional N\u00b0 40 \u2014 Tramo: Limite Interprovincial Mendoza &#8211; San Juan Intersecci\u00f3n Acceso Sur y RP N\u00b0 179 \u2014 Secci\u00f3n II: Tres Esquinas \u2014 Intersecci\u00f3n RN N\u00b0 40 y RP N\u00b0 295 (Acceso a Cochagual) \u2014 Departamento Sarmiento, Provincia de San Juan.<\/li>\n<li><strong>Exp. N\u00ba 2616:\u00a0<\/strong>Convenio de Adquisici\u00f3n Directa de Inmueble, suscripto a los 05 d\u00edas del mes de julio del a\u00f1o 2024, entre el Ing. Enrique Edgardo Manni, Jefe del 9\u00b0 Distrito San Juan, en representaci\u00f3n de la Direcci\u00f3n Nacional de Vialidad, y por la otra, el Sr. Gobernador de la Provincia de San Juan Dr. Marcelo Humberto Orrego, para la transferencia en propiedad a LA DIRECCI\u00d3N, que acepta de conformidad, una (1) fracci\u00f3n de 2.630,70m2, seg\u00fan t\u00edtulo y mensura, con destino a la ejecuci\u00f3n de la Obra: Autopista Ruta Nacional N\u00b0 40 \u2014 Tramo: Limite Interprovincial Mendoza &#8211; San Juan Intersecci\u00f3n Acceso Sur y RP N\u00b0 179 \u2014 Secci\u00f3n II: Tres Esquinas \u2014 Intersecci\u00f3n RN N\u00b0 40 y RP N\u00b0 295 (Acceso a Cochagual) \u2014 Departamento Sarmiento, Provincia de San Juan.<\/li>\n<\/ul>\n<p>Adem\u00e1s, dialogaron respecto al\u00a0Exp. N\u00ba 2701, por el que se propone aprobar \u201cel Convenio Marco y sus Anexos: \u00abAcuerdo Marco de Colaboraci\u00f3n en Materia de Obras P\u00fablicas\u00bb entre la Provincia de San Juan y la Secretar\u00eda de Obras P\u00fablicas del Ministerio de Econom\u00eda de la Naci\u00f3n, suscripto el 02 de julio del 2024, el que como Anexo forma parte integrante de la presente norma\u201d.<\/p>\n<p>Dicho proyecto continuar\u00e1 en debate, con la posibilidad de convocar a responsables del Poder Ejecutivo Provincial para brindar mayores detalles. En este sentido, dicha reuni\u00f3n ser\u00eda en conjunto con los integrantes de la Comisi\u00f3n de Hacienda y Presupuesto, quienes tambi\u00e9n deben expedirse al respecto.<\/p>\n<h3><span style=\"color: #666699;\"><strong>Comisi\u00f3n de Legislaci\u00f3n y Asuntos Constitucionales<\/strong><\/span><\/h3>\n<p>En las instalaciones del Edificio Hist\u00f3rico de la Casa de Todos, se llev\u00f3 una nueva reuni\u00f3n de la Comisi\u00f3n de L.A.C. Presidida por su presidente, Juan de la Cruz C\u00f3rdoba, participaron los diputados Alejandra Leonardo, Sonia Ferreyra, Fernando Patinella, Pedro Albagli, Fernanda Paredes, Franco Aranda, Marcela Quiroga y Luis Rueda.<\/p>\n<p>Se trataron durante el encuentro los siguientes proyectos:<\/p>\n<ul>\n<li><strong>Exp. N\u00ba 1889:<\/strong>\u00a0declarar Bien integrante del Patrimonio Cultural y Natural de la Provincia de San Juan, dentro de los alcances de la Ley Provincial N\u00b0 571-F, al \u00abBarreal de Pachimoco\u00bb, ubicado en el Departamento J\u00e1chal, Provincia de San Juan, a 300 \u00a011&#8217;645&#8243; de latitud sur y 68\u00b0 48&#8217;544&#8243; de longitud oeste y a 1258 m.s.n.m.<\/li>\n<li><strong>Exp. N\u00ba 1500:<\/strong>\u00a0la Provincia de San Juan adhiere a la\u00a0Ley Nacional N\u00b0 27.733, que tiene por objeto establecer procedimientos m\u00e9dico-asistenciales para la atenci\u00f3n de mujeres y otras personas gestantes frente a la muerte perinatal.<\/li>\n<li><strong>Exp. N\u00ba 2669:<\/strong>\u00a0aprobar el Convenio Marco de Colaboraci\u00f3n entre el Ministerio de Gobierno y la Municipalidad de Sarmiento y el Acta Complementaria N\u00b0 1 celebrada entre el Ministerio de Gobierno, la Secretar\u00eda de Relaciones Institucionales y la Municipalidad de Sarmiento, suscritos el 08 de julio de 2024; ratificada por Decreto Provincial. Dicho convenio establece en su cl\u00e1usula primera:<\/li>\n<\/ul>\n<p>\u201cColaboraci\u00f3n y Asistencia Mutua. LAS PARTES, con el objetivo esencial de cooperaci\u00f3n y vinculaci\u00f3n interinstitucional, se comprometen a llevar a cabo acciones coordinadas de asistencia t\u00e9cnica y colaboraci\u00f3n mutua para desarrollar en el \u00e1mbito de sus competencias, los objetivos que le son propios\u201d.<\/p>\n<p><span style=\"color: #800080;\"><strong>Exp. N\u00ba 1667:\u00a0modificaci\u00f3n de la\u00a0Ley N\u00ba 411-F<\/strong><\/span><\/p>\n<p>Art\u00edculo 1\u00ba.- Se sustituye el art\u00edculo 66 de la Ley N\u00ba 411-F, por el siguiente:<\/p>\n<ul>\n<li>\u201cArt\u00edculo 66.- La Fiesta Nacional del Sol, se debe realizar en la fecha que la autoridad de aplicaci\u00f3n lo disponga. Su duraci\u00f3n no debe ser menor a tres (3) d\u00edas, ni exceder los cinco (5) d\u00edas. No debe coincidir con la fecha de otra Fiesta Departamental.\u201d<\/li>\n<\/ul>\n<p>Art\u00edculo 2\u00ba.- Se sustituye el art\u00edculo 67 de la Ley N\u00ba 411-F, por el siguiente:<\/p>\n<ul>\n<li>\u201cArt\u00edculo 67.- La autoridad de aplicaci\u00f3n es el Poder Ejecutivo a trav\u00e9s del Ministerio de Turismo, Cultura y Deporte, o el organismo que en el futuro lo reemplace\u201d.<\/li>\n<\/ul>\n<figure id=\"attachment_37951\" aria-describedby=\"caption-attachment-37951\" style=\"width: 800px\" class=\"wp-caption alignnone\"><img loading=\"lazy\" decoding=\"async\" class=\"size-full wp-image-37951\" src=\"https:\/\/vocesparalelas.com.ar\/sitio\/wp-content\/uploads\/2021\/05\/CAMARA-EDIFICIO.jpg\" alt=\"\" width=\"800\" height=\"515\" srcset=\"https:\/\/vocesparalelas.com.ar\/sitio\/wp-content\/uploads\/2021\/05\/CAMARA-EDIFICIO.jpg 800w, https:\/\/vocesparalelas.com.ar\/sitio\/wp-content\/uploads\/2021\/05\/CAMARA-EDIFICIO-300x193.jpg 300w, https:\/\/vocesparalelas.com.ar\/sitio\/wp-content\/uploads\/2021\/05\/CAMARA-EDIFICIO-768x494.jpg 768w\" sizes=\"auto, (max-width: 800px) 100vw, 800px\" \/><figcaption id=\"caption-attachment-37951\" class=\"wp-caption-text\">Legislatura Provincial de San Juan, Rep\u00fablica Argentina<\/figcaption><\/figure>\n","protected":false},"excerpt":{"rendered":"<p>Los integrantes de las Comisiones de Obras y Servicios P\u00fablicos, y de Legislaci\u00f3n y Asuntos Constitucionales de la C\u00e1mara de<\/p>\n","protected":false},"author":3,"featured_media":77703,"comment_status":"closed","ping_status":"closed","sticky":false,"template":"","format":"standard","meta":{"_acf_changed":false,"_seopress_robots_primary_cat":"none","_seopress_titles_title":"","_seopress_titles_desc":"","_seopress_robots_index":"","colormag_page_container_layout":"default_layout","colormag_page_sidebar_layout":"default_layout","footnotes":""},"categories":[1],"tags":[],"class_list":["post-77698","post","type-post","status-publish","format-standard","has-post-thumbnail","hentry","category-destacadas"],"acf":[],"_links":{"self":[{"href":"https:\/\/vocesparalelas.com.ar\/sitio\/wp-json\/wp\/v2\/posts\/77698","targetHints":{"allow":["GET"]}}],"collection":[{"href":"https:\/\/vocesparalelas.com.ar\/sitio\/wp-json\/wp\/v2\/posts"}],"about":[{"href":"https:\/\/vocesparalelas.com.ar\/sitio\/wp-json\/wp\/v2\/types\/post"}],"author":[{"embeddable":true,"href":"https:\/\/vocesparalelas.com.ar\/sitio\/wp-json\/wp\/v2\/users\/3"}],"replies":[{"embeddable":true,"href":"https:\/\/vocesparalelas.com.ar\/sitio\/wp-json\/wp\/v2\/comments?post=77698"}],"version-history":[{"count":1,"href":"https:\/\/vocesparalelas.com.ar\/sitio\/wp-json\/wp\/v2\/posts\/77698\/revisions"}],"predecessor-version":[{"id":77704,"href":"https:\/\/vocesparalelas.com.ar\/sitio\/wp-json\/wp\/v2\/posts\/77698\/revisions\/77704"}],"wp:featuredmedia":[{"embeddable":true,"href":"https:\/\/vocesparalelas.com.ar\/sitio\/wp-json\/wp\/v2\/media\/77703"}],"wp:attachment":[{"href":"https:\/\/vocesparalelas.com.ar\/sitio\/wp-json\/wp\/v2\/media?parent=77698"}],"wp:term":[{"taxonomy":"category","embeddable":true,"href":"https:\/\/vocesparalelas.com.ar\/sitio\/wp-json\/wp\/v2\/categories?post=77698"},{"taxonomy":"post_tag","embeddable":true,"href":"https:\/\/vocesparalelas.com.ar\/sitio\/wp-json\/wp\/v2\/tags?post=77698"}],"curies":[{"name":"wp","href":"https:\/\/api.w.org\/{rel}","templated":true}]}}