{"id":77691,"date":"2024-10-07T18:23:08","date_gmt":"2024-10-07T21:23:08","guid":{"rendered":"https:\/\/vocesparalelas.com.ar\/sitio\/?p=77691"},"modified":"2024-10-08T21:45:00","modified_gmt":"2024-10-09T00:45:00","slug":"el-rector-de-la-unsj-pidio-el-apoyo-a-los-diputados-nacionales-por-san-juan-a-la-ley-de-financiamiento-universitario","status":"publish","type":"post","link":"https:\/\/vocesparalelas.com.ar\/sitio\/el-rector-de-la-unsj-pidio-el-apoyo-a-los-diputados-nacionales-por-san-juan-a-la-ley-de-financiamiento-universitario\/","title":{"rendered":"El Rector de la UNSJ pidi\u00f3 el apoyo a los Diputados Nacionales por San Juan a la Ley de Financiamiento Universitario"},"content":{"rendered":"<p>El rector de la Universidad Nacional de San Juan, Ing. Tadeo Berenguer, recibi\u00f3 en su despacho a los diputados nacionales por San Juan, Walberto Allende y Jorge Chica, para intercambiar opiniones sobre el tratamiento del veto presidencial a la Ley de Financiamiento Universitario.<\/p>\n<p>Concretamente, el rector pidi\u00f3 el apoyo de los legisladores para la Ley mencionada, a lo que ambos respondieron afirmativamente, dejando claro su compromiso.<\/p>\n<p>Integrantes del equipo de la gesti\u00f3n de la UNSJ, acompa\u00f1\u00f3 al rector, proporcionando detalles a los diputados sobre la actual situaci\u00f3n financiera de la UNSJ, en lo acad\u00e9mico, cient\u00edfico y extensi\u00f3n universitaria.<\/p>\n<p>Durante el encuentro, los diputados nacionales por San Juan, Walberto Allende y Jorge Chica pidieron al rector\u00a0 aquella informaci\u00f3n que pueda ser de utilidad para sostener el punto durante el debate, a lo que la autoridad se comprometi\u00f3 a proporcionar.<\/p>\n<p>Al finalizar el encuentro, ambos diputados expresaron su preocupaci\u00f3n por la situaci\u00f3n reinante, teniendo en cuenta la amenaza del presidente Milei de judicializar la cuesti\u00f3n, en caso de que se alcancen los votos necesarios en Diputados para sostener la Ley de Financiamiento.<\/p>\n<p>&nbsp;<\/p>\n<p><img loading=\"lazy\" decoding=\"async\" class=\"alignnone size-full wp-image-54035\" src=\"https:\/\/vocesparalelas.com.ar\/sitio\/wp-content\/uploads\/2022\/11\/UNSJ-LOGO-10.jpg\" alt=\"\" width=\"800\" height=\"533\" srcset=\"https:\/\/vocesparalelas.com.ar\/sitio\/wp-content\/uploads\/2022\/11\/UNSJ-LOGO-10.jpg 800w, https:\/\/vocesparalelas.com.ar\/sitio\/wp-content\/uploads\/2022\/11\/UNSJ-LOGO-10-300x200.jpg 300w, https:\/\/vocesparalelas.com.ar\/sitio\/wp-content\/uploads\/2022\/11\/UNSJ-LOGO-10-768x512.jpg 768w\" sizes=\"auto, (max-width: 800px) 100vw, 800px\" \/><\/p>\n","protected":false},"excerpt":{"rendered":"<p>El rector de la Universidad Nacional de San Juan, Ing. Tadeo Berenguer, recibi\u00f3 en su despacho a los diputados nacionales<\/p>\n","protected":false},"author":3,"featured_media":77697,"comment_status":"closed","ping_status":"closed","sticky":false,"template":"","format":"standard","meta":{"_acf_changed":false,"_seopress_robots_primary_cat":"none","_seopress_titles_title":"","_seopress_titles_desc":"","_seopress_robots_index":"","colormag_page_container_layout":"default_layout","colormag_page_sidebar_layout":"default_layout","footnotes":""},"categories":[10],"tags":[],"class_list":["post-77691","post","type-post","status-publish","format-standard","has-post-thumbnail","hentry","category-opiniones"],"acf":[],"_links":{"self":[{"href":"https:\/\/vocesparalelas.com.ar\/sitio\/wp-json\/wp\/v2\/posts\/77691","targetHints":{"allow":["GET"]}}],"collection":[{"href":"https:\/\/vocesparalelas.com.ar\/sitio\/wp-json\/wp\/v2\/posts"}],"about":[{"href":"https:\/\/vocesparalelas.com.ar\/sitio\/wp-json\/wp\/v2\/types\/post"}],"author":[{"embeddable":true,"href":"https:\/\/vocesparalelas.com.ar\/sitio\/wp-json\/wp\/v2\/users\/3"}],"replies":[{"embeddable":true,"href":"https:\/\/vocesparalelas.com.ar\/sitio\/wp-json\/wp\/v2\/comments?post=77691"}],"version-history":[{"count":2,"href":"https:\/\/vocesparalelas.com.ar\/sitio\/wp-json\/wp\/v2\/posts\/77691\/revisions"}],"predecessor-version":[{"id":77696,"href":"https:\/\/vocesparalelas.com.ar\/sitio\/wp-json\/wp\/v2\/posts\/77691\/revisions\/77696"}],"wp:featuredmedia":[{"embeddable":true,"href":"https:\/\/vocesparalelas.com.ar\/sitio\/wp-json\/wp\/v2\/media\/77697"}],"wp:attachment":[{"href":"https:\/\/vocesparalelas.com.ar\/sitio\/wp-json\/wp\/v2\/media?parent=77691"}],"wp:term":[{"taxonomy":"category","embeddable":true,"href":"https:\/\/vocesparalelas.com.ar\/sitio\/wp-json\/wp\/v2\/categories?post=77691"},{"taxonomy":"post_tag","embeddable":true,"href":"https:\/\/vocesparalelas.com.ar\/sitio\/wp-json\/wp\/v2\/tags?post=77691"}],"curies":[{"name":"wp","href":"https:\/\/api.w.org\/{rel}","templated":true}]}}