{"id":77687,"date":"2024-10-10T12:28:32","date_gmt":"2024-10-10T15:28:32","guid":{"rendered":"https:\/\/vocesparalelas.com.ar\/sitio\/?p=77687"},"modified":"2024-10-10T20:52:38","modified_gmt":"2024-10-10T23:52:38","slug":"1-expo-outlet-provincial-en-rivadavia","status":"publish","type":"post","link":"https:\/\/vocesparalelas.com.ar\/sitio\/1-expo-outlet-provincial-en-rivadavia\/","title":{"rendered":"Se suspende hasta nuevo aviso la 1\u00b0 Expo Outlet Provincial en Rivadavia"},"content":{"rendered":"<p>El Viernes, 11; el S\u00e1bado, 12 y el Domingo, 13 de Octubre, a las 17 a 00 hs; en el Parque Rivadavia, se desarrolla el 1\u00b0 Expo Outlet Provincial.<\/p>\n<p>Participan 120 comerciantes provenientes de los diferentes departamentos de San Juan, con las ventas estar\u00e1 puesto en prendas para esta estaci\u00f3n y regalos para el D\u00eda de la Madre.<\/p>\n<p><iframe loading=\"lazy\" title=\"1\u00b0 EXPO OUTLET PROVINCIAL EN RIVADAVIA\" width=\"800\" height=\"450\" src=\"https:\/\/www.youtube.com\/embed\/bXKeLa9RyqA?feature=oembed\" frameborder=\"0\" allow=\"accelerometer; autoplay; clipboard-write; encrypted-media; gyroscope; picture-in-picture; web-share\" referrerpolicy=\"strict-origin-when-cross-origin\" allowfullscreen><\/iframe><\/p>\n<p>Adem\u00e1s, hay productos de temporada anterior con precios a costo y de la nueva con descuentos de hasta el 40%. Tambi\u00e9n, ofrecer\u00e1n una variada mercader\u00eda como es el caso de indumentaria, marroquiner\u00eda, calzado, perfumer\u00eda, entre otras.<\/p>\n<p>Durante las tres jornadas se puede disfrutar de show musicales y de un patio gastron\u00f3mico.<\/p>\n<p>Es importante se\u00f1alar que este evento est\u00e1 organizado por la C\u00e1mara de Comercio, Agroindustria y Turismo de Rawson y la C\u00e1mara de Comercio, Industria y Turismo de Mujeres de San Juan.<\/p>\n<p>Adem\u00e1s, cuenta con el apoyo del Ministerio de Producci\u00f3n, Trabajo e Innovaci\u00f3n, a trav\u00e9s de la Secretar\u00eda de Industria, Comercio y Servicios y la Municipalidad de Rivadavia.<\/p>\n<p>Aquellos comerciantes que est\u00e9n interesados en participar a\u00fan tienen tiempo para inscribirse deben comunicarse al contacto 2644196474.<\/p>\n<p><img loading=\"lazy\" decoding=\"async\" class=\"alignnone size-full wp-image-66896\" src=\"https:\/\/vocesparalelas.com.ar\/sitio\/wp-content\/uploads\/2023\/12\/RIVADAVIA-LOGO-NUEVO.jpg\" alt=\"\" width=\"800\" height=\"533\" srcset=\"https:\/\/vocesparalelas.com.ar\/sitio\/wp-content\/uploads\/2023\/12\/RIVADAVIA-LOGO-NUEVO.jpg 800w, https:\/\/vocesparalelas.com.ar\/sitio\/wp-content\/uploads\/2023\/12\/RIVADAVIA-LOGO-NUEVO-300x200.jpg 300w, https:\/\/vocesparalelas.com.ar\/sitio\/wp-content\/uploads\/2023\/12\/RIVADAVIA-LOGO-NUEVO-768x512.jpg 768w\" sizes=\"auto, (max-width: 800px) 100vw, 800px\" \/><\/p>\n","protected":false},"excerpt":{"rendered":"<p>El Viernes, 11; el S\u00e1bado, 12 y el Domingo, 13 de Octubre, a las 17 a 00 hs; en el<\/p>\n","protected":false},"author":3,"featured_media":15197,"comment_status":"closed","ping_status":"closed","sticky":false,"template":"","format":"standard","meta":{"_acf_changed":false,"_seopress_robots_primary_cat":"none","_seopress_titles_title":"","_seopress_titles_desc":"","_seopress_robots_index":"","colormag_page_container_layout":"default_layout","colormag_page_sidebar_layout":"default_layout","footnotes":""},"categories":[6,7],"tags":[],"class_list":["post-77687","post","type-post","status-publish","format-standard","has-post-thumbnail","hentry","category-eventos","category-videos"],"acf":[],"_links":{"self":[{"href":"https:\/\/vocesparalelas.com.ar\/sitio\/wp-json\/wp\/v2\/posts\/77687","targetHints":{"allow":["GET"]}}],"collection":[{"href":"https:\/\/vocesparalelas.com.ar\/sitio\/wp-json\/wp\/v2\/posts"}],"about":[{"href":"https:\/\/vocesparalelas.com.ar\/sitio\/wp-json\/wp\/v2\/types\/post"}],"author":[{"embeddable":true,"href":"https:\/\/vocesparalelas.com.ar\/sitio\/wp-json\/wp\/v2\/users\/3"}],"replies":[{"embeddable":true,"href":"https:\/\/vocesparalelas.com.ar\/sitio\/wp-json\/wp\/v2\/comments?post=77687"}],"version-history":[{"count":2,"href":"https:\/\/vocesparalelas.com.ar\/sitio\/wp-json\/wp\/v2\/posts\/77687\/revisions"}],"predecessor-version":[{"id":77859,"href":"https:\/\/vocesparalelas.com.ar\/sitio\/wp-json\/wp\/v2\/posts\/77687\/revisions\/77859"}],"wp:featuredmedia":[{"embeddable":true,"href":"https:\/\/vocesparalelas.com.ar\/sitio\/wp-json\/wp\/v2\/media\/15197"}],"wp:attachment":[{"href":"https:\/\/vocesparalelas.com.ar\/sitio\/wp-json\/wp\/v2\/media?parent=77687"}],"wp:term":[{"taxonomy":"category","embeddable":true,"href":"https:\/\/vocesparalelas.com.ar\/sitio\/wp-json\/wp\/v2\/categories?post=77687"},{"taxonomy":"post_tag","embeddable":true,"href":"https:\/\/vocesparalelas.com.ar\/sitio\/wp-json\/wp\/v2\/tags?post=77687"}],"curies":[{"name":"wp","href":"https:\/\/api.w.org\/{rel}","templated":true}]}}